{"id":379,"date":"2024-11-13T21:10:10","date_gmt":"2024-11-13T19:10:10","guid":{"rendered":"\/lamina2025\/?p=379"},"modified":"2024-11-13T21:10:10","modified_gmt":"2024-11-13T19:10:10","slug":"comencem-a-ballar","status":"publish","type":"post","link":"\/lamina2025\/comencem-a-ballar\/","title":{"rendered":"Comencem a ballar!"},"content":{"rendered":"\n<p class=\"wp-block-paragraph\">Avui, 8 d&#8217;octubre, hem comen\u00e7at el projecte en Resid\u00e8ncia amb l\u2019Agn\u00e8s i l\u2019H\u00e8ctor, que s\u00f3n artistes i professionals del ball. Ha estat una sessi\u00f3 molt divertida i plena de moviment!<\/p>\n\n\n\n<p class=\"wp-block-paragraph\">Amb l&#8217;Agn\u00e8s hem apr\u00e8s alguns passos i hem fet jocs per con\u00e8ixer-nos millor. A trav\u00e9s de la dansa i aquests petits exercicis, hem comen\u00e7at a sentir-nos m\u00e9s c\u00f2modes entre nosaltres i a expressar-nos amb m\u00e9s llibertat. Despr\u00e9s, amb l\u2019H\u00e8ctor,  hem apr\u00e8s a fer mortals!<\/p>\n\n\n\n<p class=\"wp-block-paragraph\">Aix\u00f2 nom\u00e9s \u00e9s el comen\u00e7ament del projecte, i ja tenim ganes de veure qu\u00e8 m\u00e9s descobrirem!<\/p>\n\n\n<div class=\"wp-block-image\">\n<figure class=\"aligncenter size-large is-resized\"><img loading=\"lazy\" decoding=\"async\" width=\"1024\" height=\"768\" src=\"\/lamina2025\/wp-content\/uploads\/2024\/11\/IMG_3535-1-1-1024x768.jpg\" alt=\"\" class=\"wp-image-384\" style=\"width:574px;height:auto\" srcset=\"\/lamina2025\/wp-content\/uploads\/2024\/11\/IMG_3535-1-1-1024x768.jpg 1024w, \/lamina2025\/wp-content\/uploads\/2024\/11\/IMG_3535-1-1-300x225.jpg 300w, \/lamina2025\/wp-content\/uploads\/2024\/11\/IMG_3535-1-1-768x576.jpg 768w, \/lamina2025\/wp-content\/uploads\/2024\/11\/IMG_3535-1-1-1536x1152.jpg 1536w, \/lamina2025\/wp-content\/uploads\/2024\/11\/IMG_3535-1-1-2048x1536.jpg 2048w\" sizes=\"auto, (max-width: 767px) 89vw, (max-width: 1000px) 54vw, (max-width: 1071px) 543px, 580px\" \/><\/figure>\n<\/div>\n\n<div class=\"wp-block-image\">\n<figure class=\"aligncenter size-large is-resized\"><img loading=\"lazy\" decoding=\"async\" width=\"1024\" height=\"768\" src=\"\/lamina2025\/wp-content\/uploads\/2024\/11\/IMG_3598-1024x768.jpg\" alt=\"\" class=\"wp-image-382\" style=\"width:597px;height:auto\" srcset=\"\/lamina2025\/wp-content\/uploads\/2024\/11\/IMG_3598-1024x768.jpg 1024w, \/lamina2025\/wp-content\/uploads\/2024\/11\/IMG_3598-300x225.jpg 300w, \/lamina2025\/wp-content\/uploads\/2024\/11\/IMG_3598-768x576.jpg 768w, \/lamina2025\/wp-content\/uploads\/2024\/11\/IMG_3598-1536x1152.jpg 1536w, \/lamina2025\/wp-content\/uploads\/2024\/11\/IMG_3598-2048x1536.jpg 2048w\" sizes=\"auto, (max-width: 767px) 89vw, (max-width: 1000px) 54vw, (max-width: 1071px) 543px, 580px\" \/><\/figure>\n<\/div>","protected":false},"excerpt":{"rendered":"<p>Avui, 8 d&#8217;octubre, hem comen\u00e7at el projecte en Resid\u00e8ncia amb l\u2019Agn\u00e8s i l\u2019H\u00e8ctor, que s\u00f3n artistes i professionals del ball. Ha estat una sessi\u00f3 molt divertida i plena de moviment! Amb l&#8217;Agn\u00e8s hem apr\u00e8s alguns passos i hem fet jocs per con\u00e8ixer-nos millor. A trav\u00e9s de la dansa i aquests petits exercicis, hem comen\u00e7at a &hellip; <\/p>\n<p class=\"link-more\"><a href=\"\/lamina2025\/comencem-a-ballar\/\" class=\"more-link\">Continua llegint <span class=\"screen-reader-text\">\u00abComencem a ballar!\u00bb<\/span><\/a><\/p>\n","protected":false},"author":15,"featured_media":0,"comment_status":"open","ping_status":"open","sticky":false,"template":"","format":"standard","meta":{"footnotes":""},"categories":[1],"tags":[],"class_list":["post-379","post","type-post","status-publish","format-standard","hentry","category-general"],"_links":{"self":[{"href":"\/lamina2025\/wp-json\/wp\/v2\/posts\/379","targetHints":{"allow":["GET"]}}],"collection":[{"href":"\/lamina2025\/wp-json\/wp\/v2\/posts"}],"about":[{"href":"\/lamina2025\/wp-json\/wp\/v2\/types\/post"}],"author":[{"embeddable":true,"href":"\/lamina2025\/wp-json\/wp\/v2\/users\/15"}],"replies":[{"embeddable":true,"href":"\/lamina2025\/wp-json\/wp\/v2\/comments?post=379"}],"version-history":[{"count":2,"href":"\/lamina2025\/wp-json\/wp\/v2\/posts\/379\/revisions"}],"predecessor-version":[{"id":385,"href":"\/lamina2025\/wp-json\/wp\/v2\/posts\/379\/revisions\/385"}],"wp:attachment":[{"href":"\/lamina2025\/wp-json\/wp\/v2\/media?parent=379"}],"wp:term":[{"taxonomy":"category","embeddable":true,"href":"\/lamina2025\/wp-json\/wp\/v2\/categories?post=379"},{"taxonomy":"post_tag","embeddable":true,"href":"\/lamina2025\/wp-json\/wp\/v2\/tags?post=379"}],"curies":[{"name":"wp","href":"https:\/\/api.w.org\/{rel}","templated":true}]}}