{"id":392,"date":"2025-01-10T11:59:33","date_gmt":"2025-01-10T09:59:33","guid":{"rendered":"\/lamina2025\/?p=392"},"modified":"2025-01-19T18:46:19","modified_gmt":"2025-01-19T16:46:19","slug":"un-dia-diferent-amb-hector-i-agnes","status":"publish","type":"post","link":"\/lamina2025\/un-dia-diferent-amb-hector-i-agnes\/","title":{"rendered":"Un dia diferent amb H\u00e9ctor i Agn\u00e9s"},"content":{"rendered":"\n<p class=\"wp-block-paragraph\">El dimarts 3 de desembre vam anar a la <strong>fabrica Fabra i Coats <\/strong>, vam descobrir un espai creatiu on treballen diferents artistes i vam gaudir de dues actuacions de dansa contempor\u00e0nia. La pe\u00e7a de l&#8217;H\u00e9ctor i l&#8217;Agn\u00e9s ens va fascinar!<\/p>\n\n\n\n<figure class=\"wp-block-gallery has-nested-images columns-default is-cropped wp-block-gallery-1 is-layout-flex wp-block-gallery-is-layout-flex\">\n<figure class=\"wp-block-image size-large\"><img loading=\"lazy\" decoding=\"async\" width=\"768\" height=\"1024\" data-id=\"409\" src=\"\/lamina2025\/wp-content\/uploads\/2025\/01\/3a5434e0-b27d-4713-9ecd-9567be76d259-1-768x1024.jpg\" alt=\"\" class=\"wp-image-409\" srcset=\"\/lamina2025\/wp-content\/uploads\/2025\/01\/3a5434e0-b27d-4713-9ecd-9567be76d259-1-768x1024.jpg 768w, \/lamina2025\/wp-content\/uploads\/2025\/01\/3a5434e0-b27d-4713-9ecd-9567be76d259-1-225x300.jpg 225w, \/lamina2025\/wp-content\/uploads\/2025\/01\/3a5434e0-b27d-4713-9ecd-9567be76d259-1-1152x1536.jpg 1152w, \/lamina2025\/wp-content\/uploads\/2025\/01\/3a5434e0-b27d-4713-9ecd-9567be76d259-1.jpg 1200w\" sizes=\"auto, (max-width: 767px) 89vw, (max-width: 1000px) 54vw, (max-width: 1071px) 543px, 580px\" \/><\/figure>\n\n\n\n<figure class=\"wp-block-image size-large\"><img loading=\"lazy\" decoding=\"async\" width=\"768\" height=\"1024\" data-id=\"411\" src=\"\/lamina2025\/wp-content\/uploads\/2025\/01\/IMG_4839-1-1-768x1024.jpg\" alt=\"\" class=\"wp-image-411\" srcset=\"\/lamina2025\/wp-content\/uploads\/2025\/01\/IMG_4839-1-1-768x1024.jpg 768w, \/lamina2025\/wp-content\/uploads\/2025\/01\/IMG_4839-1-1-225x300.jpg 225w, \/lamina2025\/wp-content\/uploads\/2025\/01\/IMG_4839-1-1-1152x1536.jpg 1152w, \/lamina2025\/wp-content\/uploads\/2025\/01\/IMG_4839-1-1-1536x2048.jpg 1536w, \/lamina2025\/wp-content\/uploads\/2025\/01\/IMG_4839-1-1-scaled.jpg 1920w\" sizes=\"auto, (max-width: 767px) 89vw, (max-width: 1000px) 54vw, (max-width: 1071px) 543px, 580px\" \/><\/figure>\n<\/figure>\n\n\n\n<figure class=\"wp-block-image size-large\"><img loading=\"lazy\" decoding=\"async\" width=\"1024\" height=\"768\" src=\"\/lamina2025\/wp-content\/uploads\/2025\/01\/IMG_4805-3-1-1024x768.jpg\" alt=\"\" class=\"wp-image-412\" srcset=\"\/lamina2025\/wp-content\/uploads\/2025\/01\/IMG_4805-3-1-1024x768.jpg 1024w, \/lamina2025\/wp-content\/uploads\/2025\/01\/IMG_4805-3-1-300x225.jpg 300w, \/lamina2025\/wp-content\/uploads\/2025\/01\/IMG_4805-3-1-768x576.jpg 768w, \/lamina2025\/wp-content\/uploads\/2025\/01\/IMG_4805-3-1-1536x1152.jpg 1536w, \/lamina2025\/wp-content\/uploads\/2025\/01\/IMG_4805-3-1-2048x1536.jpg 2048w\" sizes=\"auto, (max-width: 767px) 89vw, (max-width: 1000px) 54vw, (max-width: 1071px) 543px, 580px\" \/><\/figure>\n","protected":false},"excerpt":{"rendered":"<p>El dimarts 3 de desembre vam anar a la fabrica Fabra i Coats , vam descobrir un espai creatiu on treballen diferents artistes i vam gaudir de dues actuacions de dansa contempor\u00e0nia. La pe\u00e7a de l&#8217;H\u00e9ctor i l&#8217;Agn\u00e9s ens va fascinar!<\/p>\n","protected":false},"author":16,"featured_media":0,"comment_status":"open","ping_status":"open","sticky":false,"template":"","format":"standard","meta":{"footnotes":""},"categories":[1],"tags":[],"class_list":["post-392","post","type-post","status-publish","format-standard","hentry","category-general"],"_links":{"self":[{"href":"\/lamina2025\/wp-json\/wp\/v2\/posts\/392","targetHints":{"allow":["GET"]}}],"collection":[{"href":"\/lamina2025\/wp-json\/wp\/v2\/posts"}],"about":[{"href":"\/lamina2025\/wp-json\/wp\/v2\/types\/post"}],"author":[{"embeddable":true,"href":"\/lamina2025\/wp-json\/wp\/v2\/users\/16"}],"replies":[{"embeddable":true,"href":"\/lamina2025\/wp-json\/wp\/v2\/comments?post=392"}],"version-history":[{"count":3,"href":"\/lamina2025\/wp-json\/wp\/v2\/posts\/392\/revisions"}],"predecessor-version":[{"id":413,"href":"\/lamina2025\/wp-json\/wp\/v2\/posts\/392\/revisions\/413"}],"wp:attachment":[{"href":"\/lamina2025\/wp-json\/wp\/v2\/media?parent=392"}],"wp:term":[{"taxonomy":"category","embeddable":true,"href":"\/lamina2025\/wp-json\/wp\/v2\/categories?post=392"},{"taxonomy":"post_tag","embeddable":true,"href":"\/lamina2025\/wp-json\/wp\/v2\/tags?post=392"}],"curies":[{"name":"wp","href":"https:\/\/api.w.org\/{rel}","templated":true}]}}