{"id":447,"date":"2025-02-21T11:08:48","date_gmt":"2025-02-21T09:08:48","guid":{"rendered":"\/lamina2025\/?p=447"},"modified":"2025-03-31T11:14:49","modified_gmt":"2025-03-31T09:14:49","slug":"preparacio-de-la-mostra","status":"publish","type":"post","link":"\/lamina2025\/preparacio-de-la-mostra\/","title":{"rendered":"Preparaci\u00f3 de la mostra"},"content":{"rendered":"\n<p class=\"wp-block-paragraph\">Bon dia, hola a tothom! A la fotografia som l&#8217;alumnat de l&#8217;Aula Oberta, els artistes l&#8217;Hector i l&#8217;Agn\u00e8s, i tamb\u00e9 les nostres professores, la Irene i l&#8217;Andrea. Els meus companys i companyes presentarem una petita mostra del que hem anat treballant al llarg d&#8217;aquests quatre mesos amb l&#8217;Hector i l&#8217;Agn\u00e8s. Ha estat un proc\u00e9s complicat, per\u00f2 al llarg de les sessions hem guanyat confian\u00e7a i seguretat per poder treballar els exercicis i la coreografia. Hem apr\u00e8s a observar els nostres companys i companyes, a expressar-nos amb el cos i a fer un bon equip. Per \u00faltim, volem donar les gr\u00e0cies a l&#8217;Agn\u00e8s i l&#8217;Hector per la seva implicaci\u00f3 i paci\u00e8ncia en totes les sessions.<\/p>\n\n\n\n<figure class=\"wp-block-image size-large\"><img loading=\"lazy\" decoding=\"async\" width=\"1024\" height=\"576\" src=\"\/lamina2025\/wp-content\/uploads\/2025\/03\/PHOTO-2025-02-11-16-20-31-1-1024x576.jpg\" alt=\"\" class=\"wp-image-449\" srcset=\"\/lamina2025\/wp-content\/uploads\/2025\/03\/PHOTO-2025-02-11-16-20-31-1-1024x576.jpg 1024w, \/lamina2025\/wp-content\/uploads\/2025\/03\/PHOTO-2025-02-11-16-20-31-1-300x169.jpg 300w, \/lamina2025\/wp-content\/uploads\/2025\/03\/PHOTO-2025-02-11-16-20-31-1-768x432.jpg 768w, \/lamina2025\/wp-content\/uploads\/2025\/03\/PHOTO-2025-02-11-16-20-31-1-1536x864.jpg 1536w, \/lamina2025\/wp-content\/uploads\/2025\/03\/PHOTO-2025-02-11-16-20-31-1.jpg 1599w\" sizes=\"auto, (max-width: 767px) 89vw, (max-width: 1000px) 54vw, (max-width: 1071px) 543px, 580px\" \/><\/figure>\n","protected":false},"excerpt":{"rendered":"<p>Bon dia, hola a tothom! A la fotografia som l&#8217;alumnat de l&#8217;Aula Oberta, els artistes l&#8217;Hector i l&#8217;Agn\u00e8s, i tamb\u00e9 les nostres professores, la Irene i l&#8217;Andrea. Els meus companys i companyes presentarem una petita mostra del que hem anat treballant al llarg d&#8217;aquests quatre mesos amb l&#8217;Hector i l&#8217;Agn\u00e8s. Ha estat un proc\u00e9s complicat, &hellip; <\/p>\n<p class=\"link-more\"><a href=\"\/lamina2025\/preparacio-de-la-mostra\/\" class=\"more-link\">Continua llegint <span class=\"screen-reader-text\">\u00abPreparaci\u00f3 de la mostra\u00bb<\/span><\/a><\/p>\n","protected":false},"author":15,"featured_media":0,"comment_status":"open","ping_status":"open","sticky":false,"template":"","format":"standard","meta":{"footnotes":""},"categories":[1],"tags":[],"class_list":["post-447","post","type-post","status-publish","format-standard","hentry","category-general"],"_links":{"self":[{"href":"\/lamina2025\/wp-json\/wp\/v2\/posts\/447","targetHints":{"allow":["GET"]}}],"collection":[{"href":"\/lamina2025\/wp-json\/wp\/v2\/posts"}],"about":[{"href":"\/lamina2025\/wp-json\/wp\/v2\/types\/post"}],"author":[{"embeddable":true,"href":"\/lamina2025\/wp-json\/wp\/v2\/users\/15"}],"replies":[{"embeddable":true,"href":"\/lamina2025\/wp-json\/wp\/v2\/comments?post=447"}],"version-history":[{"count":1,"href":"\/lamina2025\/wp-json\/wp\/v2\/posts\/447\/revisions"}],"predecessor-version":[{"id":450,"href":"\/lamina2025\/wp-json\/wp\/v2\/posts\/447\/revisions\/450"}],"wp:attachment":[{"href":"\/lamina2025\/wp-json\/wp\/v2\/media?parent=447"}],"wp:term":[{"taxonomy":"category","embeddable":true,"href":"\/lamina2025\/wp-json\/wp\/v2\/categories?post=447"},{"taxonomy":"post_tag","embeddable":true,"href":"\/lamina2025\/wp-json\/wp\/v2\/tags?post=447"}],"curies":[{"name":"wp","href":"https:\/\/api.w.org\/{rel}","templated":true}]}}