{"id":451,"date":"2025-03-13T11:14:57","date_gmt":"2025-03-13T09:14:57","guid":{"rendered":"\/lamina2025\/?p=451"},"modified":"2025-04-22T11:39:25","modified_gmt":"2025-04-22T09:39:25","slug":"el-dia-de-la-mostra","status":"publish","type":"post","link":"\/lamina2025\/el-dia-de-la-mostra\/","title":{"rendered":"El dia de la mostra"},"content":{"rendered":"\n<p class=\"wp-block-paragraph\">El dia de la mostra va ser molt emocionant! Est\u00e0vem molt nerviosos i nervioses perqu\u00e8 hi havia molta gent que no coneix\u00edem i no sab\u00edem si ens sortiria com hav\u00edem practicat. Cadascun de nosaltres va participar a la seva manera: l&#8217;Adelina posava la m\u00fasica, el David, el Rafa i el Joaqu\u00edn van presentar el projecte i van donar la benvinguda. La Lizzeth, el Cristian, la Nayara, el Dani, el Kiko i la Warda van estar molt implicats i van ballar la coreografia. Per acabar, vam fer una xerrada entre nosaltres i les persones que ens van venir a veure, i vam gaudir d&#8217;un pica-pica!<\/p>\n\n\n\n<figure class=\"wp-block-gallery has-nested-images columns-default is-cropped wp-block-gallery-1 is-layout-flex wp-block-gallery-is-layout-flex\">\n<figure class=\"wp-block-image size-large\"><img loading=\"lazy\" decoding=\"async\" width=\"1024\" height=\"683\" data-id=\"456\" src=\"\/lamina2025\/wp-content\/uploads\/2025\/03\/foto3-1024x683.jpg\" alt=\"\" class=\"wp-image-456\" srcset=\"\/lamina2025\/wp-content\/uploads\/2025\/03\/foto3-1024x683.jpg 1024w, \/lamina2025\/wp-content\/uploads\/2025\/03\/foto3-300x200.jpg 300w, \/lamina2025\/wp-content\/uploads\/2025\/03\/foto3-768x512.jpg 768w, \/lamina2025\/wp-content\/uploads\/2025\/03\/foto3-1536x1024.jpg 1536w, \/lamina2025\/wp-content\/uploads\/2025\/03\/foto3-2048x1365.jpg 2048w\" sizes=\"auto, (max-width: 767px) 89vw, (max-width: 1000px) 54vw, (max-width: 1071px) 543px, 580px\" \/><\/figure>\n\n\n\n<figure class=\"wp-block-image size-large\"><img loading=\"lazy\" decoding=\"async\" width=\"1024\" height=\"683\" data-id=\"454\" src=\"\/lamina2025\/wp-content\/uploads\/2025\/03\/foto5-1024x683.jpg\" alt=\"\" class=\"wp-image-454\" srcset=\"\/lamina2025\/wp-content\/uploads\/2025\/03\/foto5-1024x683.jpg 1024w, \/lamina2025\/wp-content\/uploads\/2025\/03\/foto5-300x200.jpg 300w, \/lamina2025\/wp-content\/uploads\/2025\/03\/foto5-768x512.jpg 768w, \/lamina2025\/wp-content\/uploads\/2025\/03\/foto5-1536x1024.jpg 1536w, \/lamina2025\/wp-content\/uploads\/2025\/03\/foto5-2048x1365.jpg 2048w\" sizes=\"auto, (max-width: 767px) 89vw, (max-width: 1000px) 54vw, (max-width: 1071px) 543px, 580px\" \/><\/figure>\n\n\n\n<figure class=\"wp-block-image size-large\"><img loading=\"lazy\" decoding=\"async\" width=\"1024\" height=\"683\" data-id=\"455\" src=\"\/lamina2025\/wp-content\/uploads\/2025\/03\/foto2-1024x683.jpg\" alt=\"\" class=\"wp-image-455\" srcset=\"\/lamina2025\/wp-content\/uploads\/2025\/03\/foto2-1024x683.jpg 1024w, \/lamina2025\/wp-content\/uploads\/2025\/03\/foto2-300x200.jpg 300w, \/lamina2025\/wp-content\/uploads\/2025\/03\/foto2-768x512.jpg 768w, \/lamina2025\/wp-content\/uploads\/2025\/03\/foto2-1536x1024.jpg 1536w, \/lamina2025\/wp-content\/uploads\/2025\/03\/foto2-2048x1365.jpg 2048w\" sizes=\"auto, (max-width: 767px) 89vw, (max-width: 1000px) 54vw, (max-width: 1071px) 543px, 580px\" \/><\/figure>\n\n\n\n<figure class=\"wp-block-image size-large\"><img loading=\"lazy\" decoding=\"async\" width=\"1024\" height=\"683\" data-id=\"452\" src=\"\/lamina2025\/wp-content\/uploads\/2025\/03\/foto1-1024x683.jpeg\" alt=\"\" class=\"wp-image-452\" srcset=\"\/lamina2025\/wp-content\/uploads\/2025\/03\/foto1-1024x683.jpeg 1024w, \/lamina2025\/wp-content\/uploads\/2025\/03\/foto1-300x200.jpeg 300w, \/lamina2025\/wp-content\/uploads\/2025\/03\/foto1-768x512.jpeg 768w, \/lamina2025\/wp-content\/uploads\/2025\/03\/foto1-1536x1024.jpeg 1536w, \/lamina2025\/wp-content\/uploads\/2025\/03\/foto1-2048x1365.jpeg 2048w\" sizes=\"auto, (max-width: 767px) 89vw, (max-width: 1000px) 54vw, (max-width: 1071px) 543px, 580px\" \/><\/figure>\n<\/figure>\n","protected":false},"excerpt":{"rendered":"<p>El dia de la mostra va ser molt emocionant! Est\u00e0vem molt nerviosos i nervioses perqu\u00e8 hi havia molta gent que no coneix\u00edem i no sab\u00edem si ens sortiria com hav\u00edem practicat. Cadascun de nosaltres va participar a la seva manera: l&#8217;Adelina posava la m\u00fasica, el David, el Rafa i el Joaqu\u00edn van presentar el projecte &hellip; <\/p>\n<p class=\"link-more\"><a href=\"\/lamina2025\/el-dia-de-la-mostra\/\" class=\"more-link\">Continua llegint <span class=\"screen-reader-text\">\u00abEl dia de la mostra\u00bb<\/span><\/a><\/p>\n","protected":false},"author":15,"featured_media":0,"comment_status":"open","ping_status":"open","sticky":false,"template":"","format":"standard","meta":{"footnotes":""},"categories":[1],"tags":[],"class_list":["post-451","post","type-post","status-publish","format-standard","hentry","category-general"],"_links":{"self":[{"href":"\/lamina2025\/wp-json\/wp\/v2\/posts\/451","targetHints":{"allow":["GET"]}}],"collection":[{"href":"\/lamina2025\/wp-json\/wp\/v2\/posts"}],"about":[{"href":"\/lamina2025\/wp-json\/wp\/v2\/types\/post"}],"author":[{"embeddable":true,"href":"\/lamina2025\/wp-json\/wp\/v2\/users\/15"}],"replies":[{"embeddable":true,"href":"\/lamina2025\/wp-json\/wp\/v2\/comments?post=451"}],"version-history":[{"count":2,"href":"\/lamina2025\/wp-json\/wp\/v2\/posts\/451\/revisions"}],"predecessor-version":[{"id":466,"href":"\/lamina2025\/wp-json\/wp\/v2\/posts\/451\/revisions\/466"}],"wp:attachment":[{"href":"\/lamina2025\/wp-json\/wp\/v2\/media?parent=451"}],"wp:term":[{"taxonomy":"category","embeddable":true,"href":"\/lamina2025\/wp-json\/wp\/v2\/categories?post=451"},{"taxonomy":"post_tag","embeddable":true,"href":"\/lamina2025\/wp-json\/wp\/v2\/tags?post=451"}],"curies":[{"name":"wp","href":"https:\/\/api.w.org\/{rel}","templated":true}]}}