{"id":471,"date":"2025-05-22T08:41:33","date_gmt":"2025-05-22T06:41:33","guid":{"rendered":"\/lamina2025\/?p=471"},"modified":"2025-05-23T08:22:37","modified_gmt":"2025-05-23T06:22:37","slug":"pa-que-lo-baile-la-warda","status":"publish","type":"post","link":"\/lamina2025\/pa-que-lo-baile-la-warda\/","title":{"rendered":"Pa que lo baile la Warda!"},"content":{"rendered":"\n<p class=\"wp-block-paragraph\">Tots i totes hem participat al ball de la preparaci\u00f3 pel dia de la mostra el 10 de juny de 2025. Hem creat una part nova a la mostra, on la nostra companya, la Warda, fa un ball anomenat \u00abDIL BAR\u00bb i ho ha fet molt b\u00e9! Despr\u00e9s, hem fet una acrob\u00e0cia amb la meva amiga Adelina i el meu amic Kiko i ens ha quedat super b\u00e9. Estem molt contents per com est\u00e0 quedant!<\/p>\n\n\n\n<figure class=\"wp-block-gallery has-nested-images columns-default is-cropped wp-block-gallery-1 is-layout-flex wp-block-gallery-is-layout-flex\">\n<figure class=\"wp-block-image size-large\"><img loading=\"lazy\" decoding=\"async\" width=\"1024\" height=\"768\" data-id=\"472\" src=\"\/lamina2025\/wp-content\/uploads\/2025\/05\/IMG_8045-1-1024x768.jpeg\" alt=\"\" class=\"wp-image-472\" srcset=\"\/lamina2025\/wp-content\/uploads\/2025\/05\/IMG_8045-1-1024x768.jpeg 1024w, \/lamina2025\/wp-content\/uploads\/2025\/05\/IMG_8045-1-300x225.jpeg 300w, \/lamina2025\/wp-content\/uploads\/2025\/05\/IMG_8045-1-768x576.jpeg 768w, \/lamina2025\/wp-content\/uploads\/2025\/05\/IMG_8045-1-1536x1152.jpeg 1536w, \/lamina2025\/wp-content\/uploads\/2025\/05\/IMG_8045-1-2048x1536.jpeg 2048w\" sizes=\"auto, (max-width: 767px) 89vw, (max-width: 1000px) 54vw, (max-width: 1071px) 543px, 580px\" \/><\/figure>\n\n\n\n<figure class=\"wp-block-image size-large\"><img loading=\"lazy\" decoding=\"async\" width=\"1024\" height=\"768\" data-id=\"473\" src=\"\/lamina2025\/wp-content\/uploads\/2025\/05\/IMG_5372-1-1024x768.jpg\" alt=\"\" class=\"wp-image-473\" srcset=\"\/lamina2025\/wp-content\/uploads\/2025\/05\/IMG_5372-1-1024x768.jpg 1024w, \/lamina2025\/wp-content\/uploads\/2025\/05\/IMG_5372-1-300x225.jpg 300w, \/lamina2025\/wp-content\/uploads\/2025\/05\/IMG_5372-1-768x576.jpg 768w, \/lamina2025\/wp-content\/uploads\/2025\/05\/IMG_5372-1-1536x1152.jpg 1536w, \/lamina2025\/wp-content\/uploads\/2025\/05\/IMG_5372-1-2048x1536.jpg 2048w\" sizes=\"auto, (max-width: 767px) 89vw, (max-width: 1000px) 54vw, (max-width: 1071px) 543px, 580px\" \/><\/figure>\n<\/figure>\n","protected":false},"excerpt":{"rendered":"<p>Tots i totes hem participat al ball de la preparaci\u00f3 pel dia de la mostra el 10 de juny de 2025. Hem creat una part nova a la mostra, on la nostra companya, la Warda, fa un ball anomenat \u00abDIL BAR\u00bb i ho ha fet molt b\u00e9! Despr\u00e9s, hem fet una acrob\u00e0cia amb la meva &hellip; <\/p>\n<p class=\"link-more\"><a href=\"\/lamina2025\/pa-que-lo-baile-la-warda\/\" class=\"more-link\">Continua llegint <span class=\"screen-reader-text\">\u00abPa que lo baile la Warda!\u00bb<\/span><\/a><\/p>\n","protected":false},"author":15,"featured_media":0,"comment_status":"open","ping_status":"open","sticky":false,"template":"","format":"standard","meta":{"footnotes":""},"categories":[1],"tags":[],"class_list":["post-471","post","type-post","status-publish","format-standard","hentry","category-general"],"_links":{"self":[{"href":"\/lamina2025\/wp-json\/wp\/v2\/posts\/471","targetHints":{"allow":["GET"]}}],"collection":[{"href":"\/lamina2025\/wp-json\/wp\/v2\/posts"}],"about":[{"href":"\/lamina2025\/wp-json\/wp\/v2\/types\/post"}],"author":[{"embeddable":true,"href":"\/lamina2025\/wp-json\/wp\/v2\/users\/15"}],"replies":[{"embeddable":true,"href":"\/lamina2025\/wp-json\/wp\/v2\/comments?post=471"}],"version-history":[{"count":2,"href":"\/lamina2025\/wp-json\/wp\/v2\/posts\/471\/revisions"}],"predecessor-version":[{"id":475,"href":"\/lamina2025\/wp-json\/wp\/v2\/posts\/471\/revisions\/475"}],"wp:attachment":[{"href":"\/lamina2025\/wp-json\/wp\/v2\/media?parent=471"}],"wp:term":[{"taxonomy":"category","embeddable":true,"href":"\/lamina2025\/wp-json\/wp\/v2\/categories?post=471"},{"taxonomy":"post_tag","embeddable":true,"href":"\/lamina2025\/wp-json\/wp\/v2\/tags?post=471"}],"curies":[{"name":"wp","href":"https:\/\/api.w.org\/{rel}","templated":true}]}}