{"id":478,"date":"2025-06-16T10:36:19","date_gmt":"2025-06-16T08:36:19","guid":{"rendered":"\/lamina2025\/?p=478"},"modified":"2025-06-19T10:59:23","modified_gmt":"2025-06-19T08:59:23","slug":"no-por-bandera","status":"publish","type":"post","link":"\/lamina2025\/no-por-bandera\/","title":{"rendered":"\u00abNo por bandera\u00bb"},"content":{"rendered":"\n<p class=\"wp-block-paragraph\">Hola a tothom!&nbsp;<\/p>\n\n\n\n<p class=\"wp-block-paragraph\">Volem compartir amb vosaltres el cam\u00ed que hem fet durant aquest curs amb el projecte en resid\u00e8ncia.&nbsp;<\/p>\n\n\n\n<p class=\"wp-block-paragraph\">Ha estat un cam\u00ed ple de reptes i aprenentatges, i tot i que no ha estat f\u00e0cil, estem molt orgullosos i orgulloses del que hem aconseguit. Des del principi vam treballar molt la cohesi\u00f3 de grup a trav\u00e9s de diferents jocs i sortides, on l\u2019esfor\u00e7 i l&#8217;expressi\u00f3 corporal van ser fonamentals.&nbsp;<\/p>\n\n\n\n<p class=\"wp-block-paragraph\">Els artistes del projecte en resid\u00e8ncia, l\u2019H\u00e8ctor i Agn\u00e8s, ens han ensenyat experi\u00e8ncies art\u00edstiques de dansa urbana amb acrob\u00e0cies i diferents coreografies. Tamb\u00e9 hem apr\u00e8s a treballar en equip. Tot el grup creiem que ha estat un proc\u00e9s molt emocionant.<\/p>\n\n\n\n<p class=\"wp-block-paragraph\">Agra\u00efm a les persones que s\u2019han implicat en el projecte i la gran paci\u00e8ncia que han tingut.<\/p>\n\n\n\n<p class=\"wp-block-paragraph\"><\/p>\n\n\n\n<p class=\"has-text-align-center wp-block-paragraph\"><strong><em>Qu\u00e8 ens emportem del projecte En Resid\u00e8ncia? Qu\u00e8 hem apr\u00e8s? <\/em><\/strong><\/p>\n\n\n\n<p class=\"wp-block-paragraph\"><strong>Kiko: <\/strong><em>M&#8217;emporto uns bons amics con l&#8217;H\u00e9ctor i l&#8217;Agn\u00e8s. He apr\u00e8s a ballar.<\/em><\/p>\n\n\n\n<p class=\"wp-block-paragraph\"><strong>Saray<\/strong>: <em>Del projecte \u00abEn Resid\u00e8ncia\u00bb m&#8217;emporto con\u00e8ixer uns bons professors, l&#8217;Agn\u00e8s i l&#8217;H\u00e9ctor. He apr\u00e8s a treballar en equip, exper\u00ec\u00e8ncies noves i una nova forma de ballar.<\/em><\/p>\n\n\n\n<p class=\"wp-block-paragraph\"><strong>David<\/strong>: <em>Del projecte emporto una experi\u00e8ncia nova i molt guapa. En el projecte en resid\u00e8ncia he apr\u00e8s del m\u00f3n art\u00edstic i del ball.<\/em><\/p>\n\n\n\n<p class=\"wp-block-paragraph\"><strong>Dani<\/strong>: <em>He apr\u00e8s a ballar en equip i a ballar d&#8217;una altra manera. El treball en equip que han fet l&#8217;H\u00e8ctor i l&#8217;Agn\u00e8s ha sigut bestial.<\/em><\/p>\n\n\n\n<p class=\"wp-block-paragraph\"><strong>Cristian<\/strong>:<em> Jo m&#8217;emporto un gran treball en equip. He apr\u00e8s a treballar de manera col\u00b7lectiva.&nbsp;<\/em><\/p>\n\n\n\n<p class=\"wp-block-paragraph\"><strong>Lizzeth<\/strong>:<em> M&#8217;emporto con\u00e8ixer l&#8217;H\u00e8ctor i l&#8217;Agn\u00e8s. He apr\u00e8s a treballar en equip i a tenir molta paci\u00e8ncia. M&#8217;ha agradat molt aprendre a fer figures corporals.<\/em><\/p>\n\n\n\n<p class=\"wp-block-paragraph\"><strong>Andr\u00e9s: <\/strong><em>He apr\u00e8s experi\u00e8ncies noves.<\/em><\/p>\n\n\n\n<div class=\"wp-block-group\"><div class=\"wp-block-group__inner-container is-layout-constrained wp-block-group-is-layout-constrained\">\n<figure class=\"wp-block-gallery has-nested-images columns-default is-cropped wp-block-gallery-1 is-layout-flex wp-block-gallery-is-layout-flex\">\n<figure class=\"wp-block-image size-large\"><img loading=\"lazy\" decoding=\"async\" width=\"1024\" height=\"683\" data-id=\"492\" src=\"\/lamina2025\/wp-content\/uploads\/2025\/06\/2025-06-10-En-residencia_-LA-MINA-\u00a9-Mila-Ercoli-_40-1-1024x683.jpg\" alt=\"\" class=\"wp-image-492\" srcset=\"\/lamina2025\/wp-content\/uploads\/2025\/06\/2025-06-10-En-residencia_-LA-MINA-\u00a9-Mila-Ercoli-_40-1-1024x683.jpg 1024w, \/lamina2025\/wp-content\/uploads\/2025\/06\/2025-06-10-En-residencia_-LA-MINA-\u00a9-Mila-Ercoli-_40-1-300x200.jpg 300w, \/lamina2025\/wp-content\/uploads\/2025\/06\/2025-06-10-En-residencia_-LA-MINA-\u00a9-Mila-Ercoli-_40-1-768x512.jpg 768w, \/lamina2025\/wp-content\/uploads\/2025\/06\/2025-06-10-En-residencia_-LA-MINA-\u00a9-Mila-Ercoli-_40-1-1536x1024.jpg 1536w, \/lamina2025\/wp-content\/uploads\/2025\/06\/2025-06-10-En-residencia_-LA-MINA-\u00a9-Mila-Ercoli-_40-1-2048x1365.jpg 2048w\" sizes=\"auto, (max-width: 767px) 89vw, (max-width: 1000px) 54vw, (max-width: 1071px) 543px, 580px\" \/><\/figure>\n<\/figure>\n<\/div><\/div>\n\n\n\n<div class=\"wp-block-columns is-layout-flex wp-container-core-columns-is-layout-8f761849 wp-block-columns-is-layout-flex\">\n<div class=\"wp-block-column is-layout-flow wp-block-column-is-layout-flow\" style=\"flex-basis:100%\"><\/div>\n<\/div>\n\n\n\n<p class=\"wp-block-paragraph\"><\/p>\n","protected":false},"excerpt":{"rendered":"<p>Hola a tothom!&nbsp; Volem compartir amb vosaltres el cam\u00ed que hem fet durant aquest curs amb el projecte en resid\u00e8ncia.&nbsp; Ha estat un cam\u00ed ple de reptes i aprenentatges, i tot i que no ha estat f\u00e0cil, estem molt orgullosos i orgulloses del que hem aconseguit. Des del principi vam treballar molt la cohesi\u00f3 de &hellip; <\/p>\n<p class=\"link-more\"><a href=\"\/lamina2025\/no-por-bandera\/\" class=\"more-link\">Continua llegint <span class=\"screen-reader-text\">\u00ab\u00abNo por bandera\u00bb\u00bb<\/span><\/a><\/p>\n","protected":false},"author":15,"featured_media":0,"comment_status":"open","ping_status":"open","sticky":false,"template":"","format":"standard","meta":{"footnotes":""},"categories":[1],"tags":[],"class_list":["post-478","post","type-post","status-publish","format-standard","hentry","category-general"],"_links":{"self":[{"href":"\/lamina2025\/wp-json\/wp\/v2\/posts\/478","targetHints":{"allow":["GET"]}}],"collection":[{"href":"\/lamina2025\/wp-json\/wp\/v2\/posts"}],"about":[{"href":"\/lamina2025\/wp-json\/wp\/v2\/types\/post"}],"author":[{"embeddable":true,"href":"\/lamina2025\/wp-json\/wp\/v2\/users\/15"}],"replies":[{"embeddable":true,"href":"\/lamina2025\/wp-json\/wp\/v2\/comments?post=478"}],"version-history":[{"count":3,"href":"\/lamina2025\/wp-json\/wp\/v2\/posts\/478\/revisions"}],"predecessor-version":[{"id":493,"href":"\/lamina2025\/wp-json\/wp\/v2\/posts\/478\/revisions\/493"}],"wp:attachment":[{"href":"\/lamina2025\/wp-json\/wp\/v2\/media?parent=478"}],"wp:term":[{"taxonomy":"category","embeddable":true,"href":"\/lamina2025\/wp-json\/wp\/v2\/categories?post=478"},{"taxonomy":"post_tag","embeddable":true,"href":"\/lamina2025\/wp-json\/wp\/v2\/tags?post=478"}],"curies":[{"name":"wp","href":"https:\/\/api.w.org\/{rel}","templated":true}]}}