{"id":201,"date":"2023-05-28T12:08:16","date_gmt":"2023-05-28T10:08:16","guid":{"rendered":"https:\/\/blocsenresidencia.bcn.cat\/mariaespinalt2023\/?p=201"},"modified":"2023-07-10T15:09:41","modified_gmt":"2023-07-10T13:09:41","slug":"reflexos","status":"publish","type":"post","link":"https:\/\/blocsenresidencia.bcn.cat\/mariaespinalt2023\/2023\/05\/28\/reflexos\/","title":{"rendered":"Reflexos"},"content":{"rendered":"\n<p class=\"wp-block-paragraph\">Quan la llum rebota\u2026.<\/p>\n\n\n\n<p class=\"wp-block-paragraph\">L\u2019\u00faltima activitat que vam fer, consisteix en un m\u00f2bil format per discos, miralls i lupes. Vam pensar que seria una bona idea utilitzar aquests materials perqu\u00e8 qued\u00e9s tot el terra i les parets de la sala plens de figures formades pels reflexes de la llum. Durant tot aquest curs hem estat treballant la llum i ens va agradar la idea de poder expressar en una obra el tema principal del que hem estat treballant.<\/p>\n\n\n\n<figure class=\"wp-block-image\"><img decoding=\"async\" src=\"https:\/\/blocsenresidencia.bcn.cat\/20222023\/wp-content\/uploads\/2023\/06\/230515_canfelipa_reflexos19-1024x683.jpg\" alt=\"\" class=\"wp-image-511\"\/><\/figure>\n\n\n\n<figure class=\"wp-block-image\"><img decoding=\"async\" src=\"https:\/\/blocsenresidencia.bcn.cat\/20222023\/wp-content\/uploads\/2023\/06\/230515_canfelipa_reflexos40-1024x683.jpg\" alt=\"\" class=\"wp-image-512\"\/><\/figure>\n\n\n\n<figure class=\"wp-block-image\"><img decoding=\"async\" src=\"https:\/\/blocsenresidencia.bcn.cat\/20222023\/wp-content\/uploads\/2023\/06\/230515_canfelipa_reflexos47-1024x683.jpg\" alt=\"\" class=\"wp-image-513\"\/><\/figure>\n\n\n\n<figure class=\"wp-block-image\"><img decoding=\"async\" src=\"https:\/\/blocsenresidencia.bcn.cat\/20222023\/wp-content\/uploads\/2023\/06\/230515_canfelipa_reflexos73_2-1024x683.jpg\" alt=\"\" class=\"wp-image-514\"\/><\/figure>\n\n\n\n<figure class=\"wp-block-image\"><img decoding=\"async\" src=\"https:\/\/blocsenresidencia.bcn.cat\/20222023\/wp-content\/uploads\/2023\/06\/230515_canfelipa_reflexos69-1024x683.jpg\" alt=\"\" class=\"wp-image-515\"\/><\/figure>\n\n\n\n<figure class=\"wp-block-image\"><img decoding=\"async\" src=\"https:\/\/blocsenresidencia.bcn.cat\/20222023\/wp-content\/uploads\/2023\/06\/230515_canfelipa_reflexos03-1024x683.jpg\" alt=\"\" class=\"wp-image-516\"\/><\/figure>\n\n\n\n<figure class=\"wp-block-image\"><img decoding=\"async\" src=\"https:\/\/blocsenresidencia.bcn.cat\/20222023\/wp-content\/uploads\/2023\/06\/230515_canfelipa_reflexos76-1024x683.jpg\" alt=\"\" class=\"wp-image-519\"\/><\/figure>\n\n\n\n<figure class=\"wp-block-image\"><img decoding=\"async\" src=\"https:\/\/blocsenresidencia.bcn.cat\/20222023\/wp-content\/uploads\/2023\/06\/230515_canfelipa_reflexos51-1024x683.jpg\" alt=\"\" class=\"wp-image-518\"\/><\/figure>\n","protected":false},"excerpt":{"rendered":"<p>Quan la llum rebota\u2026. L\u2019\u00faltima activitat que vam fer, consisteix en un m\u00f2bil format per discos, miralls i lupes. Vam pensar que seria una bona idea utilitzar aquests materials perqu\u00e8 qued\u00e9s tot el terra i les parets de la sala plens de figures formades pels reflexes de la llum. Durant tot aquest curs hem estat &hellip; <\/p>\n<p class=\"link-more\"><a href=\"https:\/\/blocsenresidencia.bcn.cat\/mariaespinalt2023\/2023\/05\/28\/reflexos\/\" class=\"more-link\">Continua llegint <span class=\"screen-reader-text\">\u00abReflexos\u00bb<\/span><\/a><\/p>\n","protected":false},"author":3,"featured_media":0,"comment_status":"open","ping_status":"open","sticky":false,"template":"","format":"standard","meta":{"footnotes":""},"categories":[1],"tags":[],"class_list":["post-201","post","type-post","status-publish","format-standard","hentry","category-general"],"_links":{"self":[{"href":"https:\/\/blocsenresidencia.bcn.cat\/mariaespinalt2023\/wp-json\/wp\/v2\/posts\/201","targetHints":{"allow":["GET"]}}],"collection":[{"href":"https:\/\/blocsenresidencia.bcn.cat\/mariaespinalt2023\/wp-json\/wp\/v2\/posts"}],"about":[{"href":"https:\/\/blocsenresidencia.bcn.cat\/mariaespinalt2023\/wp-json\/wp\/v2\/types\/post"}],"author":[{"embeddable":true,"href":"https:\/\/blocsenresidencia.bcn.cat\/mariaespinalt2023\/wp-json\/wp\/v2\/users\/3"}],"replies":[{"embeddable":true,"href":"https:\/\/blocsenresidencia.bcn.cat\/mariaespinalt2023\/wp-json\/wp\/v2\/comments?post=201"}],"version-history":[{"count":1,"href":"https:\/\/blocsenresidencia.bcn.cat\/mariaespinalt2023\/wp-json\/wp\/v2\/posts\/201\/revisions"}],"predecessor-version":[{"id":202,"href":"https:\/\/blocsenresidencia.bcn.cat\/mariaespinalt2023\/wp-json\/wp\/v2\/posts\/201\/revisions\/202"}],"wp:attachment":[{"href":"https:\/\/blocsenresidencia.bcn.cat\/mariaespinalt2023\/wp-json\/wp\/v2\/media?parent=201"}],"wp:term":[{"taxonomy":"category","embeddable":true,"href":"https:\/\/blocsenresidencia.bcn.cat\/mariaespinalt2023\/wp-json\/wp\/v2\/categories?post=201"},{"taxonomy":"post_tag","embeddable":true,"href":"https:\/\/blocsenresidencia.bcn.cat\/mariaespinalt2023\/wp-json\/wp\/v2\/tags?post=201"}],"curies":[{"name":"wp","href":"https:\/\/api.w.org\/{rel}","templated":true}]}}