{"id":382,"date":"2024-10-28T19:09:37","date_gmt":"2024-10-28T17:09:37","guid":{"rendered":"\/martipous2025\/?p=382"},"modified":"2024-10-28T19:09:37","modified_gmt":"2024-10-28T17:09:37","slug":"aterrem-a-la-caldera","status":"publish","type":"post","link":"\/martipous2025\/aterrem-a-la-caldera\/","title":{"rendered":"Aterrem a La Caldera"},"content":{"rendered":"\n<p class=\"wp-block-paragraph\">El Mart\u00ed Pous va comen\u00e7ar la seva experi\u00e8ncia en el programa En Resid\u00e8ncia amb una meravellosa sortida a La Caldera. En arribar, la Cristina i en Pau ens van rebre i ens van permetre gaudir d&#8217;un entrenament de l&#8217;APdC, cosa que va entusiasmar molt les nostres alumnes. Despr\u00e9s d&#8217;aix\u00f2, ens van sorprendre amb un esmorzaret totes juntes, el qual ens va servir per a con\u00e8ixer-nos entre tots i compartir experi\u00e8ncies. <\/p>\n\n\n\n<p class=\"wp-block-paragraph\">M\u00e9s tard, vam con\u00e8ixer a la Maria i a la Sara, les quals ens van mostrar una petita part de tot el seu treball d&#8217;investigaci\u00f3. Les nostres noies van jugar i aprendre a posar el focus en la percepci\u00f3 del seu cos i a moure&#8217;s amb els \u00f2rgans interns. <\/p>\n\n\n<div class=\"wp-block-image\">\n<figure class=\"aligncenter size-large is-resized\"><img loading=\"lazy\" decoding=\"async\" width=\"768\" height=\"1024\" src=\"\/martipous2025\/wp-content\/uploads\/2024\/10\/IMG_3505-768x1024.jpg\" alt=\"\" class=\"wp-image-387\" style=\"width:230px;height:auto\" srcset=\"\/martipous2025\/wp-content\/uploads\/2024\/10\/IMG_3505-768x1024.jpg 768w, \/martipous2025\/wp-content\/uploads\/2024\/10\/IMG_3505-225x300.jpg 225w, \/martipous2025\/wp-content\/uploads\/2024\/10\/IMG_3505-1152x1536.jpg 1152w, \/martipous2025\/wp-content\/uploads\/2024\/10\/IMG_3505-1536x2048.jpg 1536w, \/martipous2025\/wp-content\/uploads\/2024\/10\/IMG_3505-scaled.jpg 1920w\" sizes=\"auto, (max-width: 767px) 89vw, (max-width: 1000px) 54vw, (max-width: 1071px) 543px, 580px\" \/><\/figure>\n<\/div>\n\n\n<p class=\"wp-block-paragraph\">L&#8217;experi\u00e8ncia m\u00e9s impactant per les nostres alumnes va ser quan van poder contemplar l&#8217;assaig que estaven fent  l\u2019equip de l\u2019Alina Follini, on estaven fent exercicis de respiraci\u00f3. <\/p>\n\n\n\n<p class=\"wp-block-paragraph\">Moltes gr\u00e0cies per l&#8217;acollida, estem desitjant tornar!<\/p>\n\n\n<div class=\"wp-block-image\">\n<figure class=\"aligncenter size-large is-resized\"><img loading=\"lazy\" decoding=\"async\" width=\"1024\" height=\"768\" src=\"\/martipous2025\/wp-content\/uploads\/2024\/10\/IMG_3512-1-1024x768.jpg\" alt=\"\" class=\"wp-image-389\" style=\"width:443px;height:auto\" srcset=\"\/martipous2025\/wp-content\/uploads\/2024\/10\/IMG_3512-1-1024x768.jpg 1024w, \/martipous2025\/wp-content\/uploads\/2024\/10\/IMG_3512-1-300x225.jpg 300w, \/martipous2025\/wp-content\/uploads\/2024\/10\/IMG_3512-1-768x576.jpg 768w, \/martipous2025\/wp-content\/uploads\/2024\/10\/IMG_3512-1-1536x1152.jpg 1536w, \/martipous2025\/wp-content\/uploads\/2024\/10\/IMG_3512-1-2048x1536.jpg 2048w\" sizes=\"auto, (max-width: 767px) 89vw, (max-width: 1000px) 54vw, (max-width: 1071px) 543px, 580px\" \/><\/figure>\n<\/div>","protected":false},"excerpt":{"rendered":"<p>El Mart\u00ed Pous va comen\u00e7ar la seva experi\u00e8ncia en el programa En Resid\u00e8ncia amb una meravellosa sortida a La Caldera. En arribar, la Cristina i en Pau ens van rebre i ens van permetre gaudir d&#8217;un entrenament de l&#8217;APdC, cosa que va entusiasmar molt les nostres alumnes. Despr\u00e9s d&#8217;aix\u00f2, ens van sorprendre amb un esmorzaret &hellip; <\/p>\n<p class=\"link-more\"><a href=\"\/martipous2025\/aterrem-a-la-caldera\/\" class=\"more-link\">Continua llegint <span class=\"screen-reader-text\">\u00abAterrem a La Caldera\u00bb<\/span><\/a><\/p>\n","protected":false},"author":16,"featured_media":0,"comment_status":"open","ping_status":"open","sticky":false,"template":"","format":"standard","meta":{"footnotes":""},"categories":[1],"tags":[],"class_list":["post-382","post","type-post","status-publish","format-standard","hentry","category-general"],"_links":{"self":[{"href":"\/martipous2025\/wp-json\/wp\/v2\/posts\/382","targetHints":{"allow":["GET"]}}],"collection":[{"href":"\/martipous2025\/wp-json\/wp\/v2\/posts"}],"about":[{"href":"\/martipous2025\/wp-json\/wp\/v2\/types\/post"}],"author":[{"embeddable":true,"href":"\/martipous2025\/wp-json\/wp\/v2\/users\/16"}],"replies":[{"embeddable":true,"href":"\/martipous2025\/wp-json\/wp\/v2\/comments?post=382"}],"version-history":[{"count":1,"href":"\/martipous2025\/wp-json\/wp\/v2\/posts\/382\/revisions"}],"predecessor-version":[{"id":390,"href":"\/martipous2025\/wp-json\/wp\/v2\/posts\/382\/revisions\/390"}],"wp:attachment":[{"href":"\/martipous2025\/wp-json\/wp\/v2\/media?parent=382"}],"wp:term":[{"taxonomy":"category","embeddable":true,"href":"\/martipous2025\/wp-json\/wp\/v2\/categories?post=382"},{"taxonomy":"post_tag","embeddable":true,"href":"\/martipous2025\/wp-json\/wp\/v2\/tags?post=382"}],"curies":[{"name":"wp","href":"https:\/\/api.w.org\/{rel}","templated":true}]}}