{"id":391,"date":"2024-11-11T12:54:30","date_gmt":"2024-11-11T10:54:30","guid":{"rendered":"\/martipous2025\/?p=391"},"modified":"2024-11-11T12:54:30","modified_gmt":"2024-11-11T10:54:30","slug":"ressonancies-al-manifesta-15","status":"publish","type":"post","link":"\/martipous2025\/ressonancies-al-manifesta-15\/","title":{"rendered":"Resson\u00e0ncies al MANIFESTA 15"},"content":{"rendered":"\n<p class=\"wp-block-paragraph\">Hem anat al festival de la biennal MANIFESTA que organitza unes sessions d&#8217;obres d\u2019altres cursos del programa En Resid\u00e8ncia.<\/p>\n\n\n\n<figure class=\"wp-block-image size-large\"><img loading=\"lazy\" decoding=\"async\" width=\"1024\" height=\"1024\" src=\"\/martipous2025\/wp-content\/uploads\/2024\/11\/IMG_3962-1024x1024.jpg\" alt=\"\" class=\"wp-image-394\" srcset=\"\/martipous2025\/wp-content\/uploads\/2024\/11\/IMG_3962-1024x1024.jpg 1024w, \/martipous2025\/wp-content\/uploads\/2024\/11\/IMG_3962-300x300.jpg 300w, \/martipous2025\/wp-content\/uploads\/2024\/11\/IMG_3962-150x150.jpg 150w, \/martipous2025\/wp-content\/uploads\/2024\/11\/IMG_3962-768x768.jpg 768w, \/martipous2025\/wp-content\/uploads\/2024\/11\/IMG_3962-1536x1536.jpg 1536w, \/martipous2025\/wp-content\/uploads\/2024\/11\/IMG_3962-2048x2048.jpg 2048w, \/martipous2025\/wp-content\/uploads\/2024\/11\/IMG_3962-100x100.jpg 100w\" sizes=\"auto, (max-width: 767px) 89vw, (max-width: 1000px) 54vw, (max-width: 1071px) 543px, 580px\" \/><\/figure>\n\n\n\n<p class=\"wp-block-paragraph\"><br>Aquestes representacions es diuen \u201cResson\u00e0ncies\u201d. Les alumnes s&#8217;han emocionat de veure altres instituts posant en escena les seves creacions. Alguns moments de les peces les han sorpr\u00e8s i han pogut veure i experimentar altres aspectes del m\u00f3n de la dansa que normalment no es troben presents al seu dia a dia. <\/p>\n\n\n\n<figure class=\"wp-block-image size-large\"><img loading=\"lazy\" decoding=\"async\" width=\"1024\" height=\"1024\" src=\"\/martipous2025\/wp-content\/uploads\/2024\/11\/IMG_3979-1024x1024.jpg\" alt=\"\" class=\"wp-image-396\" srcset=\"\/martipous2025\/wp-content\/uploads\/2024\/11\/IMG_3979-1024x1024.jpg 1024w, \/martipous2025\/wp-content\/uploads\/2024\/11\/IMG_3979-300x300.jpg 300w, \/martipous2025\/wp-content\/uploads\/2024\/11\/IMG_3979-150x150.jpg 150w, \/martipous2025\/wp-content\/uploads\/2024\/11\/IMG_3979-768x768.jpg 768w, \/martipous2025\/wp-content\/uploads\/2024\/11\/IMG_3979-1536x1536.jpg 1536w, \/martipous2025\/wp-content\/uploads\/2024\/11\/IMG_3979-2048x2048.jpg 2048w, \/martipous2025\/wp-content\/uploads\/2024\/11\/IMG_3979-100x100.jpg 100w\" sizes=\"auto, (max-width: 767px) 89vw, (max-width: 1000px) 54vw, (max-width: 1071px) 543px, 580px\" \/><\/figure>\n\n\n\n<p class=\"wp-block-paragraph\"><br>Hem anat a Sant Adri\u00e0 en metro i Tram, com hem arribat d\u2019hora ens han rebut i hem pogut visitar l&#8217;exposici\u00f3 a l&#8217;interior del recinte de les Tres Xemeneies.<br>A la tornada ens ha agafat la pluja de cam\u00ed i hem fet una parada al museu del Disseny a Gl\u00f2ries.<br><\/p>\n\n\n\n<figure class=\"wp-block-image size-large\"><img loading=\"lazy\" decoding=\"async\" width=\"1024\" height=\"1024\" src=\"\/martipous2025\/wp-content\/uploads\/2024\/11\/IMG_3961-1024x1024.jpg\" alt=\"\" class=\"wp-image-397\" srcset=\"\/martipous2025\/wp-content\/uploads\/2024\/11\/IMG_3961-1024x1024.jpg 1024w, \/martipous2025\/wp-content\/uploads\/2024\/11\/IMG_3961-300x300.jpg 300w, \/martipous2025\/wp-content\/uploads\/2024\/11\/IMG_3961-150x150.jpg 150w, \/martipous2025\/wp-content\/uploads\/2024\/11\/IMG_3961-768x768.jpg 768w, \/martipous2025\/wp-content\/uploads\/2024\/11\/IMG_3961-1536x1536.jpg 1536w, \/martipous2025\/wp-content\/uploads\/2024\/11\/IMG_3961-2048x2048.jpg 2048w, \/martipous2025\/wp-content\/uploads\/2024\/11\/IMG_3961-100x100.jpg 100w\" sizes=\"auto, (max-width: 767px) 89vw, (max-width: 1000px) 54vw, (max-width: 1071px) 543px, 580px\" \/><\/figure>\n\n\n\n<p class=\"wp-block-paragraph\">Ha sigut una visita molt interessant on hem gaudit del lloc, la rebuda i tamb\u00e9 de poder veure els espectacles. Esperem fer una altra sortida aviat i aprendre m\u00e9s coses sobre la dansa.<\/p>\n","protected":false},"excerpt":{"rendered":"<p>Hem anat al festival de la biennal MANIFESTA que organitza unes sessions d&#8217;obres d\u2019altres cursos del programa En Resid\u00e8ncia. Aquestes representacions es diuen \u201cResson\u00e0ncies\u201d. Les alumnes s&#8217;han emocionat de veure altres instituts posant en escena les seves creacions. Alguns moments de les peces les han sorpr\u00e8s i han pogut veure i experimentar altres aspectes del &hellip; <\/p>\n<p class=\"link-more\"><a href=\"\/martipous2025\/ressonancies-al-manifesta-15\/\" class=\"more-link\">Continua llegint <span class=\"screen-reader-text\">\u00abResson\u00e0ncies al MANIFESTA 15\u00bb<\/span><\/a><\/p>\n","protected":false},"author":15,"featured_media":0,"comment_status":"open","ping_status":"open","sticky":false,"template":"","format":"standard","meta":{"footnotes":""},"categories":[1],"tags":[],"class_list":["post-391","post","type-post","status-publish","format-standard","hentry","category-general"],"_links":{"self":[{"href":"\/martipous2025\/wp-json\/wp\/v2\/posts\/391","targetHints":{"allow":["GET"]}}],"collection":[{"href":"\/martipous2025\/wp-json\/wp\/v2\/posts"}],"about":[{"href":"\/martipous2025\/wp-json\/wp\/v2\/types\/post"}],"author":[{"embeddable":true,"href":"\/martipous2025\/wp-json\/wp\/v2\/users\/15"}],"replies":[{"embeddable":true,"href":"\/martipous2025\/wp-json\/wp\/v2\/comments?post=391"}],"version-history":[{"count":2,"href":"\/martipous2025\/wp-json\/wp\/v2\/posts\/391\/revisions"}],"predecessor-version":[{"id":398,"href":"\/martipous2025\/wp-json\/wp\/v2\/posts\/391\/revisions\/398"}],"wp:attachment":[{"href":"\/martipous2025\/wp-json\/wp\/v2\/media?parent=391"}],"wp:term":[{"taxonomy":"category","embeddable":true,"href":"\/martipous2025\/wp-json\/wp\/v2\/categories?post=391"},{"taxonomy":"post_tag","embeddable":true,"href":"\/martipous2025\/wp-json\/wp\/v2\/tags?post=391"}],"curies":[{"name":"wp","href":"https:\/\/api.w.org\/{rel}","templated":true}]}}