{"id":417,"date":"2025-01-27T13:10:20","date_gmt":"2025-01-27T11:10:20","guid":{"rendered":"\/martipous2025\/?p=417"},"modified":"2025-01-27T13:10:20","modified_gmt":"2025-01-27T11:10:20","slug":"espectacle-tempo-a-la-caldera","status":"publish","type":"post","link":"\/martipous2025\/espectacle-tempo-a-la-caldera\/","title":{"rendered":"Espectacle Tempo a La Caldera"},"content":{"rendered":"\n<p class=\"wp-block-paragraph\">Avui en preparaci\u00f3 d&#8217;all\u00f2 que volem mostrar properament al professorat en relaci\u00f3 al nostre proc\u00e9s creatiu, hem recordat l&#8217;espectacle que vam veure a La Caldera abans de les vacances. Va ser una experi\u00e8ncia on vam descobrir diferents maneres d&#8217;entendre la dansa. Les alumnes valoren quines parts les van motivar o interessar m\u00e9s i debatim les preguntes que es van plantejar sobre la dansa nivell professional. A partir d&#8217;aqu\u00ed, comencen a proposar idees d&#8217;activitats, din\u00e0miques i altres elements que poden comen\u00e7ar a configurar d&#8217;all\u00f2 que s&#8217;est\u00e0 formant com a proposta de creaci\u00f3.<\/p>\n\n\n\n<figure class=\"wp-block-image size-large\"><img loading=\"lazy\" decoding=\"async\" width=\"1024\" height=\"768\" src=\"\/martipous2025\/wp-content\/uploads\/2025\/01\/IMG_4302-1024x768.jpg\" alt=\"\" class=\"wp-image-421\" srcset=\"\/martipous2025\/wp-content\/uploads\/2025\/01\/IMG_4302-1024x768.jpg 1024w, \/martipous2025\/wp-content\/uploads\/2025\/01\/IMG_4302-300x225.jpg 300w, \/martipous2025\/wp-content\/uploads\/2025\/01\/IMG_4302-768x576.jpg 768w, \/martipous2025\/wp-content\/uploads\/2025\/01\/IMG_4302-1536x1152.jpg 1536w, \/martipous2025\/wp-content\/uploads\/2025\/01\/IMG_4302-2048x1536.jpg 2048w\" sizes=\"auto, (max-width: 767px) 89vw, (max-width: 1000px) 54vw, (max-width: 1071px) 543px, 580px\" \/><\/figure>\n\n\n\n<figure class=\"wp-block-image size-large\"><img loading=\"lazy\" decoding=\"async\" width=\"1024\" height=\"768\" src=\"\/martipous2025\/wp-content\/uploads\/2025\/01\/IMG_4306-1024x768.jpg\" alt=\"\" class=\"wp-image-422\" srcset=\"\/martipous2025\/wp-content\/uploads\/2025\/01\/IMG_4306-1024x768.jpg 1024w, \/martipous2025\/wp-content\/uploads\/2025\/01\/IMG_4306-300x225.jpg 300w, \/martipous2025\/wp-content\/uploads\/2025\/01\/IMG_4306-768x576.jpg 768w, \/martipous2025\/wp-content\/uploads\/2025\/01\/IMG_4306-1536x1152.jpg 1536w, \/martipous2025\/wp-content\/uploads\/2025\/01\/IMG_4306-2048x1536.jpg 2048w\" sizes=\"auto, (max-width: 767px) 89vw, (max-width: 1000px) 54vw, (max-width: 1071px) 543px, 580px\" \/><\/figure>\n","protected":false},"excerpt":{"rendered":"<p>Avui en preparaci\u00f3 d&#8217;all\u00f2 que volem mostrar properament al professorat en relaci\u00f3 al nostre proc\u00e9s creatiu, hem recordat l&#8217;espectacle que vam veure a La Caldera abans de les vacances. Va ser una experi\u00e8ncia on vam descobrir diferents maneres d&#8217;entendre la dansa. Les alumnes valoren quines parts les van motivar o interessar m\u00e9s i debatim les &hellip; <\/p>\n<p class=\"link-more\"><a href=\"\/martipous2025\/espectacle-tempo-a-la-caldera\/\" class=\"more-link\">Continua llegint <span class=\"screen-reader-text\">\u00abEspectacle Tempo a La Caldera\u00bb<\/span><\/a><\/p>\n","protected":false},"author":15,"featured_media":0,"comment_status":"open","ping_status":"open","sticky":false,"template":"","format":"standard","meta":{"footnotes":""},"categories":[1],"tags":[],"class_list":["post-417","post","type-post","status-publish","format-standard","hentry","category-general"],"_links":{"self":[{"href":"\/martipous2025\/wp-json\/wp\/v2\/posts\/417","targetHints":{"allow":["GET"]}}],"collection":[{"href":"\/martipous2025\/wp-json\/wp\/v2\/posts"}],"about":[{"href":"\/martipous2025\/wp-json\/wp\/v2\/types\/post"}],"author":[{"embeddable":true,"href":"\/martipous2025\/wp-json\/wp\/v2\/users\/15"}],"replies":[{"embeddable":true,"href":"\/martipous2025\/wp-json\/wp\/v2\/comments?post=417"}],"version-history":[{"count":2,"href":"\/martipous2025\/wp-json\/wp\/v2\/posts\/417\/revisions"}],"predecessor-version":[{"id":423,"href":"\/martipous2025\/wp-json\/wp\/v2\/posts\/417\/revisions\/423"}],"wp:attachment":[{"href":"\/martipous2025\/wp-json\/wp\/v2\/media?parent=417"}],"wp:term":[{"taxonomy":"category","embeddable":true,"href":"\/martipous2025\/wp-json\/wp\/v2\/categories?post=417"},{"taxonomy":"post_tag","embeddable":true,"href":"\/martipous2025\/wp-json\/wp\/v2\/tags?post=417"}],"curies":[{"name":"wp","href":"https:\/\/api.w.org\/{rel}","templated":true}]}}