{"id":430,"date":"2025-03-10T18:16:52","date_gmt":"2025-03-10T16:16:52","guid":{"rendered":"\/martipous2025\/?p=430"},"modified":"2025-03-10T18:16:52","modified_gmt":"2025-03-10T16:16:52","slug":"sessio-de-contaminacio-quina-vergonya","status":"publish","type":"post","link":"\/martipous2025\/sessio-de-contaminacio-quina-vergonya\/","title":{"rendered":"Sessi\u00f3 de contaminaci\u00f3: Quina VERGONYA!"},"content":{"rendered":"\n<p class=\"wp-block-paragraph\"><\/p>\n\n\n\n<p class=\"wp-block-paragraph\">Finalment, va arribar el dia de la sessi\u00f3 de contaminaci\u00f3. A partir de l\u2019actuaci\u00f3 davant de p\u00fablic es van generar sensacions diverses, tot i que hi havia un sentiment predominant: la vergonya. <\/p>\n\n\n\n<figure class=\"wp-block-image size-large\"><img loading=\"lazy\" decoding=\"async\" width=\"1024\" height=\"1024\" src=\"\/martipous2025\/wp-content\/uploads\/2025\/03\/IMG_5168-1024x1024.jpg\" alt=\"\" class=\"wp-image-435\" srcset=\"\/martipous2025\/wp-content\/uploads\/2025\/03\/IMG_5168-1024x1024.jpg 1024w, \/martipous2025\/wp-content\/uploads\/2025\/03\/IMG_5168-300x300.jpg 300w, \/martipous2025\/wp-content\/uploads\/2025\/03\/IMG_5168-150x150.jpg 150w, \/martipous2025\/wp-content\/uploads\/2025\/03\/IMG_5168-768x768.jpg 768w, \/martipous2025\/wp-content\/uploads\/2025\/03\/IMG_5168-1536x1536.jpg 1536w, \/martipous2025\/wp-content\/uploads\/2025\/03\/IMG_5168-2048x2048.jpg 2048w, \/martipous2025\/wp-content\/uploads\/2025\/03\/IMG_5168-100x100.jpg 100w\" sizes=\"auto, (max-width: 767px) 89vw, (max-width: 1000px) 54vw, (max-width: 1071px) 543px, 580px\" \/><\/figure>\n\n\n\n<p class=\"wp-block-paragraph\"><br>El fet de mostrar-se davant les professores va ser un repte que les va fer sentir nervioses i a estones inc\u00f2modes. Els nervis del moment performatiu van passar i vam poder compartir i intercanviar impressions sobre qu\u00e8 es volia mostrar. <br><br>La preparaci\u00f3 pr\u00e8via tamb\u00e9 va tenir un paper important en les percepcions.  Algunes van sentir que no havien tingut prou temps per planificar, per\u00f2 tamb\u00e9 es van viure els assajos com un dia m\u00e9s de l\u2019optativa. Aix\u00f2 s\u00ed, l\u2019actuaci\u00f3 en directe va marcar la difer\u00e8ncia: l\u2019arribada del p\u00fablic va fer augmentar la vergonya i els nervis, especialment a la fase inicial de rebuda que ens va deixar a totes sorpreses.<\/p>\n\n\n\n<figure class=\"wp-block-image size-large\"><img loading=\"lazy\" decoding=\"async\" width=\"1024\" height=\"768\" src=\"\/martipous2025\/wp-content\/uploads\/2025\/03\/IMG_5179-1024x768.jpg\" alt=\"\" class=\"wp-image-436\" srcset=\"\/martipous2025\/wp-content\/uploads\/2025\/03\/IMG_5179-1024x768.jpg 1024w, \/martipous2025\/wp-content\/uploads\/2025\/03\/IMG_5179-300x225.jpg 300w, \/martipous2025\/wp-content\/uploads\/2025\/03\/IMG_5179-768x576.jpg 768w, \/martipous2025\/wp-content\/uploads\/2025\/03\/IMG_5179-1536x1152.jpg 1536w, \/martipous2025\/wp-content\/uploads\/2025\/03\/IMG_5179-2048x1536.jpg 2048w\" sizes=\"auto, (max-width: 767px) 89vw, (max-width: 1000px) 54vw, (max-width: 1071px) 543px, 580px\" \/><\/figure>\n\n\n\n<p class=\"wp-block-paragraph\"><br><br>Va ser una experi\u00e8ncia intensa i plena d\u2019emocions que va generar inquietud, per\u00f2 tamb\u00e9 ens va permetre explorar i compartir amb el p\u00fablic sentiments com la vergonya en maj\u00fascules en un espai col\u00b7lectiu.<\/p>\n\n\n\n<figure class=\"wp-block-image size-large\"><img loading=\"lazy\" decoding=\"async\" width=\"1024\" height=\"768\" src=\"\/martipous2025\/wp-content\/uploads\/2025\/03\/IMG_5182-2-1024x768.jpg\" alt=\"\" class=\"wp-image-437\" srcset=\"\/martipous2025\/wp-content\/uploads\/2025\/03\/IMG_5182-2-1024x768.jpg 1024w, \/martipous2025\/wp-content\/uploads\/2025\/03\/IMG_5182-2-300x225.jpg 300w, \/martipous2025\/wp-content\/uploads\/2025\/03\/IMG_5182-2-768x576.jpg 768w, \/martipous2025\/wp-content\/uploads\/2025\/03\/IMG_5182-2-1536x1152.jpg 1536w, \/martipous2025\/wp-content\/uploads\/2025\/03\/IMG_5182-2-2048x1536.jpg 2048w\" sizes=\"auto, (max-width: 767px) 89vw, (max-width: 1000px) 54vw, (max-width: 1071px) 543px, 580px\" \/><\/figure>\n","protected":false},"excerpt":{"rendered":"<p>Finalment, va arribar el dia de la sessi\u00f3 de contaminaci\u00f3. A partir de l\u2019actuaci\u00f3 davant de p\u00fablic es van generar sensacions diverses, tot i que hi havia un sentiment predominant: la vergonya. El fet de mostrar-se davant les professores va ser un repte que les va fer sentir nervioses i a estones inc\u00f2modes. Els nervis &hellip; <\/p>\n<p class=\"link-more\"><a href=\"\/martipous2025\/sessio-de-contaminacio-quina-vergonya\/\" class=\"more-link\">Continua llegint <span class=\"screen-reader-text\">\u00abSessi\u00f3 de contaminaci\u00f3: Quina VERGONYA!\u00bb<\/span><\/a><\/p>\n","protected":false},"author":15,"featured_media":0,"comment_status":"open","ping_status":"open","sticky":false,"template":"","format":"standard","meta":{"footnotes":""},"categories":[1],"tags":[],"class_list":["post-430","post","type-post","status-publish","format-standard","hentry","category-general"],"_links":{"self":[{"href":"\/martipous2025\/wp-json\/wp\/v2\/posts\/430","targetHints":{"allow":["GET"]}}],"collection":[{"href":"\/martipous2025\/wp-json\/wp\/v2\/posts"}],"about":[{"href":"\/martipous2025\/wp-json\/wp\/v2\/types\/post"}],"author":[{"embeddable":true,"href":"\/martipous2025\/wp-json\/wp\/v2\/users\/15"}],"replies":[{"embeddable":true,"href":"\/martipous2025\/wp-json\/wp\/v2\/comments?post=430"}],"version-history":[{"count":2,"href":"\/martipous2025\/wp-json\/wp\/v2\/posts\/430\/revisions"}],"predecessor-version":[{"id":438,"href":"\/martipous2025\/wp-json\/wp\/v2\/posts\/430\/revisions\/438"}],"wp:attachment":[{"href":"\/martipous2025\/wp-json\/wp\/v2\/media?parent=430"}],"wp:term":[{"taxonomy":"category","embeddable":true,"href":"\/martipous2025\/wp-json\/wp\/v2\/categories?post=430"},{"taxonomy":"post_tag","embeddable":true,"href":"\/martipous2025\/wp-json\/wp\/v2\/tags?post=430"}],"curies":[{"name":"wp","href":"https:\/\/api.w.org\/{rel}","templated":true}]}}