{"id":439,"date":"2025-05-10T10:33:08","date_gmt":"2025-05-10T08:33:08","guid":{"rendered":"\/martipous2025\/?p=439"},"modified":"2025-05-10T10:34:14","modified_gmt":"2025-05-10T08:34:14","slug":"inspiracio-per-la-nostra-peca","status":"publish","type":"post","link":"\/martipous2025\/inspiracio-per-la-nostra-peca\/","title":{"rendered":"Inspiraci\u00f3 per la nostra pe\u00e7a"},"content":{"rendered":"\n<p class=\"wp-block-paragraph\">A partir de la darrera visita a La Caldera on, juntament amb altres instituts que fan En Resid\u00e8ncia, vam poder veure l&#8217;espectacle presentat per la Vera Mantero, les alumnes s&#8217;han obert m\u00e9s al proc\u00e9s creatiu explorant elements que abans el podien semblar el que elles anomenen \u00abcosas raras\u00bb.<\/p>\n\n\n\n<figure class=\"wp-block-image size-full\"><img loading=\"lazy\" decoding=\"async\" width=\"561\" height=\"435\" src=\"\/martipous2025\/wp-content\/uploads\/2025\/05\/Captura-de-pantalla-2025-05-10-102529.png\" alt=\"\" class=\"wp-image-442\" srcset=\"\/martipous2025\/wp-content\/uploads\/2025\/05\/Captura-de-pantalla-2025-05-10-102529.png 561w, \/martipous2025\/wp-content\/uploads\/2025\/05\/Captura-de-pantalla-2025-05-10-102529-300x233.png 300w\" sizes=\"auto, (max-width: 561px) 100vw, 561px\" \/><\/figure>\n\n\n\n<p class=\"wp-block-paragraph\"><br>L&#8217;exposici\u00f3 a una pe\u00e7a com la de la Vera on s&#8217;exploren conceptes i el cos com a instrument i part integral de la composici\u00f3, ha perm\u00e8s a les alumnes obrir-se a l&#8217;experimentaci\u00f3.<br>Va ser una sortida molt productiva que va obrir portes a veure el m\u00f3n de la dansa amb una mirada m\u00e9s \u00e0mplia. Volem agrair a tothom que ho va fer possible i que ens va acollir com sempre amb il\u00b7lusi\u00f3.<\/p>\n\n\n\n<figure class=\"wp-block-image size-full\"><img loading=\"lazy\" decoding=\"async\" width=\"565\" height=\"412\" src=\"\/martipous2025\/wp-content\/uploads\/2025\/05\/Captura-de-pantalla-2025-05-10-102435.png\" alt=\"\" class=\"wp-image-443\" srcset=\"\/martipous2025\/wp-content\/uploads\/2025\/05\/Captura-de-pantalla-2025-05-10-102435.png 565w, \/martipous2025\/wp-content\/uploads\/2025\/05\/Captura-de-pantalla-2025-05-10-102435-300x219.png 300w\" sizes=\"auto, (max-width: 565px) 100vw, 565px\" \/><\/figure>\n","protected":false},"excerpt":{"rendered":"<p>A partir de la darrera visita a La Caldera on, juntament amb altres instituts que fan En Resid\u00e8ncia, vam poder veure l&#8217;espectacle presentat per la Vera Mantero, les alumnes s&#8217;han obert m\u00e9s al proc\u00e9s creatiu explorant elements que abans el podien semblar el que elles anomenen \u00abcosas raras\u00bb. L&#8217;exposici\u00f3 a una pe\u00e7a com la de &hellip; <\/p>\n<p class=\"link-more\"><a href=\"\/martipous2025\/inspiracio-per-la-nostra-peca\/\" class=\"more-link\">Continua llegint <span class=\"screen-reader-text\">\u00abInspiraci\u00f3 per la nostra pe\u00e7a\u00bb<\/span><\/a><\/p>\n","protected":false},"author":15,"featured_media":0,"comment_status":"open","ping_status":"open","sticky":false,"template":"","format":"standard","meta":{"footnotes":""},"categories":[1],"tags":[],"class_list":["post-439","post","type-post","status-publish","format-standard","hentry","category-general"],"_links":{"self":[{"href":"\/martipous2025\/wp-json\/wp\/v2\/posts\/439","targetHints":{"allow":["GET"]}}],"collection":[{"href":"\/martipous2025\/wp-json\/wp\/v2\/posts"}],"about":[{"href":"\/martipous2025\/wp-json\/wp\/v2\/types\/post"}],"author":[{"embeddable":true,"href":"\/martipous2025\/wp-json\/wp\/v2\/users\/15"}],"replies":[{"embeddable":true,"href":"\/martipous2025\/wp-json\/wp\/v2\/comments?post=439"}],"version-history":[{"count":3,"href":"\/martipous2025\/wp-json\/wp\/v2\/posts\/439\/revisions"}],"predecessor-version":[{"id":445,"href":"\/martipous2025\/wp-json\/wp\/v2\/posts\/439\/revisions\/445"}],"wp:attachment":[{"href":"\/martipous2025\/wp-json\/wp\/v2\/media?parent=439"}],"wp:term":[{"taxonomy":"category","embeddable":true,"href":"\/martipous2025\/wp-json\/wp\/v2\/categories?post=439"},{"taxonomy":"post_tag","embeddable":true,"href":"\/martipous2025\/wp-json\/wp\/v2\/tags?post=439"}],"curies":[{"name":"wp","href":"https:\/\/api.w.org\/{rel}","templated":true}]}}