{"id":448,"date":"2025-06-02T18:45:29","date_gmt":"2025-06-02T16:45:29","guid":{"rendered":"\/martipous2025\/?p=448"},"modified":"2025-06-02T18:45:29","modified_gmt":"2025-06-02T16:45:29","slug":"ens-situem-a-lespai","status":"publish","type":"post","link":"\/martipous2025\/ens-situem-a-lespai\/","title":{"rendered":"Ens situem a l&#8217;espai"},"content":{"rendered":"\n<p class=\"wp-block-paragraph\">Fem un assaig general a La Caldera. Aquest dia ser\u00e0 important perqu\u00e8 ens trobarem ja a l&#8217;espai, incorporem tot el recorregut de pr\u00e0ctica i propostes que portem fins ara al lloc f\u00edsic on el presentarem a alumnat, fam\u00edlies i amigues. <\/p>\n\n\n\n<p class=\"wp-block-paragraph\">Ens sembla un lloc familiar perqu\u00e8 l&#8217;hem visitat, tamb\u00e9 per la confian\u00e7a que ens uneix  al Pau i el Joaqu\u00edn. Tot i que semblava que estava tot dissenyat fins ara amb el seu sentit i els detalls, explorem les possibilitats de l&#8217;escenari, il\u00b7luminaci\u00f3 i so. Fem rotllana per compartir que representa la vergonya, anticipar sentiments i fer-nos costat.<\/p>\n\n\n\n<p class=\"wp-block-paragraph\"><br><\/p>\n\n\n\n<figure class=\"wp-block-image size-full\"><img loading=\"lazy\" decoding=\"async\" width=\"758\" height=\"376\" src=\"\/martipous2025\/wp-content\/uploads\/2025\/06\/Captura-de-pantalla-2025-06-02-184424.png\" alt=\"\" class=\"wp-image-453\" srcset=\"\/martipous2025\/wp-content\/uploads\/2025\/06\/Captura-de-pantalla-2025-06-02-184424.png 758w, \/martipous2025\/wp-content\/uploads\/2025\/06\/Captura-de-pantalla-2025-06-02-184424-300x149.png 300w\" sizes=\"auto, (max-width: 706px) 89vw, (max-width: 767px) 82vw, 740px\" \/><\/figure>\n","protected":false},"excerpt":{"rendered":"<p>Fem un assaig general a La Caldera. Aquest dia ser\u00e0 important perqu\u00e8 ens trobarem ja a l&#8217;espai, incorporem tot el recorregut de pr\u00e0ctica i propostes que portem fins ara al lloc f\u00edsic on el presentarem a alumnat, fam\u00edlies i amigues. Ens sembla un lloc familiar perqu\u00e8 l&#8217;hem visitat, tamb\u00e9 per la confian\u00e7a que ens uneix &hellip; <\/p>\n<p class=\"link-more\"><a href=\"\/martipous2025\/ens-situem-a-lespai\/\" class=\"more-link\">Continua llegint <span class=\"screen-reader-text\">\u00abEns situem a l&#8217;espai\u00bb<\/span><\/a><\/p>\n","protected":false},"author":15,"featured_media":0,"comment_status":"open","ping_status":"open","sticky":false,"template":"","format":"standard","meta":{"footnotes":""},"categories":[1],"tags":[],"class_list":["post-448","post","type-post","status-publish","format-standard","hentry","category-general"],"_links":{"self":[{"href":"\/martipous2025\/wp-json\/wp\/v2\/posts\/448","targetHints":{"allow":["GET"]}}],"collection":[{"href":"\/martipous2025\/wp-json\/wp\/v2\/posts"}],"about":[{"href":"\/martipous2025\/wp-json\/wp\/v2\/types\/post"}],"author":[{"embeddable":true,"href":"\/martipous2025\/wp-json\/wp\/v2\/users\/15"}],"replies":[{"embeddable":true,"href":"\/martipous2025\/wp-json\/wp\/v2\/comments?post=448"}],"version-history":[{"count":2,"href":"\/martipous2025\/wp-json\/wp\/v2\/posts\/448\/revisions"}],"predecessor-version":[{"id":454,"href":"\/martipous2025\/wp-json\/wp\/v2\/posts\/448\/revisions\/454"}],"wp:attachment":[{"href":"\/martipous2025\/wp-json\/wp\/v2\/media?parent=448"}],"wp:term":[{"taxonomy":"category","embeddable":true,"href":"\/martipous2025\/wp-json\/wp\/v2\/categories?post=448"},{"taxonomy":"post_tag","embeddable":true,"href":"\/martipous2025\/wp-json\/wp\/v2\/tags?post=448"}],"curies":[{"name":"wp","href":"https:\/\/api.w.org\/{rel}","templated":true}]}}