{"id":455,"date":"2025-06-24T18:03:09","date_gmt":"2025-06-24T16:03:09","guid":{"rendered":"\/martipous2025\/?p=455"},"modified":"2025-06-24T18:03:09","modified_gmt":"2025-06-24T16:03:09","slug":"el-dia-de-la-presentacio","status":"publish","type":"post","link":"\/martipous2025\/el-dia-de-la-presentacio\/","title":{"rendered":"El dia de la presentaci\u00f3"},"content":{"rendered":"\n<p class=\"wp-block-paragraph\">Per fi va arribar el dia de la presentaci\u00f3 que es va fer el passat 29 de maig en dos passis, al mat\u00ed per tot l&#8217;alumnat de 1r d&#8217;ESO i a les 17.00 h en format m\u00e9s \u00edntim. <br>Vam convidar alguns familiars, amigues i els professors van fer difusi\u00f3 entre la resta del professorat i les persones que hi van participar en el projecte. Vam estar nervioses i tamb\u00e9 en acabar vam compartir uns moments molt especials despr\u00e9s de la representaci\u00f3 de la tarda que va tenir un esperit m\u00e9s pausat i recollit.<br>Hi va haver molts nervis, emoci\u00f3 i tamb\u00e9 ganes de fer. El fet de trobar-se a l&#8217;espai de La Caldera ben envoltades i amb suport de l&#8217;equip i la immin\u00e8ncia de l&#8217;actuaci\u00f3, va motivar les alumnes a donar-ho tot.<\/p>\n\n\n\n<figure class=\"wp-block-image size-full\"><img loading=\"lazy\" decoding=\"async\" width=\"811\" height=\"387\" src=\"\/martipous2025\/wp-content\/uploads\/2025\/06\/show.png\" alt=\"\" class=\"wp-image-458\" srcset=\"\/martipous2025\/wp-content\/uploads\/2025\/06\/show.png 811w, \/martipous2025\/wp-content\/uploads\/2025\/06\/show-300x143.png 300w, \/martipous2025\/wp-content\/uploads\/2025\/06\/show-768x366.png 768w\" sizes=\"auto, (max-width: 767px) 89vw, (max-width: 1000px) 54vw, (max-width: 1071px) 543px, 580px\" \/><\/figure>\n\n\n\n<p class=\"wp-block-paragraph\"><br><\/p>\n\n\n\n<figure class=\"wp-block-image size-full\"><img loading=\"lazy\" decoding=\"async\" width=\"507\" height=\"427\" src=\"\/martipous2025\/wp-content\/uploads\/2025\/06\/show2.png\" alt=\"\" class=\"wp-image-459\" srcset=\"\/martipous2025\/wp-content\/uploads\/2025\/06\/show2.png 507w, \/martipous2025\/wp-content\/uploads\/2025\/06\/show2-300x253.png 300w\" sizes=\"auto, (max-width: 507px) 100vw, 507px\" \/><\/figure>\n","protected":false},"excerpt":{"rendered":"<p>Per fi va arribar el dia de la presentaci\u00f3 que es va fer el passat 29 de maig en dos passis, al mat\u00ed per tot l&#8217;alumnat de 1r d&#8217;ESO i a les 17.00 h en format m\u00e9s \u00edntim. Vam convidar alguns familiars, amigues i els professors van fer difusi\u00f3 entre la resta del professorat i &hellip; <\/p>\n<p class=\"link-more\"><a href=\"\/martipous2025\/el-dia-de-la-presentacio\/\" class=\"more-link\">Continua llegint <span class=\"screen-reader-text\">\u00abEl dia de la presentaci\u00f3\u00bb<\/span><\/a><\/p>\n","protected":false},"author":15,"featured_media":0,"comment_status":"open","ping_status":"open","sticky":false,"template":"","format":"standard","meta":{"footnotes":""},"categories":[1],"tags":[],"class_list":["post-455","post","type-post","status-publish","format-standard","hentry","category-general"],"_links":{"self":[{"href":"\/martipous2025\/wp-json\/wp\/v2\/posts\/455","targetHints":{"allow":["GET"]}}],"collection":[{"href":"\/martipous2025\/wp-json\/wp\/v2\/posts"}],"about":[{"href":"\/martipous2025\/wp-json\/wp\/v2\/types\/post"}],"author":[{"embeddable":true,"href":"\/martipous2025\/wp-json\/wp\/v2\/users\/15"}],"replies":[{"embeddable":true,"href":"\/martipous2025\/wp-json\/wp\/v2\/comments?post=455"}],"version-history":[{"count":2,"href":"\/martipous2025\/wp-json\/wp\/v2\/posts\/455\/revisions"}],"predecessor-version":[{"id":460,"href":"\/martipous2025\/wp-json\/wp\/v2\/posts\/455\/revisions\/460"}],"wp:attachment":[{"href":"\/martipous2025\/wp-json\/wp\/v2\/media?parent=455"}],"wp:term":[{"taxonomy":"category","embeddable":true,"href":"\/martipous2025\/wp-json\/wp\/v2\/categories?post=455"},{"taxonomy":"post_tag","embeddable":true,"href":"\/martipous2025\/wp-json\/wp\/v2\/tags?post=455"}],"curies":[{"name":"wp","href":"https:\/\/api.w.org\/{rel}","templated":true}]}}