{"id":35,"date":"2022-11-14T10:43:47","date_gmt":"2022-11-14T08:43:47","guid":{"rendered":"https:\/\/blocsenresidencia.bcn.cat\/moisesbroggi2023\/?p=35"},"modified":"2022-11-28T16:56:22","modified_gmt":"2022-11-28T14:56:22","slug":"primeres-sessions-amb-victoria-szpunberg","status":"publish","type":"post","link":"https:\/\/blocsenresidencia.bcn.cat\/moisesbroggi2023\/2022\/11\/14\/primeres-sessions-amb-victoria-szpunberg\/","title":{"rendered":"Primeres sessions amb Victoria Szpunberg"},"content":{"rendered":"\n<p class=\"wp-block-paragraph\"><\/p>\n\n\n\n<figure class=\"wp-block-image size-full\"><img loading=\"lazy\" decoding=\"async\" width=\"696\" height=\"470\" src=\"https:\/\/blocsenresidencia.bcn.cat\/moisesbroggi2023\/wp-content\/uploads\/2022\/11\/ER_foto-1.jpg\" alt=\"\" class=\"wp-image-37\" srcset=\"https:\/\/blocsenresidencia.bcn.cat\/moisesbroggi2023\/wp-content\/uploads\/2022\/11\/ER_foto-1.jpg 696w, https:\/\/blocsenresidencia.bcn.cat\/moisesbroggi2023\/wp-content\/uploads\/2022\/11\/ER_foto-1-300x203.jpg 300w\" sizes=\"auto, (max-width: 696px) 100vw, 696px\" \/><\/figure>\n\n\n\n<p class=\"wp-block-paragraph\">Des del mes d\u2019octubre, tots els dilluns l\u2019alumnat del grup 2.2 d\u2019ESO de l&#8217;Institut Mois\u00e8s Broggi treballem dins el projecte de Creaci\u00f3 esc\u00e8nica amb la Victoria Szpunberg. dramaturga autora de textos com&nbsp;<em>La m\u00e0quina de parlar&nbsp;<\/em>o&nbsp;<em>El pes d\u2019un cos<\/em>. La Victoria Szpunberg ens acompanyar\u00e0 durant tot el curs gr\u00e0cies al programa Creadors en Resid\u00e8ncia, en col\u00b7laboraci\u00f3 amb la Sala Beckett.<\/p>\n\n\n\n<p class=\"wp-block-paragraph\">En aquestes primeres sessions amb l\u2019artista resident, hem fet diverses activitats que ens han servit per presentar-nos, per entendre que en teatre fins i tot quan partim de la realitat estem creant una ficci\u00f3, i per cohesionar-nos m\u00e9s com a grup.&nbsp;<\/p>\n\n\n\n<p class=\"wp-block-paragraph\">El primer dia vam haver de sortir davant els companys i les companyes a presentar-nos. La nostra presentaci\u00f3 havia de contenir tres mentides, que el p\u00fablic i la dramaturga havien de tractar d\u2019identificar. La Victoria Szpunberg tamb\u00e9 es va presentar, i aix\u00ed vam poder comen\u00e7ar a con\u00e8ixer-la una mica, tot separant la realitat de la ficci\u00f3 en all\u00f2 que ens deia. En una sessi\u00f3 posterior, vam continuar presentant-nos, per\u00f2 ara incorporant gestos o accions i apropiant-nos de les presentacions dels companys, de les que feiem una versi\u00f3.<\/p>\n\n\n\n<p class=\"wp-block-paragraph\">Tamb\u00e9 hem fet din\u00e0miques teatrals que han treballat la confian\u00e7a, la desinhibici\u00f3, la cohesi\u00f3 i la coordinaci\u00f3 entre tot el grup. Per exemple, ens hem mogut en silenci per tot l\u2019espai de l\u2019aula ocupant els espais i sense xocar-nos, caminant tots al mateix ritme, per la qual cosa ens hav\u00edem d\u2019observar els uns als altres. I a l\u2019inici de cada sessi\u00f3, un de nosaltres proposa una can\u00e7\u00f3 i tot el grup es mou o balla lliurement per l\u2019espai seguint la m\u00fasica.<\/p>\n\n\n\n<p class=\"wp-block-paragraph\">Per \u00faltim, hem comen\u00e7at a treballar la idea de coralitat, que ens serveix per combinar all\u00f2 individual amb el col\u00b7lectiu. Fins ara hem declamat fragments de cors de dues trag\u00e8dies gregues, l\u2019<em>\u00c8dip rei&nbsp;<\/em>i&nbsp;<em>Medea.<\/em>&nbsp;Per a les properes sessions, hem rebut l\u2019enc\u00e0rrec de formar petits cors i proposar una posada en escena d\u2019un dels dos textos.<\/p>\n\n\n\n<p class=\"wp-block-paragraph\"><\/p>\n\n\n\n<figure class=\"wp-block-image size-full\"><img loading=\"lazy\" decoding=\"async\" width=\"800\" height=\"600\" src=\"https:\/\/blocsenresidencia.bcn.cat\/moisesbroggi2023\/wp-content\/uploads\/2022\/11\/Er_foto-2.jpg\" alt=\"\" class=\"wp-image-39\" srcset=\"https:\/\/blocsenresidencia.bcn.cat\/moisesbroggi2023\/wp-content\/uploads\/2022\/11\/Er_foto-2.jpg 800w, https:\/\/blocsenresidencia.bcn.cat\/moisesbroggi2023\/wp-content\/uploads\/2022\/11\/Er_foto-2-300x225.jpg 300w, https:\/\/blocsenresidencia.bcn.cat\/moisesbroggi2023\/wp-content\/uploads\/2022\/11\/Er_foto-2-768x576.jpg 768w\" sizes=\"auto, (max-width: 767px) 89vw, (max-width: 1000px) 54vw, (max-width: 1071px) 543px, 580px\" \/><\/figure>\n\n\n\n<figure class=\"wp-block-image size-full is-resized\"><img loading=\"lazy\" decoding=\"async\" src=\"https:\/\/blocsenresidencia.bcn.cat\/moisesbroggi2023\/wp-content\/uploads\/2022\/11\/ER_foto-4.jpg\" alt=\"\" class=\"wp-image-41\" width=\"312\" height=\"210\" srcset=\"https:\/\/blocsenresidencia.bcn.cat\/moisesbroggi2023\/wp-content\/uploads\/2022\/11\/ER_foto-4.jpg 800w, https:\/\/blocsenresidencia.bcn.cat\/moisesbroggi2023\/wp-content\/uploads\/2022\/11\/ER_foto-4-300x203.jpg 300w, https:\/\/blocsenresidencia.bcn.cat\/moisesbroggi2023\/wp-content\/uploads\/2022\/11\/ER_foto-4-768x519.jpg 768w\" sizes=\"auto, (max-width: 312px) 100vw, 312px\" \/><\/figure>\n\n\n\n<p class=\"wp-block-paragraph\">Acabem amb algunes breus reflexions que vam escriure despr\u00e9s de la primera sessi\u00f3 amb la Victoria Szpunberg:<\/p>\n\n\n\n<p class=\"wp-block-paragraph\"><em>\u201cEns va semblar que amb ella aconseguirem tenir un molt bon aprenentatge ja que t\u00e9 una traject\u00f2ria molt professional dins d\u2019aquest m\u00f3n teatral.\u201d&nbsp;<\/em>(\u00c8ric A.)<\/p>\n\n\n\n<p class=\"wp-block-paragraph\"><em>\u201cUna de les coses que he apr\u00e8s \u00e9s que per fer teatre s\u2019ha de mentir\u201d&nbsp;<\/em>(Biel)<\/p>\n\n\n\n<p class=\"wp-block-paragraph\"><em>\u201cEl que m\u00e9s destacaria de la primera sessi\u00f3 \u00e9s que ens deman\u00e9s que ment\u00edssim sobre la nostra vida i no digu\u00e9ssim la veritat perqu\u00e8 sab\u00e9s com som\u201d&nbsp;<\/em>(Anna)<\/p>\n\n\n\n<p class=\"wp-block-paragraph\"><em>\u201cEn les dues hores que he estat amb e\u00f1lla, m\u2019ha semblat que ensenya d\u2019una manera eficient per\u00f2 tamb\u00e9 divertida, s\u00f3n molt din\u00e0miques\u201d&nbsp;<\/em>(Luca)<\/p>\n\n\n\n<p class=\"wp-block-paragraph\"><em>\u201cHe apr\u00e8s una mica a com mentir. Alguna t\u00e8cnica com la de que dir coses estranyes fa pensar que \u00e9s mentida. Penso que per ser la primera classe era una bona manera per comen\u00e7ar. Tinc ganes que torni a venir\u201d&nbsp;<\/em>(C\u00e8lia)<\/p>\n","protected":false},"excerpt":{"rendered":"<p>Des del mes d\u2019octubre, tots els dilluns l\u2019alumnat del grup 2.2 d\u2019ESO de l&#8217;Institut Mois\u00e8s Broggi treballem dins el projecte de Creaci\u00f3 esc\u00e8nica amb la Victoria Szpunberg. dramaturga autora de textos com&nbsp;La m\u00e0quina de parlar&nbsp;o&nbsp;El pes d\u2019un cos. La Victoria Szpunberg ens acompanyar\u00e0 durant tot el curs gr\u00e0cies al programa Creadors en Resid\u00e8ncia, en col\u00b7laboraci\u00f3 &hellip; <\/p>\n<p class=\"link-more\"><a href=\"https:\/\/blocsenresidencia.bcn.cat\/moisesbroggi2023\/2022\/11\/14\/primeres-sessions-amb-victoria-szpunberg\/\" class=\"more-link\">Continua llegint <span class=\"screen-reader-text\">\u00abPrimeres sessions amb Victoria Szpunberg\u00bb<\/span><\/a><\/p>\n","protected":false},"author":4,"featured_media":0,"comment_status":"open","ping_status":"open","sticky":false,"template":"","format":"standard","meta":{"footnotes":""},"categories":[1],"tags":[],"class_list":["post-35","post","type-post","status-publish","format-standard","hentry","category-general"],"_links":{"self":[{"href":"https:\/\/blocsenresidencia.bcn.cat\/moisesbroggi2023\/wp-json\/wp\/v2\/posts\/35","targetHints":{"allow":["GET"]}}],"collection":[{"href":"https:\/\/blocsenresidencia.bcn.cat\/moisesbroggi2023\/wp-json\/wp\/v2\/posts"}],"about":[{"href":"https:\/\/blocsenresidencia.bcn.cat\/moisesbroggi2023\/wp-json\/wp\/v2\/types\/post"}],"author":[{"embeddable":true,"href":"https:\/\/blocsenresidencia.bcn.cat\/moisesbroggi2023\/wp-json\/wp\/v2\/users\/4"}],"replies":[{"embeddable":true,"href":"https:\/\/blocsenresidencia.bcn.cat\/moisesbroggi2023\/wp-json\/wp\/v2\/comments?post=35"}],"version-history":[{"count":7,"href":"https:\/\/blocsenresidencia.bcn.cat\/moisesbroggi2023\/wp-json\/wp\/v2\/posts\/35\/revisions"}],"predecessor-version":[{"id":50,"href":"https:\/\/blocsenresidencia.bcn.cat\/moisesbroggi2023\/wp-json\/wp\/v2\/posts\/35\/revisions\/50"}],"wp:attachment":[{"href":"https:\/\/blocsenresidencia.bcn.cat\/moisesbroggi2023\/wp-json\/wp\/v2\/media?parent=35"}],"wp:term":[{"taxonomy":"category","embeddable":true,"href":"https:\/\/blocsenresidencia.bcn.cat\/moisesbroggi2023\/wp-json\/wp\/v2\/categories?post=35"},{"taxonomy":"post_tag","embeddable":true,"href":"https:\/\/blocsenresidencia.bcn.cat\/moisesbroggi2023\/wp-json\/wp\/v2\/tags?post=35"}],"curies":[{"name":"wp","href":"https:\/\/api.w.org\/{rel}","templated":true}]}}