{"id":57,"date":"2022-12-02T12:09:30","date_gmt":"2022-12-02T10:09:30","guid":{"rendered":"https:\/\/blocsenresidencia.bcn.cat\/moisesbroggi2023\/?p=57"},"modified":"2022-12-02T12:09:30","modified_gmt":"2022-12-02T10:09:30","slug":"el-primer-trimestre","status":"publish","type":"post","link":"https:\/\/blocsenresidencia.bcn.cat\/moisesbroggi2023\/2022\/12\/02\/el-primer-trimestre\/","title":{"rendered":"El primer trimestre"},"content":{"rendered":"\n<p class=\"wp-block-paragraph\">Durant aquest primer trimestre de projecte he fet moltes coses: Per comen\u00e7ar, juntament amb tot segon d\u2019ESO, vaig mirar una pel\u00b7l\u00edcula anomenada <em>Petite Maman<\/em> de C\u00e9line Sciamma i en vaig fer unes activitats. A continuaci\u00f3, vaig con\u00e8ixer, juntament amb la classe, la professora que ens ajudaria a fer el projecte de teatre, la Victoria Szpunberg. Inicialment, vam fer unes quantes classes amb ella per con\u00e8ixer-nos millor tots. Aquestes classes comen\u00e7aven amb una persona que escollia una can\u00e7\u00f3 (una cada setmana) i entre tots hav\u00edem de fer-ne com una actuaci\u00f3 o com una esp\u00e8cie de coreografia, expressant-nos. Despr\u00e9s feia altres activitats de coordinaci\u00f3, expressi\u00f3\u2026 Seguidament, vaig comen\u00e7ar a treballar els cors, per fer-ho em van entregar dos fragments de dos cors grecs, i despr\u00e9s de llegir-los conjuntament, van fer grups de 5 persones i amb aquests companys, vam haver de triar un dels dos cors, i posteriorment, coordinar-nos b\u00e9 i pensar com representar-lo. En acabat cada grup el va haver d\u2019interpretar a la nostre sala d\u2019actes. Per continuar treballant els cors, els professors em van encomanar que aquest cop, amb els mateixos grups, f\u00f3ssim nosaltres qui cre\u00e9ssim un cor, representant un tema que ens represent\u00e9s i identifiqu\u00e9s. Per realitzar-ho em vaig reunir en grup i vam pensar idees, despr\u00e9s vam crear el text i finalment vam raonar com representar-lo f\u00edsicament i el vestuari. El vam interpretar cada grup a la Sala d\u2019actes i la Victoria Szpunberg ens va donar unes instruccions de com millorar-los. Em vaig tornar a reunir en grup i amb les millores que ens va proposar la Victoria, vam millorar el treball i finalment el vam representar un altre cop i el vam comentar tots junts.\u00a0\u00a0<\/p>\n\n\n\n<p class=\"wp-block-paragraph\">Totes aquestes activitats tenen un objectiu: les activitats inicials tenien l\u2019objectiu de fer que aprengu\u00e9ssim a coordinar-nos i expressar-nos. I l\u2019activitat dels cors t\u00e9 la finalitat de tenir una opci\u00f3 de tipus d\u2019obra que podrem utilitzar al final, quan ens toqui fer el nostre projecte.<\/p>\n\n\n\n<p class=\"wp-block-paragraph\">Tot aix\u00f2 m\u2019ha perm\u00e8s aprendre un tipus de teatre, que ja usaven els grecs, els cors, i tamb\u00e9 m\u2019ha ajudat a perdre vergonya.<\/p>\n\n\n\n<p class=\"wp-block-paragraph\">Aix\u00ed i tot, crec que hauria de millorar en la participaci\u00f3 a classe.<\/p>\n\n\n\n<p class=\"has-text-align-right wp-block-paragraph\"><strong>Biel Gascon<\/strong><\/p>\n\n\n\n<figure class=\"wp-block-image size-large\"><img loading=\"lazy\" decoding=\"async\" width=\"1024\" height=\"768\" src=\"https:\/\/blocsenresidencia.bcn.cat\/moisesbroggi2023\/wp-content\/uploads\/2022\/12\/IMG20221024125051-1024x768.jpg\" alt=\"\" class=\"wp-image-58\" srcset=\"https:\/\/blocsenresidencia.bcn.cat\/moisesbroggi2023\/wp-content\/uploads\/2022\/12\/IMG20221024125051-1024x768.jpg 1024w, https:\/\/blocsenresidencia.bcn.cat\/moisesbroggi2023\/wp-content\/uploads\/2022\/12\/IMG20221024125051-300x225.jpg 300w, https:\/\/blocsenresidencia.bcn.cat\/moisesbroggi2023\/wp-content\/uploads\/2022\/12\/IMG20221024125051-768x576.jpg 768w, https:\/\/blocsenresidencia.bcn.cat\/moisesbroggi2023\/wp-content\/uploads\/2022\/12\/IMG20221024125051-1536x1152.jpg 1536w, https:\/\/blocsenresidencia.bcn.cat\/moisesbroggi2023\/wp-content\/uploads\/2022\/12\/IMG20221024125051-2048x1536.jpg 2048w\" sizes=\"auto, (max-width: 767px) 89vw, (max-width: 1000px) 54vw, (max-width: 1071px) 543px, 580px\" \/><\/figure>\n\n\n\n<figure class=\"wp-block-image size-large\"><img loading=\"lazy\" decoding=\"async\" width=\"1024\" height=\"768\" src=\"https:\/\/blocsenresidencia.bcn.cat\/moisesbroggi2023\/wp-content\/uploads\/2022\/12\/IMG20221114114751-1024x768.jpg\" alt=\"\" class=\"wp-image-59\" srcset=\"https:\/\/blocsenresidencia.bcn.cat\/moisesbroggi2023\/wp-content\/uploads\/2022\/12\/IMG20221114114751-1024x768.jpg 1024w, https:\/\/blocsenresidencia.bcn.cat\/moisesbroggi2023\/wp-content\/uploads\/2022\/12\/IMG20221114114751-300x225.jpg 300w, https:\/\/blocsenresidencia.bcn.cat\/moisesbroggi2023\/wp-content\/uploads\/2022\/12\/IMG20221114114751-768x576.jpg 768w, https:\/\/blocsenresidencia.bcn.cat\/moisesbroggi2023\/wp-content\/uploads\/2022\/12\/IMG20221114114751-1536x1152.jpg 1536w, https:\/\/blocsenresidencia.bcn.cat\/moisesbroggi2023\/wp-content\/uploads\/2022\/12\/IMG20221114114751-2048x1536.jpg 2048w\" sizes=\"auto, (max-width: 767px) 89vw, (max-width: 1000px) 54vw, (max-width: 1071px) 543px, 580px\" \/><\/figure>\n","protected":false},"excerpt":{"rendered":"<p>Durant aquest primer trimestre de projecte he fet moltes coses: Per comen\u00e7ar, juntament amb tot segon d\u2019ESO, vaig mirar una pel\u00b7l\u00edcula anomenada Petite Maman de C\u00e9line Sciamma i en vaig fer unes activitats. A continuaci\u00f3, vaig con\u00e8ixer, juntament amb la classe, la professora que ens ajudaria a fer el projecte de teatre, la Victoria Szpunberg. &hellip; <\/p>\n<p class=\"link-more\"><a href=\"https:\/\/blocsenresidencia.bcn.cat\/moisesbroggi2023\/2022\/12\/02\/el-primer-trimestre\/\" class=\"more-link\">Continua llegint <span class=\"screen-reader-text\">\u00abEl primer trimestre\u00bb<\/span><\/a><\/p>\n","protected":false},"author":4,"featured_media":0,"comment_status":"open","ping_status":"open","sticky":false,"template":"","format":"standard","meta":{"footnotes":""},"categories":[1],"tags":[],"class_list":["post-57","post","type-post","status-publish","format-standard","hentry","category-general"],"_links":{"self":[{"href":"https:\/\/blocsenresidencia.bcn.cat\/moisesbroggi2023\/wp-json\/wp\/v2\/posts\/57","targetHints":{"allow":["GET"]}}],"collection":[{"href":"https:\/\/blocsenresidencia.bcn.cat\/moisesbroggi2023\/wp-json\/wp\/v2\/posts"}],"about":[{"href":"https:\/\/blocsenresidencia.bcn.cat\/moisesbroggi2023\/wp-json\/wp\/v2\/types\/post"}],"author":[{"embeddable":true,"href":"https:\/\/blocsenresidencia.bcn.cat\/moisesbroggi2023\/wp-json\/wp\/v2\/users\/4"}],"replies":[{"embeddable":true,"href":"https:\/\/blocsenresidencia.bcn.cat\/moisesbroggi2023\/wp-json\/wp\/v2\/comments?post=57"}],"version-history":[{"count":1,"href":"https:\/\/blocsenresidencia.bcn.cat\/moisesbroggi2023\/wp-json\/wp\/v2\/posts\/57\/revisions"}],"predecessor-version":[{"id":60,"href":"https:\/\/blocsenresidencia.bcn.cat\/moisesbroggi2023\/wp-json\/wp\/v2\/posts\/57\/revisions\/60"}],"wp:attachment":[{"href":"https:\/\/blocsenresidencia.bcn.cat\/moisesbroggi2023\/wp-json\/wp\/v2\/media?parent=57"}],"wp:term":[{"taxonomy":"category","embeddable":true,"href":"https:\/\/blocsenresidencia.bcn.cat\/moisesbroggi2023\/wp-json\/wp\/v2\/categories?post=57"},{"taxonomy":"post_tag","embeddable":true,"href":"https:\/\/blocsenresidencia.bcn.cat\/moisesbroggi2023\/wp-json\/wp\/v2\/tags?post=57"}],"curies":[{"name":"wp","href":"https:\/\/api.w.org\/{rel}","templated":true}]}}