{"id":81,"date":"2023-05-30T20:00:38","date_gmt":"2023-05-30T18:00:38","guid":{"rendered":"https:\/\/blocsenresidencia.bcn.cat\/moisesbroggi2023\/?p=81"},"modified":"2023-05-30T20:03:32","modified_gmt":"2023-05-30T18:03:32","slug":"estrena-de-no-tenim-tema-a-la-sala-beckett","status":"publish","type":"post","link":"https:\/\/blocsenresidencia.bcn.cat\/moisesbroggi2023\/2023\/05\/30\/estrena-de-no-tenim-tema-a-la-sala-beckett\/","title":{"rendered":"Estrena de \u00abNo tenim tema\u00bb a la Sala Beckett"},"content":{"rendered":"\n<figure class=\"wp-block-image size-full\"><img loading=\"lazy\" decoding=\"async\" width=\"800\" height=\"600\" src=\"https:\/\/blocsenresidencia.bcn.cat\/moisesbroggi2023\/wp-content\/uploads\/2023\/05\/Beckett_1.jpg\" alt=\"\" class=\"wp-image-82\" srcset=\"https:\/\/blocsenresidencia.bcn.cat\/moisesbroggi2023\/wp-content\/uploads\/2023\/05\/Beckett_1.jpg 800w, https:\/\/blocsenresidencia.bcn.cat\/moisesbroggi2023\/wp-content\/uploads\/2023\/05\/Beckett_1-300x225.jpg 300w, https:\/\/blocsenresidencia.bcn.cat\/moisesbroggi2023\/wp-content\/uploads\/2023\/05\/Beckett_1-768x576.jpg 768w\" sizes=\"auto, (max-width: 767px) 89vw, (max-width: 1000px) 54vw, (max-width: 1071px) 543px, 580px\" \/><\/figure>\n\n\n\n<p class=\"wp-block-paragraph\">El\u00a0dijous 18 de maig vam estrenar\u00a0<em>No tenim tema<\/em>, la creaci\u00f3 col\u00b7lectiva que vol ser una mostra de tot\u00a0el\u00a0que hem treballat aquest any a la resid\u00e8ncia de Victoria Szpunberg. L\u2019estrena va tenir lloc a la\u00a0Sala\u00a0de dalt de la\u00a0Sala\u00a0Beckett i vam fer dos passis: un a les 12:00h per als nostres companys i companyes de 1r i 2n d&#8217;ESO, i un a les 18:00h per a fam\u00edlies i professorat.<br>Aqu\u00ed teniu l\u2019enlla\u00e7\u00a0amb l\u2019anunci de l\u2019estrena que va publicar la Sala Beckett a la seva p\u00e0gina web:\u00a0<a rel=\"noreferrer noopener\" href=\"https:\/\/www.salabeckett.cat\/activitat-resta\/no-tenim-tema\/\" target=\"_blank\">https:\/\/www.salabeckett.cat\/activitat-resta\/no-tenim-tema\/<\/a>.<br>Va ser un dia molt especial per a nosaltres ja que hem estat preparant aquesta obra durant tot\u00a0el\u00a0curs, des de les primeres activitat al voltant dels cors que vam comen\u00e7ar al primer trimestre, fins la creaci\u00f3 de l&#8217;obra recollint idees que havien anat sortint als cors anteriors; creaci\u00f3 que tamb\u00e9 va ser volgudament coral i en la qual hem participar tots els integrants del projecte: alumnes, professor i artista resident. <\/p>\n\n\n\n<p class=\"wp-block-paragraph\">Ens fa molta il\u00b7lusi\u00f3 poder compartir amb vosaltres aquestes imatges de l&#8217;assaig general i de l&#8217;estrena a la Sala Beckett.<\/p>\n\n\n\n<p class=\"wp-block-paragraph\"><\/p>\n\n\n\n<figure class=\"wp-block-image size-full\"><img loading=\"lazy\" decoding=\"async\" width=\"800\" height=\"600\" src=\"https:\/\/blocsenresidencia.bcn.cat\/moisesbroggi2023\/wp-content\/uploads\/2023\/05\/Beckett_2.jpg\" alt=\"\" class=\"wp-image-83\" srcset=\"https:\/\/blocsenresidencia.bcn.cat\/moisesbroggi2023\/wp-content\/uploads\/2023\/05\/Beckett_2.jpg 800w, https:\/\/blocsenresidencia.bcn.cat\/moisesbroggi2023\/wp-content\/uploads\/2023\/05\/Beckett_2-300x225.jpg 300w, https:\/\/blocsenresidencia.bcn.cat\/moisesbroggi2023\/wp-content\/uploads\/2023\/05\/Beckett_2-768x576.jpg 768w\" sizes=\"auto, (max-width: 767px) 89vw, (max-width: 1000px) 54vw, (max-width: 1071px) 543px, 580px\" \/><\/figure>\n\n\n\n<figure class=\"wp-block-image size-full\"><img loading=\"lazy\" decoding=\"async\" width=\"800\" height=\"600\" src=\"https:\/\/blocsenresidencia.bcn.cat\/moisesbroggi2023\/wp-content\/uploads\/2023\/05\/Beckett_3.jpg\" alt=\"\" class=\"wp-image-84\" srcset=\"https:\/\/blocsenresidencia.bcn.cat\/moisesbroggi2023\/wp-content\/uploads\/2023\/05\/Beckett_3.jpg 800w, https:\/\/blocsenresidencia.bcn.cat\/moisesbroggi2023\/wp-content\/uploads\/2023\/05\/Beckett_3-300x225.jpg 300w, https:\/\/blocsenresidencia.bcn.cat\/moisesbroggi2023\/wp-content\/uploads\/2023\/05\/Beckett_3-768x576.jpg 768w\" sizes=\"auto, (max-width: 767px) 89vw, (max-width: 1000px) 54vw, (max-width: 1071px) 543px, 580px\" \/><\/figure>\n\n\n\n<figure class=\"wp-block-image size-full\"><img loading=\"lazy\" decoding=\"async\" width=\"800\" height=\"600\" src=\"https:\/\/blocsenresidencia.bcn.cat\/moisesbroggi2023\/wp-content\/uploads\/2023\/05\/Beckett_4.jpg\" alt=\"\" class=\"wp-image-85\" srcset=\"https:\/\/blocsenresidencia.bcn.cat\/moisesbroggi2023\/wp-content\/uploads\/2023\/05\/Beckett_4.jpg 800w, https:\/\/blocsenresidencia.bcn.cat\/moisesbroggi2023\/wp-content\/uploads\/2023\/05\/Beckett_4-300x225.jpg 300w, https:\/\/blocsenresidencia.bcn.cat\/moisesbroggi2023\/wp-content\/uploads\/2023\/05\/Beckett_4-768x576.jpg 768w\" sizes=\"auto, (max-width: 767px) 89vw, (max-width: 1000px) 54vw, (max-width: 1071px) 543px, 580px\" \/><\/figure>\n\n\n\n<figure class=\"wp-block-image size-full\"><img loading=\"lazy\" decoding=\"async\" width=\"800\" height=\"480\" src=\"https:\/\/blocsenresidencia.bcn.cat\/moisesbroggi2023\/wp-content\/uploads\/2023\/05\/Beckett_5.jpg\" alt=\"\" class=\"wp-image-86\" srcset=\"https:\/\/blocsenresidencia.bcn.cat\/moisesbroggi2023\/wp-content\/uploads\/2023\/05\/Beckett_5.jpg 800w, https:\/\/blocsenresidencia.bcn.cat\/moisesbroggi2023\/wp-content\/uploads\/2023\/05\/Beckett_5-300x180.jpg 300w, https:\/\/blocsenresidencia.bcn.cat\/moisesbroggi2023\/wp-content\/uploads\/2023\/05\/Beckett_5-768x461.jpg 768w\" sizes=\"auto, (max-width: 767px) 89vw, (max-width: 1000px) 54vw, (max-width: 1071px) 543px, 580px\" \/><\/figure>\n\n\n\n<figure class=\"wp-block-image size-full\"><img loading=\"lazy\" decoding=\"async\" width=\"800\" height=\"600\" src=\"https:\/\/blocsenresidencia.bcn.cat\/moisesbroggi2023\/wp-content\/uploads\/2023\/05\/Beckett_6.jpg\" alt=\"\" class=\"wp-image-87\" srcset=\"https:\/\/blocsenresidencia.bcn.cat\/moisesbroggi2023\/wp-content\/uploads\/2023\/05\/Beckett_6.jpg 800w, https:\/\/blocsenresidencia.bcn.cat\/moisesbroggi2023\/wp-content\/uploads\/2023\/05\/Beckett_6-300x225.jpg 300w, https:\/\/blocsenresidencia.bcn.cat\/moisesbroggi2023\/wp-content\/uploads\/2023\/05\/Beckett_6-768x576.jpg 768w\" sizes=\"auto, (max-width: 767px) 89vw, (max-width: 1000px) 54vw, (max-width: 1071px) 543px, 580px\" \/><\/figure>\n\n\n\n<figure class=\"wp-block-image size-full\"><img loading=\"lazy\" decoding=\"async\" width=\"800\" height=\"600\" src=\"https:\/\/blocsenresidencia.bcn.cat\/moisesbroggi2023\/wp-content\/uploads\/2023\/05\/Beckett_7.jpg\" alt=\"\" class=\"wp-image-88\" srcset=\"https:\/\/blocsenresidencia.bcn.cat\/moisesbroggi2023\/wp-content\/uploads\/2023\/05\/Beckett_7.jpg 800w, https:\/\/blocsenresidencia.bcn.cat\/moisesbroggi2023\/wp-content\/uploads\/2023\/05\/Beckett_7-300x225.jpg 300w, https:\/\/blocsenresidencia.bcn.cat\/moisesbroggi2023\/wp-content\/uploads\/2023\/05\/Beckett_7-768x576.jpg 768w\" sizes=\"auto, (max-width: 767px) 89vw, (max-width: 1000px) 54vw, (max-width: 1071px) 543px, 580px\" \/><\/figure>\n\n\n\n<figure class=\"wp-block-image size-full\"><img loading=\"lazy\" decoding=\"async\" width=\"800\" height=\"600\" src=\"https:\/\/blocsenresidencia.bcn.cat\/moisesbroggi2023\/wp-content\/uploads\/2023\/05\/Beckett_8.jpg\" alt=\"\" class=\"wp-image-89\" srcset=\"https:\/\/blocsenresidencia.bcn.cat\/moisesbroggi2023\/wp-content\/uploads\/2023\/05\/Beckett_8.jpg 800w, https:\/\/blocsenresidencia.bcn.cat\/moisesbroggi2023\/wp-content\/uploads\/2023\/05\/Beckett_8-300x225.jpg 300w, https:\/\/blocsenresidencia.bcn.cat\/moisesbroggi2023\/wp-content\/uploads\/2023\/05\/Beckett_8-768x576.jpg 768w\" sizes=\"auto, (max-width: 767px) 89vw, (max-width: 1000px) 54vw, (max-width: 1071px) 543px, 580px\" \/><\/figure>\n\n\n\n<figure class=\"wp-block-image size-full\"><img loading=\"lazy\" decoding=\"async\" width=\"800\" height=\"600\" src=\"https:\/\/blocsenresidencia.bcn.cat\/moisesbroggi2023\/wp-content\/uploads\/2023\/05\/Beckett_9.jpg\" alt=\"\" class=\"wp-image-90\" srcset=\"https:\/\/blocsenresidencia.bcn.cat\/moisesbroggi2023\/wp-content\/uploads\/2023\/05\/Beckett_9.jpg 800w, https:\/\/blocsenresidencia.bcn.cat\/moisesbroggi2023\/wp-content\/uploads\/2023\/05\/Beckett_9-300x225.jpg 300w, https:\/\/blocsenresidencia.bcn.cat\/moisesbroggi2023\/wp-content\/uploads\/2023\/05\/Beckett_9-768x576.jpg 768w\" sizes=\"auto, (max-width: 767px) 89vw, (max-width: 1000px) 54vw, (max-width: 1071px) 543px, 580px\" \/><\/figure>\n\n\n\n<figure class=\"wp-block-image size-full\"><img loading=\"lazy\" decoding=\"async\" width=\"800\" height=\"600\" src=\"https:\/\/blocsenresidencia.bcn.cat\/moisesbroggi2023\/wp-content\/uploads\/2023\/05\/Beckett_10.jpg\" alt=\"\" class=\"wp-image-91\" srcset=\"https:\/\/blocsenresidencia.bcn.cat\/moisesbroggi2023\/wp-content\/uploads\/2023\/05\/Beckett_10.jpg 800w, https:\/\/blocsenresidencia.bcn.cat\/moisesbroggi2023\/wp-content\/uploads\/2023\/05\/Beckett_10-300x225.jpg 300w, https:\/\/blocsenresidencia.bcn.cat\/moisesbroggi2023\/wp-content\/uploads\/2023\/05\/Beckett_10-768x576.jpg 768w\" sizes=\"auto, (max-width: 767px) 89vw, (max-width: 1000px) 54vw, (max-width: 1071px) 543px, 580px\" \/><\/figure>\n\n\n\n<figure class=\"wp-block-image size-full\"><img loading=\"lazy\" decoding=\"async\" width=\"800\" height=\"600\" src=\"https:\/\/blocsenresidencia.bcn.cat\/moisesbroggi2023\/wp-content\/uploads\/2023\/05\/Beckett_11.jpg\" alt=\"\" class=\"wp-image-92\" srcset=\"https:\/\/blocsenresidencia.bcn.cat\/moisesbroggi2023\/wp-content\/uploads\/2023\/05\/Beckett_11.jpg 800w, https:\/\/blocsenresidencia.bcn.cat\/moisesbroggi2023\/wp-content\/uploads\/2023\/05\/Beckett_11-300x225.jpg 300w, https:\/\/blocsenresidencia.bcn.cat\/moisesbroggi2023\/wp-content\/uploads\/2023\/05\/Beckett_11-768x576.jpg 768w\" sizes=\"auto, (max-width: 767px) 89vw, (max-width: 1000px) 54vw, (max-width: 1071px) 543px, 580px\" \/><\/figure>\n\n\n\n<figure class=\"wp-block-image size-full\"><img loading=\"lazy\" decoding=\"async\" width=\"800\" height=\"600\" src=\"https:\/\/blocsenresidencia.bcn.cat\/moisesbroggi2023\/wp-content\/uploads\/2023\/05\/Beckett_12-1.jpg\" alt=\"\" class=\"wp-image-94\" srcset=\"https:\/\/blocsenresidencia.bcn.cat\/moisesbroggi2023\/wp-content\/uploads\/2023\/05\/Beckett_12-1.jpg 800w, https:\/\/blocsenresidencia.bcn.cat\/moisesbroggi2023\/wp-content\/uploads\/2023\/05\/Beckett_12-1-300x225.jpg 300w, https:\/\/blocsenresidencia.bcn.cat\/moisesbroggi2023\/wp-content\/uploads\/2023\/05\/Beckett_12-1-768x576.jpg 768w\" sizes=\"auto, (max-width: 767px) 89vw, (max-width: 1000px) 54vw, (max-width: 1071px) 543px, 580px\" \/><\/figure>\n","protected":false},"excerpt":{"rendered":"<p>El\u00a0dijous 18 de maig vam estrenar\u00a0No tenim tema, la creaci\u00f3 col\u00b7lectiva que vol ser una mostra de tot\u00a0el\u00a0que hem treballat aquest any a la resid\u00e8ncia de Victoria Szpunberg. L\u2019estrena va tenir lloc a la\u00a0Sala\u00a0de dalt de la\u00a0Sala\u00a0Beckett i vam fer dos passis: un a les 12:00h per als nostres companys i companyes de 1r i &hellip; <\/p>\n<p class=\"link-more\"><a href=\"https:\/\/blocsenresidencia.bcn.cat\/moisesbroggi2023\/2023\/05\/30\/estrena-de-no-tenim-tema-a-la-sala-beckett\/\" class=\"more-link\">Continua llegint <span class=\"screen-reader-text\">\u00abEstrena de \u00abNo tenim tema\u00bb a la Sala Beckett\u00bb<\/span><\/a><\/p>\n","protected":false},"author":4,"featured_media":0,"comment_status":"open","ping_status":"open","sticky":false,"template":"","format":"standard","meta":{"footnotes":""},"categories":[1],"tags":[],"class_list":["post-81","post","type-post","status-publish","format-standard","hentry","category-general"],"_links":{"self":[{"href":"https:\/\/blocsenresidencia.bcn.cat\/moisesbroggi2023\/wp-json\/wp\/v2\/posts\/81","targetHints":{"allow":["GET"]}}],"collection":[{"href":"https:\/\/blocsenresidencia.bcn.cat\/moisesbroggi2023\/wp-json\/wp\/v2\/posts"}],"about":[{"href":"https:\/\/blocsenresidencia.bcn.cat\/moisesbroggi2023\/wp-json\/wp\/v2\/types\/post"}],"author":[{"embeddable":true,"href":"https:\/\/blocsenresidencia.bcn.cat\/moisesbroggi2023\/wp-json\/wp\/v2\/users\/4"}],"replies":[{"embeddable":true,"href":"https:\/\/blocsenresidencia.bcn.cat\/moisesbroggi2023\/wp-json\/wp\/v2\/comments?post=81"}],"version-history":[{"count":2,"href":"https:\/\/blocsenresidencia.bcn.cat\/moisesbroggi2023\/wp-json\/wp\/v2\/posts\/81\/revisions"}],"predecessor-version":[{"id":96,"href":"https:\/\/blocsenresidencia.bcn.cat\/moisesbroggi2023\/wp-json\/wp\/v2\/posts\/81\/revisions\/96"}],"wp:attachment":[{"href":"https:\/\/blocsenresidencia.bcn.cat\/moisesbroggi2023\/wp-json\/wp\/v2\/media?parent=81"}],"wp:term":[{"taxonomy":"category","embeddable":true,"href":"https:\/\/blocsenresidencia.bcn.cat\/moisesbroggi2023\/wp-json\/wp\/v2\/categories?post=81"},{"taxonomy":"post_tag","embeddable":true,"href":"https:\/\/blocsenresidencia.bcn.cat\/moisesbroggi2023\/wp-json\/wp\/v2\/tags?post=81"}],"curies":[{"name":"wp","href":"https:\/\/api.w.org\/{rel}","templated":true}]}}