{"id":56,"date":"2025-10-05T12:53:00","date_gmt":"2025-10-05T10:53:00","guid":{"rendered":"\/moisesbroggi2026\/?p=56"},"modified":"2026-01-14T12:57:33","modified_gmt":"2026-01-14T10:57:33","slug":"ens-presentem","status":"publish","type":"post","link":"\/moisesbroggi2026\/ens-presentem\/","title":{"rendered":"Ens presentem"},"content":{"rendered":"\n<p class=\"wp-block-paragraph\">Naia Viladoms Valles, \u00c9lys\u00e9e Top Molina i Sara Mu\u00f1oz Mateo<\/p>\n\n\n\n<p class=\"wp-block-paragraph\">Holaaaa \ud83d\ude42\u00a0 Som els alumnes de segon d\u2019 ESO, classe 2.1., de l&#8217;institut Mois\u00e8s Broggi. En total som 20 alumnes, 10 noies i 10 nois.\u00a0<\/p>\n\n\n\n<p class=\"wp-block-paragraph\">Som un grup divertit, sociable, amb el que no et pots avorrir i\u00a0 tampoc tenim mal rotllo entre nosaltres.\u00a0 \u00c9s veritat que a vegades ens portem una mica malament, per\u00f2 estem intentant treballar-ho. Som un grup que ens agrada moure\u2019ns i expressar-nos de totes les maneres possibles i ara estem aprenent a fer-ho amb el cos, cosa que no hav\u00edem fet mai a l\u2019institut.\u00a0<\/p>\n\n\n\n<p class=\"wp-block-paragraph\">Aquest curs, estem fent un projecte de Dansa i ens ho passem molt b\u00e9 fent les diferents din\u00e0miques que ens proposa la core\u00f2grafa Lu Chieregatti de l\u2019espai esc\u00e8nic La Caldera. Alguns dies, tamb\u00e9 ha vingut una altra core\u00f2grafa, la Stephanie Janaina,\u00a0 i el Pau Caselles que fa de mediador.\u00a0<\/p>\n\n\n\n<p class=\"wp-block-paragraph\">Ens fa il\u00b7lusi\u00f3 poder fer aquest projecte !<strong><br><br><\/strong><\/p>\n\n\n\n<figure class=\"wp-block-image size-large\"><img loading=\"lazy\" decoding=\"async\" width=\"1024\" height=\"768\" src=\"\/moisesbroggi2026\/wp-content\/uploads\/2026\/01\/Imatge-de-WhatsApp-2025-11-24-a-les-10.39.02_77b8c5a2-1-1024x768.jpg\" alt=\"\" class=\"wp-image-58\" srcset=\"\/moisesbroggi2026\/wp-content\/uploads\/2026\/01\/Imatge-de-WhatsApp-2025-11-24-a-les-10.39.02_77b8c5a2-1-1024x768.jpg 1024w, \/moisesbroggi2026\/wp-content\/uploads\/2026\/01\/Imatge-de-WhatsApp-2025-11-24-a-les-10.39.02_77b8c5a2-1-300x225.jpg 300w, \/moisesbroggi2026\/wp-content\/uploads\/2026\/01\/Imatge-de-WhatsApp-2025-11-24-a-les-10.39.02_77b8c5a2-1-768x576.jpg 768w, \/moisesbroggi2026\/wp-content\/uploads\/2026\/01\/Imatge-de-WhatsApp-2025-11-24-a-les-10.39.02_77b8c5a2-1-1536x1152.jpg 1536w, \/moisesbroggi2026\/wp-content\/uploads\/2026\/01\/Imatge-de-WhatsApp-2025-11-24-a-les-10.39.02_77b8c5a2-1.jpg 1600w\" sizes=\"auto, (max-width: 767px) 89vw, (max-width: 1000px) 54vw, (max-width: 1071px) 543px, 580px\" \/><\/figure>\n\n\n\n<figure class=\"wp-block-image size-large\"><img loading=\"lazy\" decoding=\"async\" width=\"1024\" height=\"768\" src=\"\/moisesbroggi2026\/wp-content\/uploads\/2026\/01\/Imatge-de-WhatsApp-2025-11-24-a-les-10.39.02_c6651fa0-1-1024x768.jpg\" alt=\"\" class=\"wp-image-57\" srcset=\"\/moisesbroggi2026\/wp-content\/uploads\/2026\/01\/Imatge-de-WhatsApp-2025-11-24-a-les-10.39.02_c6651fa0-1-1024x768.jpg 1024w, \/moisesbroggi2026\/wp-content\/uploads\/2026\/01\/Imatge-de-WhatsApp-2025-11-24-a-les-10.39.02_c6651fa0-1-300x225.jpg 300w, \/moisesbroggi2026\/wp-content\/uploads\/2026\/01\/Imatge-de-WhatsApp-2025-11-24-a-les-10.39.02_c6651fa0-1-768x576.jpg 768w, \/moisesbroggi2026\/wp-content\/uploads\/2026\/01\/Imatge-de-WhatsApp-2025-11-24-a-les-10.39.02_c6651fa0-1-1536x1152.jpg 1536w, \/moisesbroggi2026\/wp-content\/uploads\/2026\/01\/Imatge-de-WhatsApp-2025-11-24-a-les-10.39.02_c6651fa0-1.jpg 1600w\" sizes=\"auto, (max-width: 767px) 89vw, (max-width: 1000px) 54vw, (max-width: 1071px) 543px, 580px\" \/><\/figure>\n","protected":false},"excerpt":{"rendered":"<p>Naia Viladoms Valles, \u00c9lys\u00e9e Top Molina i Sara Mu\u00f1oz Mateo Holaaaa \ud83d\ude42\u00a0 Som els alumnes de segon d\u2019 ESO, classe 2.1., de l&#8217;institut Mois\u00e8s Broggi. En total som 20 alumnes, 10 noies i 10 nois.\u00a0 Som un grup divertit, sociable, amb el que no et pots avorrir i\u00a0 tampoc tenim mal rotllo entre nosaltres.\u00a0 \u00c9s &hellip; <\/p>\n<p class=\"link-more\"><a href=\"\/moisesbroggi2026\/ens-presentem\/\" class=\"more-link\">Continua llegint <span class=\"screen-reader-text\">\u00abEns presentem\u00bb<\/span><\/a><\/p>\n","protected":false},"author":5,"featured_media":0,"comment_status":"closed","ping_status":"","sticky":false,"template":"","format":"standard","meta":{"footnotes":""},"categories":[1],"tags":[],"class_list":["post-56","post","type-post","status-publish","format-standard","hentry","category-general"],"_links":{"self":[{"href":"\/moisesbroggi2026\/wp-json\/wp\/v2\/posts\/56","targetHints":{"allow":["GET"]}}],"collection":[{"href":"\/moisesbroggi2026\/wp-json\/wp\/v2\/posts"}],"about":[{"href":"\/moisesbroggi2026\/wp-json\/wp\/v2\/types\/post"}],"author":[{"embeddable":true,"href":"\/moisesbroggi2026\/wp-json\/wp\/v2\/users\/5"}],"replies":[{"embeddable":true,"href":"\/moisesbroggi2026\/wp-json\/wp\/v2\/comments?post=56"}],"version-history":[{"count":1,"href":"\/moisesbroggi2026\/wp-json\/wp\/v2\/posts\/56\/revisions"}],"predecessor-version":[{"id":59,"href":"\/moisesbroggi2026\/wp-json\/wp\/v2\/posts\/56\/revisions\/59"}],"wp:attachment":[{"href":"\/moisesbroggi2026\/wp-json\/wp\/v2\/media?parent=56"}],"wp:term":[{"taxonomy":"category","embeddable":true,"href":"\/moisesbroggi2026\/wp-json\/wp\/v2\/categories?post=56"},{"taxonomy":"post_tag","embeddable":true,"href":"\/moisesbroggi2026\/wp-json\/wp\/v2\/tags?post=56"}],"curies":[{"name":"wp","href":"https:\/\/api.w.org\/{rel}","templated":true}]}}