{"id":62,"date":"2025-10-20T14:06:00","date_gmt":"2025-10-20T12:06:00","guid":{"rendered":"\/moisesbroggi2026\/?p=62"},"modified":"2026-01-25T21:54:15","modified_gmt":"2026-01-25T19:54:15","slug":"que-hem-fet-fins-ara","status":"publish","type":"post","link":"\/moisesbroggi2026\/que-hem-fet-fins-ara\/","title":{"rendered":"Qu\u00e8 hem fet fins ara?"},"content":{"rendered":"\n<p class=\"wp-block-paragraph\">-Luca, Jon, Patrick i Hayk-<\/p>\n\n\n\n<p class=\"wp-block-paragraph\">Estem fent un projecte de creaci\u00f3 esc\u00e8nica amb les core\u00f2grafes&nbsp; Lu Chieregatti i Stephanie Janaina, i l\u2019acompanyament del mediador Pau Caselles, del Centre de Creaci\u00f3 de Dansa La Caldera,&nbsp; on estrenarem la nostra creaci\u00f3.<\/p>\n\n\n\n<p class=\"wp-block-paragraph\">Vam comen\u00e7ar el dia 1 d\u2019octubre fent una primera visita a aquest espai tan especial on vam con\u00e8ixer les persones que ens acompanyarien en aquest proc\u00e9s, i ens van proposar unes din\u00e0miques molt interessants.&nbsp; Amb la primera es pretenia fomentar&nbsp; la confian\u00e7a entre els companys i companyes, i consistia a posar-nos en grups de dos i&nbsp; un es posava un antifa\u00e7 i l\u2019altre el guiava pels diferents espais i els hi anava &nbsp; descrivint. La persona que es posava l&#8217;antifa\u00e7 havia de tenir molta confian\u00e7a en el seu guia, i anar imaginant els espais.<\/p>\n\n\n\n<p class=\"wp-block-paragraph\">La segona din\u00e0mica consistia a anar en grups recorrent els espais de La Caldera i en un paper hav\u00edem d&#8217;apuntar una can\u00e7\u00f3 i un color que ens fes pensar aquest espai. Finalment, ens van convidar a un piscolabis.&nbsp;<\/p>\n\n\n\n<p class=\"wp-block-paragraph\">Les seg\u00fcents sessions les vam fer a l\u2019institut. Al principi de les sessions escalfem fent uns moviments amb el cos.<\/p>\n\n\n\n<p class=\"wp-block-paragraph\">Quan acabem d\u2019escalfar, ens movem per la sala amb diferents ritmes. Despr\u00e9s per grups, hem fet una coreografia a partir d\u2019una m\u00fasica que hem pogut escollir nosaltres.&nbsp;&nbsp;<\/p>\n\n\n\n<p class=\"wp-block-paragraph\">Uns dies despr\u00e9s, vam escriure com ens imagin\u00e0vem que seria l\u2019obra final, i els nostres desitjos de qu\u00e8 ens agradaria que recoll\u00eds, que mostr\u00e9s.<br><\/p>\n\n\n\n<figure class=\"wp-block-image size-large\"><img loading=\"lazy\" decoding=\"async\" width=\"1024\" height=\"767\" src=\"\/moisesbroggi2026\/wp-content\/uploads\/2026\/01\/IMG_1753-1024x767.jpg\" alt=\"\" class=\"wp-image-68\" srcset=\"\/moisesbroggi2026\/wp-content\/uploads\/2026\/01\/IMG_1753-1024x767.jpg 1024w, \/moisesbroggi2026\/wp-content\/uploads\/2026\/01\/IMG_1753-300x225.jpg 300w, \/moisesbroggi2026\/wp-content\/uploads\/2026\/01\/IMG_1753-768x576.jpg 768w, \/moisesbroggi2026\/wp-content\/uploads\/2026\/01\/IMG_1753-1536x1151.jpg 1536w, \/moisesbroggi2026\/wp-content\/uploads\/2026\/01\/IMG_1753-2048x1535.jpg 2048w\" sizes=\"auto, (max-width: 767px) 89vw, (max-width: 1000px) 54vw, (max-width: 1071px) 543px, 580px\" \/><\/figure>\n\n\n\n<figure class=\"wp-block-image size-large\"><img loading=\"lazy\" decoding=\"async\" width=\"1024\" height=\"837\" src=\"\/moisesbroggi2026\/wp-content\/uploads\/2026\/01\/IMG_1757-1-1024x837.jpg\" alt=\"\" class=\"wp-image-69\" srcset=\"\/moisesbroggi2026\/wp-content\/uploads\/2026\/01\/IMG_1757-1-1024x837.jpg 1024w, \/moisesbroggi2026\/wp-content\/uploads\/2026\/01\/IMG_1757-1-300x245.jpg 300w, \/moisesbroggi2026\/wp-content\/uploads\/2026\/01\/IMG_1757-1-768x628.jpg 768w, \/moisesbroggi2026\/wp-content\/uploads\/2026\/01\/IMG_1757-1-1536x1256.jpg 1536w, \/moisesbroggi2026\/wp-content\/uploads\/2026\/01\/IMG_1757-1-2048x1675.jpg 2048w\" sizes=\"auto, (max-width: 767px) 89vw, (max-width: 1000px) 54vw, (max-width: 1071px) 543px, 580px\" \/><\/figure>\n","protected":false},"excerpt":{"rendered":"<p>-Luca, Jon, Patrick i Hayk- Estem fent un projecte de creaci\u00f3 esc\u00e8nica amb les core\u00f2grafes&nbsp; Lu Chieregatti i Stephanie Janaina, i l\u2019acompanyament del mediador Pau Caselles, del Centre de Creaci\u00f3 de Dansa La Caldera,&nbsp; on estrenarem la nostra creaci\u00f3. Vam comen\u00e7ar el dia 1 d\u2019octubre fent una primera visita a aquest espai tan especial on &hellip; <\/p>\n<p class=\"link-more\"><a href=\"\/moisesbroggi2026\/que-hem-fet-fins-ara\/\" class=\"more-link\">Continua llegint <span class=\"screen-reader-text\">\u00abQu\u00e8 hem fet fins ara?\u00bb<\/span><\/a><\/p>\n","protected":false},"author":5,"featured_media":0,"comment_status":"closed","ping_status":"closed","sticky":false,"template":"","format":"standard","meta":{"footnotes":""},"categories":[1],"tags":[],"class_list":["post-62","post","type-post","status-publish","format-standard","hentry","category-general"],"_links":{"self":[{"href":"\/moisesbroggi2026\/wp-json\/wp\/v2\/posts\/62","targetHints":{"allow":["GET"]}}],"collection":[{"href":"\/moisesbroggi2026\/wp-json\/wp\/v2\/posts"}],"about":[{"href":"\/moisesbroggi2026\/wp-json\/wp\/v2\/types\/post"}],"author":[{"embeddable":true,"href":"\/moisesbroggi2026\/wp-json\/wp\/v2\/users\/5"}],"replies":[{"embeddable":true,"href":"\/moisesbroggi2026\/wp-json\/wp\/v2\/comments?post=62"}],"version-history":[{"count":3,"href":"\/moisesbroggi2026\/wp-json\/wp\/v2\/posts\/62\/revisions"}],"predecessor-version":[{"id":71,"href":"\/moisesbroggi2026\/wp-json\/wp\/v2\/posts\/62\/revisions\/71"}],"wp:attachment":[{"href":"\/moisesbroggi2026\/wp-json\/wp\/v2\/media?parent=62"}],"wp:term":[{"taxonomy":"category","embeddable":true,"href":"\/moisesbroggi2026\/wp-json\/wp\/v2\/categories?post=62"},{"taxonomy":"post_tag","embeddable":true,"href":"\/moisesbroggi2026\/wp-json\/wp\/v2\/tags?post=62"}],"curies":[{"name":"wp","href":"https:\/\/api.w.org\/{rel}","templated":true}]}}