{"id":73,"date":"2025-11-10T17:46:00","date_gmt":"2025-11-10T15:46:00","guid":{"rendered":"\/moisesbroggi2026\/?p=73"},"modified":"2026-01-25T21:49:33","modified_gmt":"2026-01-25T19:49:33","slug":"amb-quins-problemes-pors-dubtes-ens-hem-trobat-mentre-creavem-les-nostres-primeres-coreografies","status":"publish","type":"post","link":"\/moisesbroggi2026\/amb-quins-problemes-pors-dubtes-ens-hem-trobat-mentre-creavem-les-nostres-primeres-coreografies\/","title":{"rendered":"Amb quins problemes, pors, dubtes\u2026 ens hem trobat mentre cre\u00e0vem les nostres primeres coreografies."},"content":{"rendered":"\n<p class=\"wp-block-paragraph\"><\/p>\n\n\n\n<p class=\"wp-block-paragraph\">Elora Gannon, Guadalupe Ferrari i Aitana Fern\u00e1ndez.<\/p>\n\n\n\n<p class=\"has-text-align-left wp-block-paragraph\">Un dels dilluns que fem reflexions al voltant d\u2019all\u00f2 que hem fet el dimecres anterior amb la Lu, vam estar pensant i escrivint sobre quins problemes, pors, dubtes\u2026 ens vam trobar mentre cre\u00e0vem les nostres primeres coreografies.<\/p>\n\n\n\n<p class=\"has-text-align-left wp-block-paragraph\">Aquestes s\u00f3n les reflexions que vam fer al respecte:<\/p>\n\n\n\n<p class=\"has-text-align-left wp-block-paragraph\">Vam sentir VERGONYA&nbsp; durant l\u2019assaig quan passava gent pel costat, i&nbsp; tamb\u00e9 en pensar que despr\u00e9s hav\u00edem de mostrar la coreografia davant dels altres companys i companyes.<\/p>\n\n\n\n<p class=\"has-text-align-left wp-block-paragraph\">Perqu\u00e8 la nostra creaci\u00f3 no els agrad\u00e9s als altres. Per\u00f2 al final vam entendre que ens havia d\u2019agradar a nosaltres.&nbsp;<\/p>\n\n\n\n<p class=\"has-text-align-left wp-block-paragraph\">Por que sort\u00eds malament. Per\u00f2\u2026 \u00bfHi ha alguna cosa que est\u00e0 b\u00e9 i una altra que est\u00e0 malament? O podem parlar millor de diferents maneres de fer?&nbsp;<\/p>\n\n\n\n<p class=\"has-text-align-left wp-block-paragraph\">Vam tenir algun problema perqu\u00e8 a alg\u00fa del grup no li agradava ballar\u2026<\/p>\n\n\n\n<p class=\"has-text-align-left wp-block-paragraph\">Abs\u00e8ncia d\u2019algun company del grup.<\/p>\n\n\n\n<p class=\"has-text-align-left wp-block-paragraph\">La durada va ser un problema al principi perqu\u00e8 ens semblava massa temps de ball.<\/p>\n\n\n\n<p class=\"has-text-align-left wp-block-paragraph\">Vam tenir problemes de coordinaci\u00f3 entre les diferents persones del grup.<\/p>\n\n\n\n<p class=\"has-text-align-left wp-block-paragraph\">Va costar posar-nos d\u2019acord, per exemple en la tria de la m\u00fasica.<\/p>\n\n\n\n<p class=\"has-text-align-left wp-block-paragraph\">Va ser dif\u00edcil definir i concretar el ball.<\/p>\n\n\n\n<p class=\"has-text-align-left wp-block-paragraph\">La falta d\u2019idees ens paralitzava.<\/p>\n","protected":false},"excerpt":{"rendered":"<p>Elora Gannon, Guadalupe Ferrari i Aitana Fern\u00e1ndez. Un dels dilluns que fem reflexions al voltant d\u2019all\u00f2 que hem fet el dimecres anterior amb la Lu, vam estar pensant i escrivint sobre quins problemes, pors, dubtes\u2026 ens vam trobar mentre cre\u00e0vem les nostres primeres coreografies. Aquestes s\u00f3n les reflexions que vam fer al respecte: Vam sentir &hellip; <\/p>\n<p class=\"link-more\"><a href=\"\/moisesbroggi2026\/amb-quins-problemes-pors-dubtes-ens-hem-trobat-mentre-creavem-les-nostres-primeres-coreografies\/\" class=\"more-link\">Continua llegint <span class=\"screen-reader-text\">\u00abAmb quins problemes, pors, dubtes\u2026 ens hem trobat mentre cre\u00e0vem les nostres primeres coreografies.\u00bb<\/span><\/a><\/p>\n","protected":false},"author":5,"featured_media":0,"comment_status":"closed","ping_status":"","sticky":false,"template":"","format":"standard","meta":{"footnotes":""},"categories":[1],"tags":[],"class_list":["post-73","post","type-post","status-publish","format-standard","hentry","category-general"],"_links":{"self":[{"href":"\/moisesbroggi2026\/wp-json\/wp\/v2\/posts\/73","targetHints":{"allow":["GET"]}}],"collection":[{"href":"\/moisesbroggi2026\/wp-json\/wp\/v2\/posts"}],"about":[{"href":"\/moisesbroggi2026\/wp-json\/wp\/v2\/types\/post"}],"author":[{"embeddable":true,"href":"\/moisesbroggi2026\/wp-json\/wp\/v2\/users\/5"}],"replies":[{"embeddable":true,"href":"\/moisesbroggi2026\/wp-json\/wp\/v2\/comments?post=73"}],"version-history":[{"count":2,"href":"\/moisesbroggi2026\/wp-json\/wp\/v2\/posts\/73\/revisions"}],"predecessor-version":[{"id":75,"href":"\/moisesbroggi2026\/wp-json\/wp\/v2\/posts\/73\/revisions\/75"}],"wp:attachment":[{"href":"\/moisesbroggi2026\/wp-json\/wp\/v2\/media?parent=73"}],"wp:term":[{"taxonomy":"category","embeddable":true,"href":"\/moisesbroggi2026\/wp-json\/wp\/v2\/categories?post=73"},{"taxonomy":"post_tag","embeddable":true,"href":"\/moisesbroggi2026\/wp-json\/wp\/v2\/tags?post=73"}],"curies":[{"name":"wp","href":"https:\/\/api.w.org\/{rel}","templated":true}]}}