{"id":82,"date":"2025-11-24T22:14:21","date_gmt":"2025-11-24T20:14:21","guid":{"rendered":"\/moisesbroggi2026\/?p=82"},"modified":"2026-01-25T22:25:29","modified_gmt":"2026-01-25T20:25:29","slug":"com-ens-vam-sentir-mentre-creavem-la-nostra-primera-coreografia","status":"publish","type":"post","link":"\/moisesbroggi2026\/com-ens-vam-sentir-mentre-creavem-la-nostra-primera-coreografia\/","title":{"rendered":"Com ens vam sentir mentre cre\u00e0vem la nostra primera coreografia.\u00a0\u00a0"},"content":{"rendered":"\n<p class=\"wp-block-paragraph\"><\/p>\n\n\n\n<p class=\"wp-block-paragraph\">Adri\u00e1n Martos i Cristopher Kumar<\/p>\n\n\n\n<p class=\"wp-block-paragraph\">Aquest curs estem fent un projecte de Creaci\u00f3 esc\u00e8nica amb Lu, Stephani i Pau de La Caldera i estem aprenent molt. Aix\u00f2 ho fem els dimecres i els dilluns fem reflexions per escrit sobre all\u00f2 que fem el dimecres, i escrivim aquests articles per al blogg.<\/p>\n\n\n\n<p class=\"wp-block-paragraph\">Un d&#8217;aquests dilluns, la profe Estel\u00b7la ens va preguntar com ens hav\u00edem sentit creant i fent la nostra primera coreografia en grups petits i la majoria vam coincidir que ens havia fet vergonya actuar davant dels altres. Ara us compartim all\u00f2 que hem dit cadascun de nosaltres:&nbsp;<\/p>\n\n\n\n<p class=\"wp-block-paragraph\"><em>Avergonyit, per\u00f2 no m\u2019ha afectat molt per fer la coreografia<\/em>. (Jon)<\/p>\n\n\n\n<p class=\"wp-block-paragraph\"><em>Em vaig sentir molt a gust quan vaig fer la meva primera coreografia. A m\u00e9s d\u2019estar amb gent que em motivava molt, em vaig posar contenta i em vaig sentir motivada perqu\u00e8 a mi aquestes coses m\u2019agraden molt; aix\u00ed que em vaig sentir molt b\u00e9<\/em>. (Mar)<\/p>\n\n\n\n<p class=\"wp-block-paragraph\"><em>Al principi vaig sentir molta vergonya per\u00f2 a mesura que han anat passant els dies, m\u2019he sentit m\u00e9s c\u00f2moda i vaig anar perdent la vergonya.<\/em> (Sara)<\/p>\n\n\n\n<p class=\"wp-block-paragraph\"><em>Tenia molta vergonya perqu\u00e8 no m\u2019agrada ballar davant de 27 persones i em vaig sentir malament<\/em>. (Leo)&nbsp;<\/p>\n\n\n\n<p class=\"wp-block-paragraph\"><em>Vergonya<\/em> (Patrick)<\/p>\n\n\n\n<p class=\"wp-block-paragraph\"><em>Em&nbsp; va agradar perqu\u00e8 Lu, Stephanie i Pau ens van ajudar i ens ho vam currar molt.<\/em> (Lucas)<\/p>\n\n\n\n<p class=\"wp-block-paragraph\"><em>Cansat per haver-me d\u2019aixecar tantes vegades<\/em>. (Mustaf\u00e0)<\/p>\n\n\n\n<p class=\"wp-block-paragraph\"><em>Quan vam fer la nostra primera coreografia, em vaig sentir prou b\u00e9.&nbsp; I penso que ens vam organitzar b\u00e9 pel poc temps que ten\u00edem per muntar-la.<\/em> (\u00c9lys\u00e9e)<\/p>\n\n\n\n<p class=\"wp-block-paragraph\"><em>Nervi\u00f3s tota l\u2019estona menys al final.<\/em> (Cristopher)<\/p>\n\n\n\n<p class=\"wp-block-paragraph\"><em>M\u2019he sentit diferent ja que no m\u2019agrada ballar perqu\u00e8 quan ballo, estic molt r\u00edgida.<\/em> (Judit)<\/p>\n\n\n\n<p class=\"wp-block-paragraph\"><em>A l\u2019inici, nerviosa i una mica estressada perqu\u00e8 no sabia qu\u00e8 fer.<\/em> (Gal\u00b7la)<\/p>\n\n\n\n<p class=\"wp-block-paragraph\"><em>Molt b\u00e9. M\u2019ho he passat molt b\u00e9 i he apr\u00e8s coses noves.<\/em> (Naia)<\/p>\n\n\n\n<p class=\"wp-block-paragraph\"><em>No m\u2019ha agradat.<\/em> (Sofia)<\/p>\n\n\n\n<p class=\"wp-block-paragraph\"><em>Jo m\u2019he sentit molt c\u00f2moda amb el meu grup perqu\u00e8 ens pos\u00e0vem d\u2019acord r\u00e0pidament i, a m\u00e9s, a mi m\u2019agrada ballar. <\/em>(Montse)<\/p>\n\n\n\n<p class=\"wp-block-paragraph\"><em>Molt b\u00e9 i molt contenta per\u00f2 al mateix temps amb vergonya i molts nervis perqu\u00e8 hav\u00edem de ballar davant de tots i totes. Quan la practicava amb el meu grup, no tenia vergonya, estava b\u00e9, per\u00f2 quan ho feia davant de tots, la primera vegada&nbsp; s\u00ed que en vaig sentir vergonya, per\u00f2 despr\u00e9s ja em va donar igual.<\/em>&nbsp; (Aitana)<\/p>\n\n\n\n<p class=\"wp-block-paragraph\"><em>Al principi&nbsp; em vaig sentir una mica rar per\u00f2 poc a poc em vaig anar acostumant i al final em vaig sentir satisfet perqu\u00e8 ens va sortir una coreografia bastant bona. <\/em>(Hayk)<\/p>\n\n\n\n<p class=\"wp-block-paragraph\"><em>Jo m\u2019he sentit molt c\u00f2moda amb el meu grup perqu\u00e8 estava amb les meves amigues i no sentia vergonya per\u00f2 quan el vaig haver de presentar davant dels companys i companyes, s\u00ed que en vaig tenir una mica. Per aix\u00f2 agraeixo molt que ens hagin deixat triar els grups perqu\u00e8 si no, m\u2019hagu\u00e9s costat molt m\u00e9s. <\/em>(Ariadna)<\/p>\n\n\n\n<p class=\"wp-block-paragraph\"><\/p>\n","protected":false},"excerpt":{"rendered":"<p>Adri\u00e1n Martos i Cristopher Kumar Aquest curs estem fent un projecte de Creaci\u00f3 esc\u00e8nica amb Lu, Stephani i Pau de La Caldera i estem aprenent molt. Aix\u00f2 ho fem els dimecres i els dilluns fem reflexions per escrit sobre all\u00f2 que fem el dimecres, i escrivim aquests articles per al blogg. Un d&#8217;aquests dilluns, la &hellip; <\/p>\n<p class=\"link-more\"><a href=\"\/moisesbroggi2026\/com-ens-vam-sentir-mentre-creavem-la-nostra-primera-coreografia\/\" class=\"more-link\">Continua llegint <span class=\"screen-reader-text\">\u00abCom ens vam sentir mentre cre\u00e0vem la nostra primera coreografia.\u00a0\u00a0\u00bb<\/span><\/a><\/p>\n","protected":false},"author":5,"featured_media":0,"comment_status":"closed","ping_status":"","sticky":false,"template":"","format":"standard","meta":{"footnotes":""},"categories":[1],"tags":[],"class_list":["post-82","post","type-post","status-publish","format-standard","hentry","category-general"],"_links":{"self":[{"href":"\/moisesbroggi2026\/wp-json\/wp\/v2\/posts\/82","targetHints":{"allow":["GET"]}}],"collection":[{"href":"\/moisesbroggi2026\/wp-json\/wp\/v2\/posts"}],"about":[{"href":"\/moisesbroggi2026\/wp-json\/wp\/v2\/types\/post"}],"author":[{"embeddable":true,"href":"\/moisesbroggi2026\/wp-json\/wp\/v2\/users\/5"}],"replies":[{"embeddable":true,"href":"\/moisesbroggi2026\/wp-json\/wp\/v2\/comments?post=82"}],"version-history":[{"count":1,"href":"\/moisesbroggi2026\/wp-json\/wp\/v2\/posts\/82\/revisions"}],"predecessor-version":[{"id":83,"href":"\/moisesbroggi2026\/wp-json\/wp\/v2\/posts\/82\/revisions\/83"}],"wp:attachment":[{"href":"\/moisesbroggi2026\/wp-json\/wp\/v2\/media?parent=82"}],"wp:term":[{"taxonomy":"category","embeddable":true,"href":"\/moisesbroggi2026\/wp-json\/wp\/v2\/categories?post=82"},{"taxonomy":"post_tag","embeddable":true,"href":"\/moisesbroggi2026\/wp-json\/wp\/v2\/tags?post=82"}],"curies":[{"name":"wp","href":"https:\/\/api.w.org\/{rel}","templated":true}]}}