{"id":84,"date":"2025-12-08T22:26:51","date_gmt":"2025-12-08T20:26:51","guid":{"rendered":"\/moisesbroggi2026\/?p=84"},"modified":"2026-01-25T22:36:30","modified_gmt":"2026-01-25T20:36:30","slug":"com-ens-vam-organitzar-el-nostre-grup-a-lhora-de-crear-la-primera-coreografia","status":"publish","type":"post","link":"\/moisesbroggi2026\/com-ens-vam-organitzar-el-nostre-grup-a-lhora-de-crear-la-primera-coreografia\/","title":{"rendered":"Com ens vam organitzar el nostre grup a l\u2019hora de crear la primera coreografia."},"content":{"rendered":"\n<p class=\"wp-block-paragraph\"><\/p>\n\n\n\n<p class=\"wp-block-paragraph\">Montse Reverte i Mar Asensio.<\/p>\n\n\n\n<p class=\"wp-block-paragraph\">Ara us explicarem com nosaltres ens vam organitzar a l&#8217;hora de fer la coreografia:<\/p>\n\n\n\n<p class=\"wp-block-paragraph\">Primer vam triar la can\u00e7\u00f3, per comen\u00e7ar a pensar l\u2019estructura que tindria la coreografia, \u00e9s a dir, a partir de la can\u00e7\u00f3, ens van compartir les pautes que hav\u00edem d\u2019utilitzar en alguns moments. Tamb\u00e9 vam haver de tenir en compte, el fet que el ball havia de durar tres minuts. Aix\u00f2 va fer que hagu\u00e9ssim de pensar on col\u00b7locar les pautes que implicava haver de pensar en quin moment de la coreografia an\u00e0vem a un tempo m\u00e9s r\u00e0pid o m\u00e9s lent.&nbsp;<\/p>\n\n\n\n<p class=\"wp-block-paragraph\">El nostre m\u00e8tode per formular la coreo va ser:<\/p>\n\n\n\n<p class=\"wp-block-paragraph\">Vam comen\u00e7ar a posar la can\u00e7\u00f3, i mentre anava sonant, decid\u00edem quins passos far\u00edem i aix\u00ed de mica en mica vam aconseguir el resultat final.<\/p>\n\n\n\n<p class=\"wp-block-paragraph\">Una de les coses que vam haver de tenir en compte, va ser la vergonya, al principi sempre costa\u2026 Tamb\u00e9 vam haver de pensar si a tots els integrants del grup els semblava b\u00e9 les propostes que anaven sorgint.<\/p>\n\n\n\n<p class=\"wp-block-paragraph\">Estem gaudint molt d\u2019aquest projecte!<\/p>\n\n\n\n<figure class=\"wp-block-gallery has-nested-images columns-default is-cropped wp-block-gallery-1 is-layout-flex wp-block-gallery-is-layout-flex\">\n<figure class=\"wp-block-image size-large is-resized\"><img loading=\"lazy\" decoding=\"async\" width=\"1024\" height=\"768\" data-id=\"85\" src=\"\/moisesbroggi2026\/wp-content\/uploads\/2026\/01\/IMG_20251126_110927-1024x768.jpg\" alt=\"\" class=\"wp-image-85\" style=\"width:343px;height:auto\" srcset=\"\/moisesbroggi2026\/wp-content\/uploads\/2026\/01\/IMG_20251126_110927-1024x768.jpg 1024w, \/moisesbroggi2026\/wp-content\/uploads\/2026\/01\/IMG_20251126_110927-300x225.jpg 300w, \/moisesbroggi2026\/wp-content\/uploads\/2026\/01\/IMG_20251126_110927-768x576.jpg 768w, \/moisesbroggi2026\/wp-content\/uploads\/2026\/01\/IMG_20251126_110927-1536x1152.jpg 1536w, \/moisesbroggi2026\/wp-content\/uploads\/2026\/01\/IMG_20251126_110927-2048x1536.jpg 2048w\" sizes=\"auto, (max-width: 767px) 89vw, (max-width: 1000px) 54vw, (max-width: 1071px) 543px, 580px\" \/><\/figure>\n\n\n\n<figure class=\"wp-block-image size-large is-resized\"><img loading=\"lazy\" decoding=\"async\" width=\"1024\" height=\"768\" data-id=\"86\" src=\"\/moisesbroggi2026\/wp-content\/uploads\/2026\/01\/IMG_20251126_110940-1024x768.jpg\" alt=\"\" class=\"wp-image-86\" style=\"width:295px;height:auto\" srcset=\"\/moisesbroggi2026\/wp-content\/uploads\/2026\/01\/IMG_20251126_110940-1024x768.jpg 1024w, \/moisesbroggi2026\/wp-content\/uploads\/2026\/01\/IMG_20251126_110940-300x225.jpg 300w, \/moisesbroggi2026\/wp-content\/uploads\/2026\/01\/IMG_20251126_110940-768x576.jpg 768w, \/moisesbroggi2026\/wp-content\/uploads\/2026\/01\/IMG_20251126_110940-1536x1152.jpg 1536w, \/moisesbroggi2026\/wp-content\/uploads\/2026\/01\/IMG_20251126_110940-2048x1536.jpg 2048w\" sizes=\"auto, (max-width: 767px) 89vw, (max-width: 1000px) 54vw, (max-width: 1071px) 543px, 580px\" \/><\/figure>\n<\/figure>\n\n\n\n<p class=\"wp-block-paragraph\"><\/p>\n","protected":false},"excerpt":{"rendered":"<p>Montse Reverte i Mar Asensio. Ara us explicarem com nosaltres ens vam organitzar a l&#8217;hora de fer la coreografia: Primer vam triar la can\u00e7\u00f3, per comen\u00e7ar a pensar l\u2019estructura que tindria la coreografia, \u00e9s a dir, a partir de la can\u00e7\u00f3, ens van compartir les pautes que hav\u00edem d\u2019utilitzar en alguns moments. Tamb\u00e9 vam haver &hellip; <\/p>\n<p class=\"link-more\"><a href=\"\/moisesbroggi2026\/com-ens-vam-organitzar-el-nostre-grup-a-lhora-de-crear-la-primera-coreografia\/\" class=\"more-link\">Continua llegint <span class=\"screen-reader-text\">\u00abCom ens vam organitzar el nostre grup a l\u2019hora de crear la primera coreografia.\u00bb<\/span><\/a><\/p>\n","protected":false},"author":5,"featured_media":0,"comment_status":"closed","ping_status":"","sticky":false,"template":"","format":"standard","meta":{"footnotes":""},"categories":[1],"tags":[],"class_list":["post-84","post","type-post","status-publish","format-standard","hentry","category-general"],"_links":{"self":[{"href":"\/moisesbroggi2026\/wp-json\/wp\/v2\/posts\/84","targetHints":{"allow":["GET"]}}],"collection":[{"href":"\/moisesbroggi2026\/wp-json\/wp\/v2\/posts"}],"about":[{"href":"\/moisesbroggi2026\/wp-json\/wp\/v2\/types\/post"}],"author":[{"embeddable":true,"href":"\/moisesbroggi2026\/wp-json\/wp\/v2\/users\/5"}],"replies":[{"embeddable":true,"href":"\/moisesbroggi2026\/wp-json\/wp\/v2\/comments?post=84"}],"version-history":[{"count":1,"href":"\/moisesbroggi2026\/wp-json\/wp\/v2\/posts\/84\/revisions"}],"predecessor-version":[{"id":87,"href":"\/moisesbroggi2026\/wp-json\/wp\/v2\/posts\/84\/revisions\/87"}],"wp:attachment":[{"href":"\/moisesbroggi2026\/wp-json\/wp\/v2\/media?parent=84"}],"wp:term":[{"taxonomy":"category","embeddable":true,"href":"\/moisesbroggi2026\/wp-json\/wp\/v2\/categories?post=84"},{"taxonomy":"post_tag","embeddable":true,"href":"\/moisesbroggi2026\/wp-json\/wp\/v2\/tags?post=84"}],"curies":[{"name":"wp","href":"https:\/\/api.w.org\/{rel}","templated":true}]}}