{"id":89,"date":"2026-06-29T09:41:01","date_gmt":"2026-06-29T07:41:01","guid":{"rendered":"\/moisesbroggi2026\/?p=89"},"modified":"2026-06-29T09:41:01","modified_gmt":"2026-06-29T07:41:01","slug":"el-final-del-trajecte","status":"publish","type":"post","link":"\/moisesbroggi2026\/el-final-del-trajecte\/","title":{"rendered":"El final del trajecte"},"content":{"rendered":"El final del trajecte<br \/><br \/>Al principi de tot, no sabia qu\u00e8 an\u00e0vem a fer durant tot el curs, nom\u00e9s sabia que far\u00edem un projecte relacionat amb l\u2019expressi\u00f3 corporal i la dansa. El primer dia que vam anar a La Caldera, vam fer coses que no est\u00e0vem acostumats a fer, i que en aquell moment em van semblar una mica estranyes, per\u00f2 amb el temps ho he anat entenent i m\u2019ha semblat molt interessant i tamb\u00e9 divertit.<br \/><br \/>Al principi no em sentia molt c\u00f2moda ballant davant de tota la classe i fent coses que em semblaven estranyes per\u00f2 ara ho veig com un proc\u00e9s molt ric, interessant, bonic, agradable i que ens ha obert la ment. <br \/><br \/>Va ser molt interessant l\u2019evoluci\u00f3 des de les primeres propostes fins a l\u2019obra final, la investigaci\u00f3 de diferents temes; com ens va obrir una porta interessant l\u2019article \u201cComo domar una lengua salvaje\u201d de Gloria Anzald\u00faa; com a partir de les nostres pr\u00f2pies reflexions sobre les lleng\u00fces (les pr\u00f2pies i les que ens envolten) cadasc\u00fa va aprendre a expressar-les creant uns moviments, unes breus coreografies; i com aquestes peces individuals les vam anar unint i creant la que va ser la coreografia conjunta final.<br \/><br \/>El dia de l\u2019estrena estava nerviosa, per\u00f2 a la vegada contenta de poder mostrar  tot el que hav\u00edem estat aprenent durant el curs amb esfor\u00e7 i molta dedicaci\u00f3.<br \/><br \/>He apr\u00e8s moltes coses: a gestionar i millorar situacions complicades com a grup (que tamb\u00e9 van haver-hi) i  a treballar millor de forma cooperativa; a improvisar; diferents tipus de moviment i balls; vocabulari; a crear coreografies; i, sobretot, les coses que es poden expressar ballant, que m\u2019agrada molt.<br \/><br \/>Em quedo amb un record molt bonic, bons moments, nous coneixements i diferents maneres de crear i d&#8217;expressar. I estem molt agra\u00efts a Lu Chieregati, St\u00e9phanie Janaina i Pau Caselles per acompanyar-nos en aquest viatge que mai oblidarem.<br \/><br \/>\u00c9lys\u00e9e Top Molina<br \/>","protected":false},"excerpt":{"rendered":"<p>El final del trajecte Al principi de tot, no sabia qu\u00e8 an\u00e0vem a fer durant tot el curs, nom\u00e9s sabia que far\u00edem un projecte relacionat amb l\u2019expressi\u00f3 corporal i la dansa. El primer dia que vam anar a La Caldera, vam fer coses que no est\u00e0vem acostumats a fer, i que en aquell moment em &hellip; <\/p>\n<p class=\"link-more\"><a href=\"\/moisesbroggi2026\/el-final-del-trajecte\/\" class=\"more-link\">Continua llegint <span class=\"screen-reader-text\">\u00abEl final del trajecte\u00bb<\/span><\/a><\/p>\n","protected":false},"author":5,"featured_media":0,"comment_status":"closed","ping_status":"","sticky":false,"template":"","format":"standard","meta":{"footnotes":""},"categories":[1],"tags":[],"class_list":["post-89","post","type-post","status-publish","format-standard","hentry","category-general"],"_links":{"self":[{"href":"\/moisesbroggi2026\/wp-json\/wp\/v2\/posts\/89","targetHints":{"allow":["GET"]}}],"collection":[{"href":"\/moisesbroggi2026\/wp-json\/wp\/v2\/posts"}],"about":[{"href":"\/moisesbroggi2026\/wp-json\/wp\/v2\/types\/post"}],"author":[{"embeddable":true,"href":"\/moisesbroggi2026\/wp-json\/wp\/v2\/users\/5"}],"replies":[{"embeddable":true,"href":"\/moisesbroggi2026\/wp-json\/wp\/v2\/comments?post=89"}],"version-history":[{"count":1,"href":"\/moisesbroggi2026\/wp-json\/wp\/v2\/posts\/89\/revisions"}],"predecessor-version":[{"id":90,"href":"\/moisesbroggi2026\/wp-json\/wp\/v2\/posts\/89\/revisions\/90"}],"wp:attachment":[{"href":"\/moisesbroggi2026\/wp-json\/wp\/v2\/media?parent=89"}],"wp:term":[{"taxonomy":"category","embeddable":true,"href":"\/moisesbroggi2026\/wp-json\/wp\/v2\/categories?post=89"},{"taxonomy":"post_tag","embeddable":true,"href":"\/moisesbroggi2026\/wp-json\/wp\/v2\/tags?post=89"}],"curies":[{"name":"wp","href":"https:\/\/api.w.org\/{rel}","templated":true}]}}