{"id":1227,"date":"2024-04-19T19:09:09","date_gmt":"2024-04-19T17:09:09","guid":{"rendered":"https:\/\/blocsenresidencia.bcn.cat\/moli2024\/?p=1227"},"modified":"2024-05-01T16:09:46","modified_gmt":"2024-05-01T14:09:46","slug":"tenim-espai-pel-nostre-projecte","status":"publish","type":"post","link":"https:\/\/blocsenresidencia.bcn.cat\/moli2024\/tenim-espai-pel-nostre-projecte\/","title":{"rendered":"Tenim espai pel nostre projecte!"},"content":{"rendered":"\n<figure class=\"wp-block-image size-full is-resized\"><img loading=\"lazy\" decoding=\"async\" width=\"538\" height=\"538\" src=\"https:\/\/blocsenresidencia.bcn.cat\/moli2024\/wp-content\/uploads\/2024\/05\/13-cb-edited-1.jpg\" alt=\"\" class=\"wp-image-1251\" style=\"width:674px;height:auto\" srcset=\"https:\/\/blocsenresidencia.bcn.cat\/moli2024\/wp-content\/uploads\/2024\/05\/13-cb-edited-1.jpg 538w, https:\/\/blocsenresidencia.bcn.cat\/moli2024\/wp-content\/uploads\/2024\/05\/13-cb-edited-1-300x300.jpg 300w, https:\/\/blocsenresidencia.bcn.cat\/moli2024\/wp-content\/uploads\/2024\/05\/13-cb-edited-1-150x150.jpg 150w, https:\/\/blocsenresidencia.bcn.cat\/moli2024\/wp-content\/uploads\/2024\/05\/13-cb-edited-1-100x100.jpg 100w\" sizes=\"auto, (max-width: 538px) 100vw, 538px\" \/><\/figure>\n\n\n\n<figure class=\"wp-block-gallery has-nested-images columns-default is-cropped wp-block-gallery-1 is-layout-flex wp-block-gallery-is-layout-flex\">\n<figure class=\"wp-block-image size-large\"><img loading=\"lazy\" decoding=\"async\" width=\"546\" height=\"801\" data-id=\"1229\" src=\"https:\/\/blocsenresidencia.bcn.cat\/moli2024\/wp-content\/uploads\/2024\/05\/01-cb.jpg\" alt=\"\" class=\"wp-image-1229\" srcset=\"https:\/\/blocsenresidencia.bcn.cat\/moli2024\/wp-content\/uploads\/2024\/05\/01-cb.jpg 546w, https:\/\/blocsenresidencia.bcn.cat\/moli2024\/wp-content\/uploads\/2024\/05\/01-cb-204x300.jpg 204w\" sizes=\"auto, (max-width: 546px) 100vw, 546px\" \/><\/figure>\n\n\n\n<figure class=\"wp-block-image size-large\"><img loading=\"lazy\" decoding=\"async\" width=\"538\" height=\"811\" data-id=\"1231\" src=\"https:\/\/blocsenresidencia.bcn.cat\/moli2024\/wp-content\/uploads\/2024\/05\/03-cb.jpg\" alt=\"\" class=\"wp-image-1231\" srcset=\"https:\/\/blocsenresidencia.bcn.cat\/moli2024\/wp-content\/uploads\/2024\/05\/03-cb.jpg 538w, https:\/\/blocsenresidencia.bcn.cat\/moli2024\/wp-content\/uploads\/2024\/05\/03-cb-199x300.jpg 199w\" sizes=\"auto, (max-width: 538px) 100vw, 538px\" \/><\/figure>\n\n\n\n<figure class=\"wp-block-image size-large\"><img loading=\"lazy\" decoding=\"async\" width=\"541\" height=\"811\" data-id=\"1230\" src=\"https:\/\/blocsenresidencia.bcn.cat\/moli2024\/wp-content\/uploads\/2024\/05\/04-cb.jpg\" alt=\"\" class=\"wp-image-1230\" srcset=\"https:\/\/blocsenresidencia.bcn.cat\/moli2024\/wp-content\/uploads\/2024\/05\/04-cb.jpg 541w, https:\/\/blocsenresidencia.bcn.cat\/moli2024\/wp-content\/uploads\/2024\/05\/04-cb-200x300.jpg 200w\" sizes=\"auto, (max-width: 541px) 100vw, 541px\" \/><\/figure>\n<\/figure>\n\n\n\n<p class=\"wp-block-paragraph\">La Sala Cava de Can Bast\u00e9 acollir\u00e0 la presentaci\u00f3 del projecte art\u00edstic que tenim en curs amb la Mariona i en Pedro. Caminant-hi, mesurant-lo, tant amb par\u00e0metres del nostre cos com tamb\u00e9 de la cinta m\u00e8trica, ens hem estat &#8216;fent amb el lloc&#8217; . <\/p>\n\n\n\n<p class=\"wp-block-paragraph\">Hi ha un treball a fer en valorar i pensar l&#8217;exposici\u00f3-presentaci\u00f3 per venir. Ella mateixa forma part de l&#8217;itinerari art\u00edstic, ens fa prendre decisions, descartar i seguir avan\u00e7ant en una soluci\u00f3 possible. Escollir tamanys d&#8217;estructures, ubicacions, seleccionar produccions&#8230; <\/p>\n\n\n\n<p class=\"wp-block-paragraph\">&#8216;Per on entra la llum? Quins recorreguts volem facilitar a les persones amb la nostra intervenci\u00f3? I els colors? Per on entrar\u00e0 el p\u00fablic? On ens situarem?<\/p>\n\n\n\n<figure class=\"wp-block-gallery has-nested-images columns-default is-cropped wp-block-gallery-2 is-layout-flex wp-block-gallery-is-layout-flex\">\n<figure class=\"wp-block-image size-large\"><img loading=\"lazy\" decoding=\"async\" width=\"543\" height=\"816\" data-id=\"1239\" src=\"https:\/\/blocsenresidencia.bcn.cat\/moli2024\/wp-content\/uploads\/2024\/05\/11-cb.jpg\" alt=\"\" class=\"wp-image-1239\" srcset=\"https:\/\/blocsenresidencia.bcn.cat\/moli2024\/wp-content\/uploads\/2024\/05\/11-cb.jpg 543w, https:\/\/blocsenresidencia.bcn.cat\/moli2024\/wp-content\/uploads\/2024\/05\/11-cb-200x300.jpg 200w\" sizes=\"auto, (max-width: 543px) 100vw, 543px\" \/><\/figure>\n\n\n\n<figure class=\"wp-block-image size-large\"><img loading=\"lazy\" decoding=\"async\" width=\"540\" height=\"814\" data-id=\"1234\" src=\"https:\/\/blocsenresidencia.bcn.cat\/moli2024\/wp-content\/uploads\/2024\/05\/08-cb.jpg\" alt=\"\" class=\"wp-image-1234\" srcset=\"https:\/\/blocsenresidencia.bcn.cat\/moli2024\/wp-content\/uploads\/2024\/05\/08-cb.jpg 540w, https:\/\/blocsenresidencia.bcn.cat\/moli2024\/wp-content\/uploads\/2024\/05\/08-cb-199x300.jpg 199w\" sizes=\"auto, (max-width: 540px) 100vw, 540px\" \/><\/figure>\n\n\n\n<figure class=\"wp-block-image size-large\"><img loading=\"lazy\" decoding=\"async\" width=\"547\" height=\"817\" data-id=\"1238\" src=\"https:\/\/blocsenresidencia.bcn.cat\/moli2024\/wp-content\/uploads\/2024\/05\/09-cb.jpg\" alt=\"\" class=\"wp-image-1238\" srcset=\"https:\/\/blocsenresidencia.bcn.cat\/moli2024\/wp-content\/uploads\/2024\/05\/09-cb.jpg 547w, https:\/\/blocsenresidencia.bcn.cat\/moli2024\/wp-content\/uploads\/2024\/05\/09-cb-201x300.jpg 201w\" sizes=\"auto, (max-width: 547px) 100vw, 547px\" \/><\/figure>\n\n\n\n<figure class=\"wp-block-image size-large\"><img loading=\"lazy\" decoding=\"async\" width=\"543\" height=\"817\" data-id=\"1240\" src=\"https:\/\/blocsenresidencia.bcn.cat\/moli2024\/wp-content\/uploads\/2024\/05\/10-cb.jpg\" alt=\"\" class=\"wp-image-1240\" srcset=\"https:\/\/blocsenresidencia.bcn.cat\/moli2024\/wp-content\/uploads\/2024\/05\/10-cb.jpg 543w, https:\/\/blocsenresidencia.bcn.cat\/moli2024\/wp-content\/uploads\/2024\/05\/10-cb-199x300.jpg 199w\" sizes=\"auto, (max-width: 543px) 100vw, 543px\" \/><\/figure>\n\n\n\n<figure class=\"wp-block-image size-large\"><img loading=\"lazy\" decoding=\"async\" width=\"531\" height=\"811\" data-id=\"1236\" src=\"https:\/\/blocsenresidencia.bcn.cat\/moli2024\/wp-content\/uploads\/2024\/05\/12-cb.jpg\" alt=\"\" class=\"wp-image-1236\" srcset=\"https:\/\/blocsenresidencia.bcn.cat\/moli2024\/wp-content\/uploads\/2024\/05\/12-cb.jpg 531w, https:\/\/blocsenresidencia.bcn.cat\/moli2024\/wp-content\/uploads\/2024\/05\/12-cb-196x300.jpg 196w\" sizes=\"auto, (max-width: 531px) 100vw, 531px\" \/><\/figure>\n<\/figure>\n\n\n\n<p class=\"wp-block-paragraph\">Tenim doncs un espai concret i, amb ell, el repte i el desig que la nostra proposta hi prengui vida. \u00c9s un espai acollidor, llumin\u00f3s que ofereix qualitats que s&#8217;ad\u00efuen a la intervenci\u00f3 i l&#8217;experi\u00e8ncia que ens interessa proposar.<\/p>\n\n\n\n<figure class=\"wp-block-gallery has-nested-images columns-default is-cropped wp-block-gallery-3 is-layout-flex wp-block-gallery-is-layout-flex\">\n<figure class=\"wp-block-image size-large\"><img loading=\"lazy\" decoding=\"async\" width=\"1024\" height=\"685\" data-id=\"1244\" src=\"https:\/\/blocsenresidencia.bcn.cat\/moli2024\/wp-content\/uploads\/2024\/05\/14-cb-1024x685.jpg\" alt=\"\" class=\"wp-image-1244\" srcset=\"https:\/\/blocsenresidencia.bcn.cat\/moli2024\/wp-content\/uploads\/2024\/05\/14-cb-1024x685.jpg 1024w, https:\/\/blocsenresidencia.bcn.cat\/moli2024\/wp-content\/uploads\/2024\/05\/14-cb-300x201.jpg 300w, https:\/\/blocsenresidencia.bcn.cat\/moli2024\/wp-content\/uploads\/2024\/05\/14-cb-768x513.jpg 768w, https:\/\/blocsenresidencia.bcn.cat\/moli2024\/wp-content\/uploads\/2024\/05\/14-cb.jpg 1195w\" sizes=\"auto, (max-width: 767px) 89vw, (max-width: 1000px) 54vw, (max-width: 1071px) 543px, 580px\" \/><\/figure>\n\n\n\n<figure class=\"wp-block-image size-large\"><img loading=\"lazy\" decoding=\"async\" width=\"796\" height=\"778\" data-id=\"1243\" src=\"https:\/\/blocsenresidencia.bcn.cat\/moli2024\/wp-content\/uploads\/2024\/05\/15-cb.jpg\" alt=\"\" class=\"wp-image-1243\" srcset=\"https:\/\/blocsenresidencia.bcn.cat\/moli2024\/wp-content\/uploads\/2024\/05\/15-cb.jpg 796w, https:\/\/blocsenresidencia.bcn.cat\/moli2024\/wp-content\/uploads\/2024\/05\/15-cb-300x293.jpg 300w, https:\/\/blocsenresidencia.bcn.cat\/moli2024\/wp-content\/uploads\/2024\/05\/15-cb-768x751.jpg 768w\" sizes=\"auto, (max-width: 767px) 89vw, (max-width: 1000px) 54vw, (max-width: 1071px) 543px, 580px\" \/><\/figure>\n\n\n\n<figure class=\"wp-block-image size-large\"><img loading=\"lazy\" decoding=\"async\" width=\"540\" height=\"540\" data-id=\"1247\" src=\"https:\/\/blocsenresidencia.bcn.cat\/moli2024\/wp-content\/uploads\/2024\/05\/16-cb-edited-1.jpg\" alt=\"\" class=\"wp-image-1247\" srcset=\"https:\/\/blocsenresidencia.bcn.cat\/moli2024\/wp-content\/uploads\/2024\/05\/16-cb-edited-1.jpg 540w, https:\/\/blocsenresidencia.bcn.cat\/moli2024\/wp-content\/uploads\/2024\/05\/16-cb-edited-1-300x300.jpg 300w, https:\/\/blocsenresidencia.bcn.cat\/moli2024\/wp-content\/uploads\/2024\/05\/16-cb-edited-1-150x150.jpg 150w, https:\/\/blocsenresidencia.bcn.cat\/moli2024\/wp-content\/uploads\/2024\/05\/16-cb-edited-1-100x100.jpg 100w\" sizes=\"auto, (max-width: 540px) 100vw, 540px\" \/><\/figure>\n<\/figure>\n\n\n\n<p class=\"wp-block-paragraph\">La primera setmana de juny, concretament el <strong>dimecres dia 5<\/strong>, presentarem el <strong>projecte d&#8217;En Resid\u00e8ncia amb la Mariona i el Pedro<\/strong>.  Ser\u00e0 a la <strong>Sala Cava de Can Bast\u00e9, a les 19.30h<\/strong>. <\/p>\n\n\n\n<iframe src=\"https:\/\/www.google.com\/maps\/embed?pb=!1m18!1m12!1m3!1d2991.403058499441!2d2.1730677!3d41.4304752!2m3!1f0!2f0!3f0!3m2!1i1024!2i768!4f13.1!3m3!1m2!1s0x12a4bd307367c2e5%3A0xebd76d4e52dfb961!2sCentro%20C%C3%ADvico%20Can%20Bast%C3%A9!5e0!3m2!1ses!2ses!4v1714566769428!5m2!1ses!2ses\" width=\"400\" height=\"300\" style=\"border:0;\" allowfullscreen=\"\" loading=\"lazy\" referrerpolicy=\"no-referrer-when-downgrade\"><\/iframe>\n","protected":false},"excerpt":{"rendered":"<p>La Sala Cava de Can Bast\u00e9 acollir\u00e0 la presentaci\u00f3 del projecte art\u00edstic que tenim en curs amb la Mariona i en Pedro. Caminant-hi, mesurant-lo, tant amb par\u00e0metres del nostre cos com tamb\u00e9 de la cinta m\u00e8trica, ens hem estat &#8216;fent amb el lloc&#8217; . Hi ha un treball a fer en valorar i pensar l&#8217;exposici\u00f3-presentaci\u00f3 &hellip; <\/p>\n<p class=\"link-more\"><a href=\"https:\/\/blocsenresidencia.bcn.cat\/moli2024\/tenim-espai-pel-nostre-projecte\/\" class=\"more-link\">Continua llegint <span class=\"screen-reader-text\">\u00abTenim espai pel nostre projecte!\u00bb<\/span><\/a><\/p>\n","protected":false},"author":9,"featured_media":0,"comment_status":"closed","ping_status":"closed","sticky":false,"template":"","format":"standard","meta":{"footnotes":""},"categories":[1],"tags":[],"class_list":["post-1227","post","type-post","status-publish","format-standard","hentry","category-general"],"_links":{"self":[{"href":"https:\/\/blocsenresidencia.bcn.cat\/moli2024\/wp-json\/wp\/v2\/posts\/1227","targetHints":{"allow":["GET"]}}],"collection":[{"href":"https:\/\/blocsenresidencia.bcn.cat\/moli2024\/wp-json\/wp\/v2\/posts"}],"about":[{"href":"https:\/\/blocsenresidencia.bcn.cat\/moli2024\/wp-json\/wp\/v2\/types\/post"}],"author":[{"embeddable":true,"href":"https:\/\/blocsenresidencia.bcn.cat\/moli2024\/wp-json\/wp\/v2\/users\/9"}],"replies":[{"embeddable":true,"href":"https:\/\/blocsenresidencia.bcn.cat\/moli2024\/wp-json\/wp\/v2\/comments?post=1227"}],"version-history":[{"count":12,"href":"https:\/\/blocsenresidencia.bcn.cat\/moli2024\/wp-json\/wp\/v2\/posts\/1227\/revisions"}],"predecessor-version":[{"id":1258,"href":"https:\/\/blocsenresidencia.bcn.cat\/moli2024\/wp-json\/wp\/v2\/posts\/1227\/revisions\/1258"}],"wp:attachment":[{"href":"https:\/\/blocsenresidencia.bcn.cat\/moli2024\/wp-json\/wp\/v2\/media?parent=1227"}],"wp:term":[{"taxonomy":"category","embeddable":true,"href":"https:\/\/blocsenresidencia.bcn.cat\/moli2024\/wp-json\/wp\/v2\/categories?post=1227"},{"taxonomy":"post_tag","embeddable":true,"href":"https:\/\/blocsenresidencia.bcn.cat\/moli2024\/wp-json\/wp\/v2\/tags?post=1227"}],"curies":[{"name":"wp","href":"https:\/\/api.w.org\/{rel}","templated":true}]}}