{"id":1335,"date":"2024-05-15T15:59:41","date_gmt":"2024-05-15T13:59:41","guid":{"rendered":"https:\/\/blocsenresidencia.bcn.cat\/moli2024\/?p=1335"},"modified":"2024-05-26T08:45:20","modified_gmt":"2024-05-26T06:45:20","slug":"visita-a-lexposicio-de-daniel-steegmann","status":"publish","type":"post","link":"https:\/\/blocsenresidencia.bcn.cat\/moli2024\/visita-a-lexposicio-de-daniel-steegmann\/","title":{"rendered":"Visita a l&#8217;exposici\u00f3 de Daniel Steegmann"},"content":{"rendered":"\n<figure class=\"wp-block-image size-large\"><img loading=\"lazy\" decoding=\"async\" width=\"1024\" height=\"621\" src=\"https:\/\/blocsenresidencia.bcn.cat\/moli2024\/wp-content\/uploads\/2024\/05\/blau2-1024x621.jpg\" alt=\"\" class=\"wp-image-1338\" srcset=\"https:\/\/blocsenresidencia.bcn.cat\/moli2024\/wp-content\/uploads\/2024\/05\/blau2-1024x621.jpg 1024w, https:\/\/blocsenresidencia.bcn.cat\/moli2024\/wp-content\/uploads\/2024\/05\/blau2-300x182.jpg 300w, https:\/\/blocsenresidencia.bcn.cat\/moli2024\/wp-content\/uploads\/2024\/05\/blau2-768x466.jpg 768w, https:\/\/blocsenresidencia.bcn.cat\/moli2024\/wp-content\/uploads\/2024\/05\/blau2-1536x931.jpg 1536w, https:\/\/blocsenresidencia.bcn.cat\/moli2024\/wp-content\/uploads\/2024\/05\/blau2-2048x1242.jpg 2048w\" sizes=\"auto, (max-width: 767px) 89vw, (max-width: 1000px) 54vw, (max-width: 1071px) 543px, 580px\" \/><figcaption class=\"wp-element-caption\">Les obres de Daniel Steegmann mostren la cosmovisi\u00f3 ecol\u00f2gica d&#8217;aquest artista.  A l&#8217;exposici\u00f3 hem vist diferents instal\u00b7lacions que movilitzen els nostres sentits -vista, olfacte, tacte. Ens conviden a sentir que formem part de les xarxes d&#8217;interdepend\u00e8ncia de la natura, i ens encaren amb el sistema econ\u00f2mic que governa el m\u00f3n i que tracta la natura com si fos un objecte independent de nosaltres. Considerar la natura com una font inesgotable de recursos al nostre servei ha causat la greu crisi medioambiental global que vivim. <\/figcaption><\/figure>\n\n\n\n<p class=\"wp-block-paragraph\">Apropar-nos a l&#8217;obra Daniel Steegmann ens ha perm\u00e8s reflexionar sobre el nostre proc\u00e9s creatiu. En la recerca art\u00edstica que duem a terme amb la Mariona i el Pedro ens hem interessat pels espais i les interaccions que s&#8217;hi generen entre les persones. Com l&#8217;espai amb estructures per teixir. Hem treballat els espais de l&#8217;institut, l&#8217;aula per generar accions fora de lloc, per crear espais per teixir, promoure interaccions, activitats personals o compartides&#8230; Ens interessa transformar els espais amb les nostres accions i intervencions per generar la possibilitat que hi esdevinguin experi\u00e8ncies i trobades noves.<\/p>\n\n\n\n<figure class=\"wp-block-image size-large\"><img loading=\"lazy\" decoding=\"async\" width=\"1024\" height=\"988\" src=\"https:\/\/blocsenresidencia.bcn.cat\/moli2024\/wp-content\/uploads\/2024\/05\/macba-blau-1024x988.jpg\" alt=\"\" class=\"wp-image-1339\" srcset=\"https:\/\/blocsenresidencia.bcn.cat\/moli2024\/wp-content\/uploads\/2024\/05\/macba-blau-1024x988.jpg 1024w, https:\/\/blocsenresidencia.bcn.cat\/moli2024\/wp-content\/uploads\/2024\/05\/macba-blau-300x290.jpg 300w, https:\/\/blocsenresidencia.bcn.cat\/moli2024\/wp-content\/uploads\/2024\/05\/macba-blau-768x741.jpg 768w, https:\/\/blocsenresidencia.bcn.cat\/moli2024\/wp-content\/uploads\/2024\/05\/macba-blau-1536x1483.jpg 1536w, https:\/\/blocsenresidencia.bcn.cat\/moli2024\/wp-content\/uploads\/2024\/05\/macba-blau-2048x1977.jpg 2048w\" sizes=\"auto, (max-width: 767px) 89vw, (max-width: 1000px) 54vw, (max-width: 1071px) 543px, 580px\" \/><figcaption class=\"wp-element-caption\"><br>\u00abUna selva no \u00e9s nom\u00e9s un conjunt d\u2019arbres. \u00c9s totes les formes de vida que hi interaccionen. El que fa que la selva sigui tan rica son els milions i milions de interaccions metab\u00f2liques que hi ha entre les diferents esp\u00e8cies. Podria arribar a ser una met\u00e0fora d\u2019un nou paradigma cultural que reconegu\u00e9s que tot \u00e9s interdependent.<br>Daniel Steegman<br><br><\/figcaption><\/figure>\n\n\n\n<p class=\"wp-block-paragraph\"><\/p>\n","protected":false},"excerpt":{"rendered":"<p>Apropar-nos a l&#8217;obra Daniel Steegmann ens ha perm\u00e8s reflexionar sobre el nostre proc\u00e9s creatiu. En la recerca art\u00edstica que duem a terme amb la Mariona i el Pedro ens hem interessat pels espais i les interaccions que s&#8217;hi generen entre les persones. Com l&#8217;espai amb estructures per teixir. Hem treballat els espais de l&#8217;institut, l&#8217;aula &hellip; <\/p>\n<p class=\"link-more\"><a href=\"https:\/\/blocsenresidencia.bcn.cat\/moli2024\/visita-a-lexposicio-de-daniel-steegmann\/\" class=\"more-link\">Continua llegint <span class=\"screen-reader-text\">\u00abVisita a l&#8217;exposici\u00f3 de Daniel Steegmann\u00bb<\/span><\/a><\/p>\n","protected":false},"author":9,"featured_media":0,"comment_status":"closed","ping_status":"closed","sticky":false,"template":"","format":"standard","meta":{"footnotes":""},"categories":[1],"tags":[],"class_list":["post-1335","post","type-post","status-publish","format-standard","hentry","category-general"],"_links":{"self":[{"href":"https:\/\/blocsenresidencia.bcn.cat\/moli2024\/wp-json\/wp\/v2\/posts\/1335","targetHints":{"allow":["GET"]}}],"collection":[{"href":"https:\/\/blocsenresidencia.bcn.cat\/moli2024\/wp-json\/wp\/v2\/posts"}],"about":[{"href":"https:\/\/blocsenresidencia.bcn.cat\/moli2024\/wp-json\/wp\/v2\/types\/post"}],"author":[{"embeddable":true,"href":"https:\/\/blocsenresidencia.bcn.cat\/moli2024\/wp-json\/wp\/v2\/users\/9"}],"replies":[{"embeddable":true,"href":"https:\/\/blocsenresidencia.bcn.cat\/moli2024\/wp-json\/wp\/v2\/comments?post=1335"}],"version-history":[{"count":8,"href":"https:\/\/blocsenresidencia.bcn.cat\/moli2024\/wp-json\/wp\/v2\/posts\/1335\/revisions"}],"predecessor-version":[{"id":1403,"href":"https:\/\/blocsenresidencia.bcn.cat\/moli2024\/wp-json\/wp\/v2\/posts\/1335\/revisions\/1403"}],"wp:attachment":[{"href":"https:\/\/blocsenresidencia.bcn.cat\/moli2024\/wp-json\/wp\/v2\/media?parent=1335"}],"wp:term":[{"taxonomy":"category","embeddable":true,"href":"https:\/\/blocsenresidencia.bcn.cat\/moli2024\/wp-json\/wp\/v2\/categories?post=1335"},{"taxonomy":"post_tag","embeddable":true,"href":"https:\/\/blocsenresidencia.bcn.cat\/moli2024\/wp-json\/wp\/v2\/tags?post=1335"}],"curies":[{"name":"wp","href":"https:\/\/api.w.org\/{rel}","templated":true}]}}