{"id":302,"date":"2023-09-26T14:30:10","date_gmt":"2023-09-26T12:30:10","guid":{"rendered":"https:\/\/blocsenresidencia.bcn.cat\/moli2024\/?p=302"},"modified":"2023-10-29T17:21:12","modified_gmt":"2023-10-29T15:21:12","slug":"presentacio-i-proposta-a-distancia","status":"publish","type":"post","link":"https:\/\/blocsenresidencia.bcn.cat\/moli2024\/presentacio-i-proposta-a-distancia\/","title":{"rendered":"Presentaci\u00f3 i proposta a dist\u00e0ncia"},"content":{"rendered":"<div class=\"wp-block-image\">\n<figure class=\"alignleft size-large is-resized\"><img loading=\"lazy\" decoding=\"async\" width=\"662\" height=\"1024\" src=\"https:\/\/blocsenresidencia.bcn.cat\/moli2024\/wp-content\/uploads\/2023\/10\/Captura-de-Pantalla-2023-10-29-a-las-15.18.25-662x1024.png\" alt=\"\" class=\"wp-image-318\" style=\"aspect-ratio:0.646484375;width:229px;height:auto\" srcset=\"https:\/\/blocsenresidencia.bcn.cat\/moli2024\/wp-content\/uploads\/2023\/10\/Captura-de-Pantalla-2023-10-29-a-las-15.18.25-662x1024.png 662w, https:\/\/blocsenresidencia.bcn.cat\/moli2024\/wp-content\/uploads\/2023\/10\/Captura-de-Pantalla-2023-10-29-a-las-15.18.25-194x300.png 194w, https:\/\/blocsenresidencia.bcn.cat\/moli2024\/wp-content\/uploads\/2023\/10\/Captura-de-Pantalla-2023-10-29-a-las-15.18.25-768x1187.png 768w, https:\/\/blocsenresidencia.bcn.cat\/moli2024\/wp-content\/uploads\/2023\/10\/Captura-de-Pantalla-2023-10-29-a-las-15.18.25.png 952w\" sizes=\"auto, (max-width: 662px) 100vw, 662px\" \/><\/figure>\n<\/div>\n\n\n<p class=\"wp-block-paragraph\">Durant el mes de setembre la Mariona i Pedro Mur\u00faa estan treballant en un projecte art\u00edstic a les ru\u00efnes de S\u00edbari, a Cal\u00e0bria, It\u00e0lia. Per tal de con\u00e8ixer-nos millor abans que tornin a Barcelona, ens han enviat dos v\u00eddeos. Aix\u00ed ens han explicat algunes coses sobre ells i la seva manera d&#8217;entendre l&#8217;art, sobre el que estan fent i el que els interessa.<\/p>\n\n\n\n<p class=\"wp-block-paragraph\"><strong>\u00abEl que ens agrada el llenguatge art\u00edstic \u00e9s que ens ajuda a veure el m\u00f3n des d&#8217;una altra perspectiva. (&#8230;) A trav\u00e9s de l&#8217;art nosaltres ens relacionem amb el m\u00f3n.\u00bb  <\/strong>_Mariona<\/p>\n\n\n\n<p class=\"wp-block-paragraph\"><strong>\u00abNosaltres treballem molt amb el t\u00e8xtil i l&#8217;escultura i aquest any farem un projecte art\u00edstic conjuntament amb vosaltres.\u00bb <\/strong>_Pedro<\/p>\n\n\n\n<p class=\"wp-block-paragraph\"><strong>Proposta a dist\u00e0ncia<\/strong><\/p>\n\n\n\n<p class=\"wp-block-paragraph\">A banda de presentar-se i parlar-nos del seu treball art\u00edstic, la Mariona i el Pedro ens han proposat que fem una acci\u00f3 art\u00edstica. Per a explicar-nos-la ells mateixos l&#8217;han realitzat la a S\u00edbari i ens n&#8217;han enviat aquestes imatges.  Es tracta d&#8217;una <strong>Acci\u00f3 Fora de lloc<\/strong>.<\/p>\n\n\n\n<figure class=\"wp-block-gallery has-nested-images columns-default is-cropped wp-block-gallery-1 is-layout-flex wp-block-gallery-is-layout-flex\">\n<figure class=\"wp-block-image size-large\"><img loading=\"lazy\" decoding=\"async\" width=\"768\" height=\"1024\" data-id=\"313\" src=\"https:\/\/blocsenresidencia.bcn.cat\/moli2024\/wp-content\/uploads\/2023\/10\/Espai-fotografiat-768x1024.jpg\" alt=\"\" class=\"wp-image-313\" srcset=\"https:\/\/blocsenresidencia.bcn.cat\/moli2024\/wp-content\/uploads\/2023\/10\/Espai-fotografiat-768x1024.jpg 768w, https:\/\/blocsenresidencia.bcn.cat\/moli2024\/wp-content\/uploads\/2023\/10\/Espai-fotografiat-225x300.jpg 225w, https:\/\/blocsenresidencia.bcn.cat\/moli2024\/wp-content\/uploads\/2023\/10\/Espai-fotografiat-1152x1536.jpg 1152w, https:\/\/blocsenresidencia.bcn.cat\/moli2024\/wp-content\/uploads\/2023\/10\/Espai-fotografiat-1536x2048.jpg 1536w, https:\/\/blocsenresidencia.bcn.cat\/moli2024\/wp-content\/uploads\/2023\/10\/Espai-fotografiat-scaled.jpg 1920w\" sizes=\"auto, (max-width: 767px) 89vw, (max-width: 1000px) 54vw, (max-width: 1071px) 543px, 580px\" \/><\/figure>\n\n\n\n<figure class=\"wp-block-image size-large\"><img loading=\"lazy\" decoding=\"async\" width=\"768\" height=\"1024\" data-id=\"314\" src=\"https:\/\/blocsenresidencia.bcn.cat\/moli2024\/wp-content\/uploads\/2023\/10\/Accio-fora-de-lloc-Pedro-768x1024.jpg\" alt=\"\" class=\"wp-image-314\" srcset=\"https:\/\/blocsenresidencia.bcn.cat\/moli2024\/wp-content\/uploads\/2023\/10\/Accio-fora-de-lloc-Pedro-768x1024.jpg 768w, https:\/\/blocsenresidencia.bcn.cat\/moli2024\/wp-content\/uploads\/2023\/10\/Accio-fora-de-lloc-Pedro-225x300.jpg 225w, https:\/\/blocsenresidencia.bcn.cat\/moli2024\/wp-content\/uploads\/2023\/10\/Accio-fora-de-lloc-Pedro-1152x1536.jpg 1152w, https:\/\/blocsenresidencia.bcn.cat\/moli2024\/wp-content\/uploads\/2023\/10\/Accio-fora-de-lloc-Pedro-1536x2048.jpg 1536w, https:\/\/blocsenresidencia.bcn.cat\/moli2024\/wp-content\/uploads\/2023\/10\/Accio-fora-de-lloc-Pedro-scaled.jpg 1920w\" sizes=\"auto, (max-width: 767px) 89vw, (max-width: 1000px) 54vw, (max-width: 1071px) 543px, 580px\" \/><\/figure>\n\n\n\n<figure class=\"wp-block-image size-large\"><img loading=\"lazy\" decoding=\"async\" width=\"768\" height=\"1024\" data-id=\"315\" src=\"https:\/\/blocsenresidencia.bcn.cat\/moli2024\/wp-content\/uploads\/2023\/10\/Accio-fora-de-lloc-Mariona-768x1024.jpg\" alt=\"\" class=\"wp-image-315\" srcset=\"https:\/\/blocsenresidencia.bcn.cat\/moli2024\/wp-content\/uploads\/2023\/10\/Accio-fora-de-lloc-Mariona-768x1024.jpg 768w, https:\/\/blocsenresidencia.bcn.cat\/moli2024\/wp-content\/uploads\/2023\/10\/Accio-fora-de-lloc-Mariona-225x300.jpg 225w, https:\/\/blocsenresidencia.bcn.cat\/moli2024\/wp-content\/uploads\/2023\/10\/Accio-fora-de-lloc-Mariona-1152x1536.jpg 1152w, https:\/\/blocsenresidencia.bcn.cat\/moli2024\/wp-content\/uploads\/2023\/10\/Accio-fora-de-lloc-Mariona-1536x2048.jpg 1536w, https:\/\/blocsenresidencia.bcn.cat\/moli2024\/wp-content\/uploads\/2023\/10\/Accio-fora-de-lloc-Mariona-scaled.jpg 1920w\" sizes=\"auto, (max-width: 767px) 89vw, (max-width: 1000px) 54vw, (max-width: 1071px) 543px, 580px\" \/><\/figure>\n<\/figure>\n\n\n\n<p class=\"wp-block-paragraph\">Ara ens toca a nosaltres buscar un espai del nostre l&#8217;Institut i fer-hi una acci\u00f3 Fora de lloc!<\/p>\n\n\n\n<p class=\"wp-block-paragraph\"><\/p>\n\n\n\n<p class=\"wp-block-paragraph\"><\/p>\n\n\n\n<p class=\"wp-block-paragraph\"><\/p>\n","protected":false},"excerpt":{"rendered":"<p>Durant el mes de setembre la Mariona i Pedro Mur\u00faa estan treballant en un projecte art\u00edstic a les ru\u00efnes de S\u00edbari, a Cal\u00e0bria, It\u00e0lia. Per tal de con\u00e8ixer-nos millor abans que tornin a Barcelona, ens han enviat dos v\u00eddeos. Aix\u00ed ens han explicat algunes coses sobre ells i la seva manera d&#8217;entendre l&#8217;art, sobre el &hellip; <\/p>\n<p class=\"link-more\"><a href=\"https:\/\/blocsenresidencia.bcn.cat\/moli2024\/presentacio-i-proposta-a-distancia\/\" class=\"more-link\">Continua llegint <span class=\"screen-reader-text\">\u00abPresentaci\u00f3 i proposta a dist\u00e0ncia\u00bb<\/span><\/a><\/p>\n","protected":false},"author":9,"featured_media":0,"comment_status":"open","ping_status":"open","sticky":false,"template":"","format":"standard","meta":{"footnotes":""},"categories":[1],"tags":[],"class_list":["post-302","post","type-post","status-publish","format-standard","hentry","category-general"],"_links":{"self":[{"href":"https:\/\/blocsenresidencia.bcn.cat\/moli2024\/wp-json\/wp\/v2\/posts\/302","targetHints":{"allow":["GET"]}}],"collection":[{"href":"https:\/\/blocsenresidencia.bcn.cat\/moli2024\/wp-json\/wp\/v2\/posts"}],"about":[{"href":"https:\/\/blocsenresidencia.bcn.cat\/moli2024\/wp-json\/wp\/v2\/types\/post"}],"author":[{"embeddable":true,"href":"https:\/\/blocsenresidencia.bcn.cat\/moli2024\/wp-json\/wp\/v2\/users\/9"}],"replies":[{"embeddable":true,"href":"https:\/\/blocsenresidencia.bcn.cat\/moli2024\/wp-json\/wp\/v2\/comments?post=302"}],"version-history":[{"count":7,"href":"https:\/\/blocsenresidencia.bcn.cat\/moli2024\/wp-json\/wp\/v2\/posts\/302\/revisions"}],"predecessor-version":[{"id":331,"href":"https:\/\/blocsenresidencia.bcn.cat\/moli2024\/wp-json\/wp\/v2\/posts\/302\/revisions\/331"}],"wp:attachment":[{"href":"https:\/\/blocsenresidencia.bcn.cat\/moli2024\/wp-json\/wp\/v2\/media?parent=302"}],"wp:term":[{"taxonomy":"category","embeddable":true,"href":"https:\/\/blocsenresidencia.bcn.cat\/moli2024\/wp-json\/wp\/v2\/categories?post=302"},{"taxonomy":"post_tag","embeddable":true,"href":"https:\/\/blocsenresidencia.bcn.cat\/moli2024\/wp-json\/wp\/v2\/tags?post=302"}],"curies":[{"name":"wp","href":"https:\/\/api.w.org\/{rel}","templated":true}]}}