{"id":428,"date":"2023-10-25T16:52:37","date_gmt":"2023-10-25T14:52:37","guid":{"rendered":"https:\/\/blocsenresidencia.bcn.cat\/moli2024\/?p=428"},"modified":"2023-11-07T15:27:21","modified_gmt":"2023-11-07T13:27:21","slug":"itinerari-pel-barri","status":"publish","type":"post","link":"https:\/\/blocsenresidencia.bcn.cat\/moli2024\/itinerari-pel-barri\/","title":{"rendered":"Itinerari pel barri"},"content":{"rendered":"\n<figure class=\"wp-block-gallery has-nested-images columns-default is-cropped wp-block-gallery-1 is-layout-flex wp-block-gallery-is-layout-flex\">\n<figure class=\"wp-block-image size-large\"><img loading=\"lazy\" decoding=\"async\" width=\"1024\" height=\"768\" data-id=\"463\" src=\"https:\/\/blocsenresidencia.bcn.cat\/moli2024\/wp-content\/uploads\/2023\/11\/20231025_134837-1-1024x768.jpg\" alt=\"\" class=\"wp-image-463\" srcset=\"https:\/\/blocsenresidencia.bcn.cat\/moli2024\/wp-content\/uploads\/2023\/11\/20231025_134837-1-1024x768.jpg 1024w, https:\/\/blocsenresidencia.bcn.cat\/moli2024\/wp-content\/uploads\/2023\/11\/20231025_134837-1-300x225.jpg 300w, https:\/\/blocsenresidencia.bcn.cat\/moli2024\/wp-content\/uploads\/2023\/11\/20231025_134837-1-768x576.jpg 768w, https:\/\/blocsenresidencia.bcn.cat\/moli2024\/wp-content\/uploads\/2023\/11\/20231025_134837-1-1536x1152.jpg 1536w, https:\/\/blocsenresidencia.bcn.cat\/moli2024\/wp-content\/uploads\/2023\/11\/20231025_134837-1-2048x1536.jpg 2048w\" sizes=\"auto, (max-width: 767px) 89vw, (max-width: 1000px) 54vw, (max-width: 1071px) 543px, 580px\" \/><\/figure>\n<\/figure>\n\n\n\n<p class=\"wp-block-paragraph\">Amb la Mariona i el Pedro hem fet una primera exploraci\u00f3 del barri. \u00c9s una zona de Barcelona que ells no coneixen massa i que, en canvi, \u00e9s un paisatge quotidi\u00e0 per la majoria de nosaltres. \u00c9s curi\u00f3s que, malgrat ser uns espais tan coneguts, la proposta de passeig que ens han fet els dos artistes ens ha servit per mostrar-ne aspectes i q\u00fcestions que fins ara no hav\u00edem identificat ni ens hav\u00edem plantejat. <\/p>\n\n\n\n<p class=\"wp-block-paragraph\">Hem seguit una forma de presa de contacte que la Mariona i el Pedro fan servir per explorar un nou terreny, per obtenir-ne dades, per poder mirar un lloc amb uns ulls menys entel\u00b7lats per la rutina, des d&#8217;una mirada menys condicionada per l&#8217;habitud del dia a dia. Des d&#8217;una mirada d&#8217;artista, potser?<\/p>\n\n\n\n<p class=\"wp-block-paragraph\"><\/p>\n\n\n\n<figure class=\"wp-block-image size-large\"><img loading=\"lazy\" decoding=\"async\" width=\"1024\" height=\"725\" src=\"https:\/\/blocsenresidencia.bcn.cat\/moli2024\/wp-content\/uploads\/2023\/11\/1-1024x725.png\" alt=\"\" class=\"wp-image-464\" srcset=\"https:\/\/blocsenresidencia.bcn.cat\/moli2024\/wp-content\/uploads\/2023\/11\/1-1024x725.png 1024w, https:\/\/blocsenresidencia.bcn.cat\/moli2024\/wp-content\/uploads\/2023\/11\/1-300x212.png 300w, https:\/\/blocsenresidencia.bcn.cat\/moli2024\/wp-content\/uploads\/2023\/11\/1-768x544.png 768w, https:\/\/blocsenresidencia.bcn.cat\/moli2024\/wp-content\/uploads\/2023\/11\/1.png 1171w\" sizes=\"auto, (max-width: 767px) 89vw, (max-width: 1000px) 54vw, (max-width: 1071px) 543px, 580px\" \/><\/figure>\n\n\n\n<figure class=\"wp-block-image size-large\"><img loading=\"lazy\" decoding=\"async\" width=\"1024\" height=\"716\" src=\"https:\/\/blocsenresidencia.bcn.cat\/moli2024\/wp-content\/uploads\/2023\/11\/2-1024x716.png\" alt=\"\" class=\"wp-image-465\" srcset=\"https:\/\/blocsenresidencia.bcn.cat\/moli2024\/wp-content\/uploads\/2023\/11\/2-1024x716.png 1024w, https:\/\/blocsenresidencia.bcn.cat\/moli2024\/wp-content\/uploads\/2023\/11\/2-300x210.png 300w, https:\/\/blocsenresidencia.bcn.cat\/moli2024\/wp-content\/uploads\/2023\/11\/2-768x537.png 768w, https:\/\/blocsenresidencia.bcn.cat\/moli2024\/wp-content\/uploads\/2023\/11\/2.png 1168w\" sizes=\"auto, (max-width: 767px) 89vw, (max-width: 1000px) 54vw, (max-width: 1071px) 543px, 580px\" \/><\/figure>\n\n\n\n<figure class=\"wp-block-image size-large\"><img loading=\"lazy\" decoding=\"async\" width=\"1024\" height=\"724\" src=\"https:\/\/blocsenresidencia.bcn.cat\/moli2024\/wp-content\/uploads\/2023\/11\/3-1024x724.png\" alt=\"\" class=\"wp-image-466\" srcset=\"https:\/\/blocsenresidencia.bcn.cat\/moli2024\/wp-content\/uploads\/2023\/11\/3-1024x724.png 1024w, https:\/\/blocsenresidencia.bcn.cat\/moli2024\/wp-content\/uploads\/2023\/11\/3-300x212.png 300w, https:\/\/blocsenresidencia.bcn.cat\/moli2024\/wp-content\/uploads\/2023\/11\/3-768x543.png 768w, https:\/\/blocsenresidencia.bcn.cat\/moli2024\/wp-content\/uploads\/2023\/11\/3.png 1171w\" sizes=\"auto, (max-width: 767px) 89vw, (max-width: 1000px) 54vw, (max-width: 1071px) 543px, 580px\" \/><\/figure>\n\n\n\n<p class=\"wp-block-paragraph\">Durant el recorregut hem fet observaci\u00f3 i obtenci\u00f3 de registres per mitj\u00e0 de fotografies i dibuixos. Concretament l&#8217;inter\u00e8s ha estat centrat en els materials d&#8217;origen vegetal o animal. Son materials que, originals o manipulats per l&#8217;home tamb\u00e9 conformen el paisatge urb\u00e0 en el que convivim.<\/p>\n\n\n\n<p class=\"wp-block-paragraph\">En un petit recorregut hem obtingut ja una col\u00b7lecci\u00f3 de registres ben interessants. Val a dir que el proc\u00e9s d&#8217;obtenir aquest cat\u00e0leg \u00e9s un moment que t\u00e9 el seu plus d&#8217;inter\u00e8s: per a uns fer servir  la c\u00e0mara fotogr\u00e0fica i per d&#8217;altres practicar el dibuix del natural.<\/p>\n\n\n\n<figure class=\"wp-block-gallery has-nested-images columns-default is-cropped wp-block-gallery-2 is-layout-flex wp-block-gallery-is-layout-flex\">\n<figure class=\"wp-block-image size-large\"><img loading=\"lazy\" decoding=\"async\" width=\"1024\" height=\"683\" data-id=\"462\" src=\"https:\/\/blocsenresidencia.bcn.cat\/moli2024\/wp-content\/uploads\/2023\/11\/23_10_25_primeritinerari_materials_22-1024x683.jpg\" alt=\"\" class=\"wp-image-462\" srcset=\"https:\/\/blocsenresidencia.bcn.cat\/moli2024\/wp-content\/uploads\/2023\/11\/23_10_25_primeritinerari_materials_22-1024x683.jpg 1024w, https:\/\/blocsenresidencia.bcn.cat\/moli2024\/wp-content\/uploads\/2023\/11\/23_10_25_primeritinerari_materials_22-300x200.jpg 300w, https:\/\/blocsenresidencia.bcn.cat\/moli2024\/wp-content\/uploads\/2023\/11\/23_10_25_primeritinerari_materials_22-768x512.jpg 768w, https:\/\/blocsenresidencia.bcn.cat\/moli2024\/wp-content\/uploads\/2023\/11\/23_10_25_primeritinerari_materials_22-1536x1024.jpg 1536w, https:\/\/blocsenresidencia.bcn.cat\/moli2024\/wp-content\/uploads\/2023\/11\/23_10_25_primeritinerari_materials_22-2048x1365.jpg 2048w\" sizes=\"auto, (max-width: 767px) 89vw, (max-width: 1000px) 54vw, (max-width: 1071px) 543px, 580px\" \/><\/figure>\n\n\n\n<figure class=\"wp-block-image size-large\"><img loading=\"lazy\" decoding=\"async\" width=\"1024\" height=\"768\" data-id=\"467\" src=\"https:\/\/blocsenresidencia.bcn.cat\/moli2024\/wp-content\/uploads\/2023\/11\/image.jpeg\" alt=\"Aquesta imatge t\u00e9 l'atribut alt buit; el seu nom \u00e9s 20231025_124544-1024x768.jpg\" class=\"wp-image-467\" srcset=\"https:\/\/blocsenresidencia.bcn.cat\/moli2024\/wp-content\/uploads\/2023\/11\/image.jpeg 1024w, https:\/\/blocsenresidencia.bcn.cat\/moli2024\/wp-content\/uploads\/2023\/11\/image-300x225.jpeg 300w, https:\/\/blocsenresidencia.bcn.cat\/moli2024\/wp-content\/uploads\/2023\/11\/image-768x576.jpeg 768w\" sizes=\"auto, (max-width: 767px) 89vw, (max-width: 1000px) 54vw, (max-width: 1071px) 543px, 580px\" \/><\/figure>\n\n\n\n<figure class=\"wp-block-image size-large\"><img loading=\"lazy\" decoding=\"async\" width=\"1024\" height=\"768\" data-id=\"458\" src=\"https:\/\/blocsenresidencia.bcn.cat\/moli2024\/wp-content\/uploads\/2023\/11\/20231025_130407-1024x768.jpg\" alt=\"\" class=\"wp-image-458\" srcset=\"https:\/\/blocsenresidencia.bcn.cat\/moli2024\/wp-content\/uploads\/2023\/11\/20231025_130407-1024x768.jpg 1024w, https:\/\/blocsenresidencia.bcn.cat\/moli2024\/wp-content\/uploads\/2023\/11\/20231025_130407-300x225.jpg 300w, https:\/\/blocsenresidencia.bcn.cat\/moli2024\/wp-content\/uploads\/2023\/11\/20231025_130407-768x576.jpg 768w, https:\/\/blocsenresidencia.bcn.cat\/moli2024\/wp-content\/uploads\/2023\/11\/20231025_130407-1536x1152.jpg 1536w, https:\/\/blocsenresidencia.bcn.cat\/moli2024\/wp-content\/uploads\/2023\/11\/20231025_130407-2048x1536.jpg 2048w\" sizes=\"auto, (max-width: 767px) 89vw, (max-width: 1000px) 54vw, (max-width: 1071px) 543px, 580px\" \/><\/figure>\n\n\n\n<figure class=\"wp-block-image size-large\"><img loading=\"lazy\" decoding=\"async\" width=\"1024\" height=\"685\" data-id=\"451\" src=\"https:\/\/blocsenresidencia.bcn.cat\/moli2024\/wp-content\/uploads\/2023\/11\/3-1024x685.jpg\" alt=\"\" class=\"wp-image-451\" srcset=\"https:\/\/blocsenresidencia.bcn.cat\/moli2024\/wp-content\/uploads\/2023\/11\/3-1024x685.jpg 1024w, https:\/\/blocsenresidencia.bcn.cat\/moli2024\/wp-content\/uploads\/2023\/11\/3-300x201.jpg 300w, https:\/\/blocsenresidencia.bcn.cat\/moli2024\/wp-content\/uploads\/2023\/11\/3-768x514.jpg 768w, https:\/\/blocsenresidencia.bcn.cat\/moli2024\/wp-content\/uploads\/2023\/11\/3-1536x1028.jpg 1536w, https:\/\/blocsenresidencia.bcn.cat\/moli2024\/wp-content\/uploads\/2023\/11\/3-2048x1371.jpg 2048w\" sizes=\"auto, (max-width: 767px) 89vw, (max-width: 1000px) 54vw, (max-width: 1071px) 543px, 580px\" \/><\/figure>\n\n\n\n<figure class=\"wp-block-image size-large\"><img loading=\"lazy\" decoding=\"async\" width=\"1024\" height=\"685\" data-id=\"446\" src=\"https:\/\/blocsenresidencia.bcn.cat\/moli2024\/wp-content\/uploads\/2023\/11\/16-1-1024x685.jpg\" alt=\"\" class=\"wp-image-446\" srcset=\"https:\/\/blocsenresidencia.bcn.cat\/moli2024\/wp-content\/uploads\/2023\/11\/16-1-1024x685.jpg 1024w, https:\/\/blocsenresidencia.bcn.cat\/moli2024\/wp-content\/uploads\/2023\/11\/16-1-300x201.jpg 300w, https:\/\/blocsenresidencia.bcn.cat\/moli2024\/wp-content\/uploads\/2023\/11\/16-1-768x514.jpg 768w, https:\/\/blocsenresidencia.bcn.cat\/moli2024\/wp-content\/uploads\/2023\/11\/16-1-1536x1028.jpg 1536w, https:\/\/blocsenresidencia.bcn.cat\/moli2024\/wp-content\/uploads\/2023\/11\/16-1-2048x1371.jpg 2048w\" sizes=\"auto, (max-width: 767px) 89vw, (max-width: 1000px) 54vw, (max-width: 1071px) 543px, 580px\" \/><\/figure>\n\n\n\n<figure class=\"wp-block-image size-large\"><img loading=\"lazy\" decoding=\"async\" width=\"1024\" height=\"685\" data-id=\"438\" src=\"https:\/\/blocsenresidencia.bcn.cat\/moli2024\/wp-content\/uploads\/2023\/11\/15-1024x685.jpg\" alt=\"\" class=\"wp-image-438\" srcset=\"https:\/\/blocsenresidencia.bcn.cat\/moli2024\/wp-content\/uploads\/2023\/11\/15-1024x685.jpg 1024w, https:\/\/blocsenresidencia.bcn.cat\/moli2024\/wp-content\/uploads\/2023\/11\/15-300x201.jpg 300w, https:\/\/blocsenresidencia.bcn.cat\/moli2024\/wp-content\/uploads\/2023\/11\/15-768x514.jpg 768w, https:\/\/blocsenresidencia.bcn.cat\/moli2024\/wp-content\/uploads\/2023\/11\/15-1536x1028.jpg 1536w, https:\/\/blocsenresidencia.bcn.cat\/moli2024\/wp-content\/uploads\/2023\/11\/15-2048x1371.jpg 2048w\" sizes=\"auto, (max-width: 767px) 89vw, (max-width: 1000px) 54vw, (max-width: 1071px) 543px, 580px\" \/><\/figure>\n<\/figure>\n\n\n\n<p class=\"wp-block-paragraph\"><\/p>\n","protected":false},"excerpt":{"rendered":"<p>Amb la Mariona i el Pedro hem fet una primera exploraci\u00f3 del barri. \u00c9s una zona de Barcelona que ells no coneixen massa i que, en canvi, \u00e9s un paisatge quotidi\u00e0 per la majoria de nosaltres. \u00c9s curi\u00f3s que, malgrat ser uns espais tan coneguts, la proposta de passeig que ens han fet els dos &hellip; <\/p>\n<p class=\"link-more\"><a href=\"https:\/\/blocsenresidencia.bcn.cat\/moli2024\/itinerari-pel-barri\/\" class=\"more-link\">Continua llegint <span class=\"screen-reader-text\">\u00abItinerari pel barri\u00bb<\/span><\/a><\/p>\n","protected":false},"author":9,"featured_media":0,"comment_status":"open","ping_status":"open","sticky":false,"template":"","format":"gallery","meta":{"footnotes":""},"categories":[1],"tags":[],"class_list":["post-428","post","type-post","status-publish","format-gallery","hentry","category-general","post_format-post-format-gallery"],"_links":{"self":[{"href":"https:\/\/blocsenresidencia.bcn.cat\/moli2024\/wp-json\/wp\/v2\/posts\/428","targetHints":{"allow":["GET"]}}],"collection":[{"href":"https:\/\/blocsenresidencia.bcn.cat\/moli2024\/wp-json\/wp\/v2\/posts"}],"about":[{"href":"https:\/\/blocsenresidencia.bcn.cat\/moli2024\/wp-json\/wp\/v2\/types\/post"}],"author":[{"embeddable":true,"href":"https:\/\/blocsenresidencia.bcn.cat\/moli2024\/wp-json\/wp\/v2\/users\/9"}],"replies":[{"embeddable":true,"href":"https:\/\/blocsenresidencia.bcn.cat\/moli2024\/wp-json\/wp\/v2\/comments?post=428"}],"version-history":[{"count":5,"href":"https:\/\/blocsenresidencia.bcn.cat\/moli2024\/wp-json\/wp\/v2\/posts\/428\/revisions"}],"predecessor-version":[{"id":473,"href":"https:\/\/blocsenresidencia.bcn.cat\/moli2024\/wp-json\/wp\/v2\/posts\/428\/revisions\/473"}],"wp:attachment":[{"href":"https:\/\/blocsenresidencia.bcn.cat\/moli2024\/wp-json\/wp\/v2\/media?parent=428"}],"wp:term":[{"taxonomy":"category","embeddable":true,"href":"https:\/\/blocsenresidencia.bcn.cat\/moli2024\/wp-json\/wp\/v2\/categories?post=428"},{"taxonomy":"post_tag","embeddable":true,"href":"https:\/\/blocsenresidencia.bcn.cat\/moli2024\/wp-json\/wp\/v2\/tags?post=428"}],"curies":[{"name":"wp","href":"https:\/\/api.w.org\/{rel}","templated":true}]}}