{"id":1,"date":"2023-09-25T18:02:00","date_gmt":"2023-09-25T16:02:00","guid":{"rendered":"https:\/\/blocsenresidencia.bcn.cat\/montjuic2024\/?p=1"},"modified":"2023-10-24T12:17:53","modified_gmt":"2023-10-24T10:17:53","slug":"carla-rovira-en-residencia-a-linstitut-montjuic","status":"publish","type":"post","link":"https:\/\/blocsenresidencia.bcn.cat\/montjuic2024\/carla-rovira-en-residencia-a-linstitut-montjuic\/","title":{"rendered":"Carla Rovira EN RESiD\u00c8NCiA a l\u2019Institut Montju\u00efc"},"content":{"rendered":"\n<p class=\"wp-block-paragraph\"><\/p>\n\n\n\n<p class=\"wp-block-paragraph\"><\/p>\n\n\n\n<p class=\"wp-block-paragraph\">Carla Rovira ja ha iniciat el proc\u00e9s de creaci\u00f3 EN RESiD\u00c8NCiA a l\u2019Institut\u00a0 Montju\u00efc, al barri de La Marina del Prat Vermell (Sants-Montju\u00efc, Barcelona). En aquest blog podreu seguir els moments clau d\u2019un proc\u00e9s obert, amb un final no predefinit. Fins molt aviat!<\/p>\n\n\n\n<p class=\"wp-block-paragraph\"><\/p>\n\n\n\n<p class=\"wp-block-paragraph\"><strong>CARLA ROVIRA PITARCH<\/strong><\/p>\n\n\n\n<figure class=\"wp-block-gallery has-nested-images columns-default is-cropped wp-block-gallery-1 is-layout-flex wp-block-gallery-is-layout-flex\">\n<figure class=\"wp-block-image size-large\"><img loading=\"lazy\" decoding=\"async\" width=\"769\" height=\"1024\" data-id=\"298\" src=\"https:\/\/blocsenresidencia.bcn.cat\/montjuic2024\/wp-content\/uploads\/2023\/10\/IMG_76241-769x1024.jpg\" alt=\"\" class=\"wp-image-298\" srcset=\"https:\/\/blocsenresidencia.bcn.cat\/montjuic2024\/wp-content\/uploads\/2023\/10\/IMG_76241-769x1024.jpg 769w, https:\/\/blocsenresidencia.bcn.cat\/montjuic2024\/wp-content\/uploads\/2023\/10\/IMG_76241-225x300.jpg 225w, https:\/\/blocsenresidencia.bcn.cat\/montjuic2024\/wp-content\/uploads\/2023\/10\/IMG_76241-768x1022.jpg 768w, https:\/\/blocsenresidencia.bcn.cat\/montjuic2024\/wp-content\/uploads\/2023\/10\/IMG_76241-1154x1536.jpg 1154w, https:\/\/blocsenresidencia.bcn.cat\/montjuic2024\/wp-content\/uploads\/2023\/10\/IMG_76241-1539x2048.jpg 1539w, https:\/\/blocsenresidencia.bcn.cat\/montjuic2024\/wp-content\/uploads\/2023\/10\/IMG_76241-scaled.jpg 1923w\" sizes=\"auto, (max-width: 767px) 89vw, (max-width: 1000px) 54vw, (max-width: 1071px) 543px, 580px\" \/><\/figure>\n<\/figure>\n\n\n\n<p class=\"wp-block-paragraph\">Graduada en Interpretaci\u00f3 per l&#8217;Institut del Teatre i especialitzada en el treball de veu i orat\u00f2ria. Ha participat en diversos espectacles com a actriu i assessora de veu. El 2015 estrena la seva primera creaci\u00f3 en solitari <strong>Most of all, you&#8217;ve got to hide it from the chicks<\/strong>, guanyador de l&#8217;Aplaudiment a la Creaci\u00f3 Emergent 2016 del Premi FAD Sebasti\u00e0 Gasch, un espectacle amb nenes sobre el dolor i la relaci\u00f3 entre nenes i adultes. A 2016 presenta <strong>While the Machine keeps on running<\/strong>, un espectacle amb adolescents d&#8217;Ansan a Corea del Sud, espectacle sobre l&#8217;enfonsament del Sewol, un ferri que va deixar 304 joves morts de la mateixa ciutat. El 2017 estrena l&#8217;espectacle <strong>A\u00fcc, el So de les Esquerdes<\/strong> amb la companyia Les Impuxibles, espectacle sobre les viol\u00e8ncies sexuals i <strong>M\u00c0TRIA<\/strong>, premiat amb el premi L&#8217;Apuntador 2017 de la Revista N\u00favol, un projecte que reflexiona sobre la mem\u00f2ria hist\u00f2rica des d&#8217;una perspectiva familiar. El 2018 estrena <strong>Calla, Hamlet, calla<\/strong> al Festival Temporada Alta, un espectacle que aborda la llibertat d&#8217;expressi\u00f3 a partir de l&#8217;obra Hamlet. El 2019 participa en el cicle de lectures dramatitzades Cl\u00e0ssics Desgenerats del Teatre Lliure amb el text propi <strong>Kill Agam\u00e8mnon<\/strong>, versi\u00f3 lliure del mite de Clitemnestra; cocrea <strong>La Defensa Alien<\/strong>, espectacle de Jordi Duran sobre l&#8217;estat de la cultura actual des de la perspectiva del viatge de Dante al festival Temporada Alta i estrena l<strong>&#8216;Amansi(pa)ment de les F\u00faries<\/strong> conjuntament amb la companyia Parking Shakespeare, una versi\u00f3 feminista de l&#8217;Amansiment de l&#8217;Harpia de William Shakespeare i \u00e9s artista resident al Teatre Lliure en el qual presenta <strong>Posar\u00e9 el meu Cor en una Safata<\/strong>, una aproximaci\u00f3 a la mort des d&#8217;una perspectiva ecofeminista. Tamb\u00e9 dirigeix: <strong>Jo encara no somio en gent amb mascareta<\/strong>, un taller final de carrera de l&#8217;escola ERAM. El 2022 acompanya en la dramat\u00fargia l&#8217;espectacle <strong>EZ<\/strong> de l&#8217;artista Elena Zanzu. Estrena a FiraT\u00e0rrega <strong>\u00c8XIT THROUGH THE GIFT SHOP,<\/strong> un espectacle i instal\u00b7laci\u00f3 sobre els conceptes d&#8217;\u00e8xit i frac\u00e0s en els processos de gestaci\u00f3 i guanya el XII Torneig de Dramat\u00fargia Catalana amb el text <strong>El Canvi<\/strong>. El 2023 coordina i dirigeix <strong>La ciutat \u00e9s nostra<\/strong>, espectacle del projecte Escena Pilot del Teatre Lliure amb estudiants de cinc instituts de Barcelona. Es dedica a la doc\u00e8ncia a l&#8217;ESAD d&#8217;E\u00f2lia en les especialitats d&#8217;Interpretaci\u00f3 i de Direcci\u00f3 i Dramat\u00fargia.<\/p>\n\n\n\n<p class=\"wp-block-paragraph\"><strong>Context de partida de la creaci\u00f3 per Institut Montju\u00efc<\/strong><\/p>\n\n\n\n<p class=\"wp-block-paragraph\">El futur ha esdevingut un espai a conquerir. Sembla que ja no podem somiar amb escenaris possibles que permeten la vida, per\u00f2 l&#8217;esperan\u00e7a \u00e9s un dret inalienable. Especialment, si tens encara tota la vida al davant. Amb els escenaris clim\u00e0tics o la pujada de l&#8217;extrema dreta es veu&nbsp; m\u00e9s imprescindible que mai pensar que les coses poden anar b\u00e9. Poder pensar futurs vivibles i desitjables \u00e9s necessari per desitjar la vida, i \u00e9s el cam\u00ed per creure que una vida millor \u00e9s possible. I que, per tant, podem aconseguir-la transformant all\u00f2 que no ens agrada del que tenim ara. La perspectiva d&#8217;un futur millor, d&#8217;una utopia, ens converteix en agents de transformaci\u00f3 i incid\u00e8ncia pol\u00edtica. I com que el teatre \u00e9s un espai ut\u00f2pic perqu\u00e8 \u00e9s capa\u00e7 d&#8217;aturar el temps o convertir-lo i doblegar-lo ens \u00e9s obligatori entomar la tasca de construir nous relats del futur. Conquerir el futur per apropiar-nos-el. L&#8217;objectiu \u00e9s treballar sobre la utopia per crear aquests nous relats.<\/p>\n\n\n\n<p class=\"wp-block-paragraph\">Ho farem des del debat, des del treball amb materials varis, la documentaci\u00f3 i amb la improvisaci\u00f3 com a mecanisme.<\/p>\n","protected":false},"excerpt":{"rendered":"<p>Carla Rovira ja ha iniciat el proc\u00e9s de creaci\u00f3 EN RESiD\u00c8NCiA a l\u2019Institut\u00a0 Montju\u00efc, al barri de La Marina del Prat Vermell (Sants-Montju\u00efc, Barcelona). En aquest blog podreu seguir els moments clau d\u2019un proc\u00e9s obert, amb un final no predefinit. Fins molt aviat! CARLA ROVIRA PITARCH Graduada en Interpretaci\u00f3 per l&#8217;Institut del Teatre i especialitzada &hellip; <\/p>\n<p class=\"link-more\"><a href=\"https:\/\/blocsenresidencia.bcn.cat\/montjuic2024\/carla-rovira-en-residencia-a-linstitut-montjuic\/\" class=\"more-link\">Continua llegint <span class=\"screen-reader-text\">\u00abCarla Rovira EN RESiD\u00c8NCiA a l\u2019Institut Montju\u00efc\u00bb<\/span><\/a><\/p>\n","protected":false},"author":1,"featured_media":0,"comment_status":"closed","ping_status":"open","sticky":false,"template":"","format":"standard","meta":{"footnotes":""},"categories":[1],"tags":[],"class_list":["post-1","post","type-post","status-publish","format-standard","hentry","category-general"],"_links":{"self":[{"href":"https:\/\/blocsenresidencia.bcn.cat\/montjuic2024\/wp-json\/wp\/v2\/posts\/1","targetHints":{"allow":["GET"]}}],"collection":[{"href":"https:\/\/blocsenresidencia.bcn.cat\/montjuic2024\/wp-json\/wp\/v2\/posts"}],"about":[{"href":"https:\/\/blocsenresidencia.bcn.cat\/montjuic2024\/wp-json\/wp\/v2\/types\/post"}],"author":[{"embeddable":true,"href":"https:\/\/blocsenresidencia.bcn.cat\/montjuic2024\/wp-json\/wp\/v2\/users\/1"}],"replies":[{"embeddable":true,"href":"https:\/\/blocsenresidencia.bcn.cat\/montjuic2024\/wp-json\/wp\/v2\/comments?post=1"}],"version-history":[{"count":8,"href":"https:\/\/blocsenresidencia.bcn.cat\/montjuic2024\/wp-json\/wp\/v2\/posts\/1\/revisions"}],"predecessor-version":[{"id":299,"href":"https:\/\/blocsenresidencia.bcn.cat\/montjuic2024\/wp-json\/wp\/v2\/posts\/1\/revisions\/299"}],"wp:attachment":[{"href":"https:\/\/blocsenresidencia.bcn.cat\/montjuic2024\/wp-json\/wp\/v2\/media?parent=1"}],"wp:term":[{"taxonomy":"category","embeddable":true,"href":"https:\/\/blocsenresidencia.bcn.cat\/montjuic2024\/wp-json\/wp\/v2\/categories?post=1"},{"taxonomy":"post_tag","embeddable":true,"href":"https:\/\/blocsenresidencia.bcn.cat\/montjuic2024\/wp-json\/wp\/v2\/tags?post=1"}],"curies":[{"name":"wp","href":"https:\/\/api.w.org\/{rel}","templated":true}]}}