{"id":323,"date":"2024-02-02T14:27:30","date_gmt":"2024-02-02T12:27:30","guid":{"rendered":"https:\/\/blocsenresidencia.bcn.cat\/montjuic2024\/?p=323"},"modified":"2024-02-02T14:29:25","modified_gmt":"2024-02-02T12:29:25","slug":"futurs-musiques-accions-una-petita-cronica-del-mes-de-gener","status":"publish","type":"post","link":"https:\/\/blocsenresidencia.bcn.cat\/montjuic2024\/futurs-musiques-accions-una-petita-cronica-del-mes-de-gener\/","title":{"rendered":"Futurs\/ m\u00fasiques\/ accions: una petita cr\u00f2nica del mes de gener"},"content":{"rendered":"\n<p class=\"wp-block-paragraph\">Aquest mes de gener hem estat temptejant com grup diverses accions, tasques i metodologies art\u00edstiques per poder arribar a un marc de treball de cara a la sessi\u00f3 que farem a mitjan febrer<\/p>\n\n\n\n<p class=\"wp-block-paragraph\">Les dues primeres setmanes varen treballar les difer\u00e8ncies d&#8217;atac i defensa dels esports que juguen (futbol b\u00e0squet, voleibol) i altre grup  va fer not\u00edcies dels futurs. Va ser una forma d&#8217;indagar en les diverses estrat\u00e8gies de cooperaci\u00f3 que desenvolupen els esports: les d&#8217;organitzaci\u00f3 i de comunicaci\u00f3 entre les persones d&#8217;un equip.<\/p>\n\n\n\n<figure class=\"wp-block-image size-large is-resized\"><img loading=\"lazy\" decoding=\"async\" width=\"1024\" height=\"684\" src=\"https:\/\/blocsenresidencia.bcn.cat\/montjuic2024\/wp-content\/uploads\/2024\/02\/WhatsApp-Image-2024-01-10-at-14.18.39-1024x684.jpeg\" alt=\"\" class=\"wp-image-324\" style=\"width:478px;height:auto\" srcset=\"https:\/\/blocsenresidencia.bcn.cat\/montjuic2024\/wp-content\/uploads\/2024\/02\/WhatsApp-Image-2024-01-10-at-14.18.39-1024x684.jpeg 1024w, https:\/\/blocsenresidencia.bcn.cat\/montjuic2024\/wp-content\/uploads\/2024\/02\/WhatsApp-Image-2024-01-10-at-14.18.39-300x200.jpeg 300w, https:\/\/blocsenresidencia.bcn.cat\/montjuic2024\/wp-content\/uploads\/2024\/02\/WhatsApp-Image-2024-01-10-at-14.18.39-768x513.jpeg 768w, https:\/\/blocsenresidencia.bcn.cat\/montjuic2024\/wp-content\/uploads\/2024\/02\/WhatsApp-Image-2024-01-10-at-14.18.39-1536x1027.jpeg 1536w, https:\/\/blocsenresidencia.bcn.cat\/montjuic2024\/wp-content\/uploads\/2024\/02\/WhatsApp-Image-2024-01-10-at-14.18.39.jpeg 1616w\" sizes=\"auto, (max-width: 767px) 89vw, (max-width: 1000px) 54vw, (max-width: 1071px) 543px, 580px\" \/><\/figure>\n\n\n\n<p class=\"wp-block-paragraph\">A partir d&#8217;aquests experimentes  s&#8217;ha decidit centrar-nos en el treball de m\u00fasica, context de discoteca, m\u00e9s l\u00fadic , sense descartar els temes sobre futur(s) i les m\u00fasiques. Llavors, hem treballat amb m\u00fasiques que parlen del futur, pensant en el que aporten per al futur i en qu\u00e8 ens estan explicant. Aqu\u00ed us deixem la playlsit de treball:<\/p>\n\n\n\n<figure class=\"wp-block-embed is-type-rich is-provider-spotify wp-block-embed-spotify wp-embed-aspect-21-9 wp-has-aspect-ratio\"><div class=\"wp-block-embed__wrapper\">\n<iframe title=\"Spotify Embed: No future?\" style=\"border-radius: 12px\" width=\"100%\" height=\"352\" frameborder=\"0\" allowfullscreen allow=\"autoplay; clipboard-write; encrypted-media; fullscreen; picture-in-picture\" loading=\"lazy\" src=\"https:\/\/open.spotify.com\/embed\/playlist\/66OnWH96SOGxfuYlCTUFM3?si=xVaG5QViREyvZjb-IR8V5A&#038;utm_source=oembed\"><\/iframe>\n<\/div><figcaption class=\"wp-element-caption\">LLISTAT DE M\u00daSIQUES SOBRE EL FUTUR<\/figcaption><\/figure>\n\n\n\n<p class=\"wp-block-paragraph\"> S&#8217;han realitzat diversos exercicis de recerca de can\u00e7ons i de posada en com\u00fa. A partir d&#8217;aquesta recerca, s&#8217;han format 3 grups que faran una proposta esc\u00e8nica de cara a la sessi\u00f3 oberta a partir d&#8217;una can\u00e7\u00f3 i els  seus continguts sobre el futur.<\/p>\n\n\n\n<p class=\"wp-block-paragraph\">En general, trobem que treballar en grups grans pot ser un repte, ja que hi ha moments en qu\u00e8 la capacitat d&#8217;escolta dels joves \u00e9s limitada. Estem enfocant-nos a fomentar m\u00e9s la din\u00e0mica de treball en petits grups, amb l&#8217;objectiu de definir de manera clara els l\u00edmits de treball, el respecte i les normes d&#8217;interacci\u00f3 amb els altres companys. A vegades, ens adonem que es reprodueixen din\u00e0miques de poder i relacions que no s\u00f3n del tot saludables, i estem treballant per canviar aquesta din\u00e0mica i crear un entorn m\u00e9s col\u00b7laboratiu i positiu per a totis !!!<\/p>\n\n\n\n<figure class=\"wp-block-gallery has-nested-images columns-default is-cropped wp-block-gallery-1 is-layout-flex wp-block-gallery-is-layout-flex\">\n<figure class=\"wp-block-image size-large\"><img loading=\"lazy\" decoding=\"async\" width=\"940\" height=\"705\" data-id=\"329\" src=\"https:\/\/blocsenresidencia.bcn.cat\/montjuic2024\/wp-content\/uploads\/2024\/02\/en-residencia-29-gener.jpg\" alt=\"\" class=\"wp-image-329\" srcset=\"https:\/\/blocsenresidencia.bcn.cat\/montjuic2024\/wp-content\/uploads\/2024\/02\/en-residencia-29-gener.jpg 940w, https:\/\/blocsenresidencia.bcn.cat\/montjuic2024\/wp-content\/uploads\/2024\/02\/en-residencia-29-gener-300x225.jpg 300w, https:\/\/blocsenresidencia.bcn.cat\/montjuic2024\/wp-content\/uploads\/2024\/02\/en-residencia-29-gener-768x576.jpg 768w\" sizes=\"auto, (max-width: 767px) 89vw, (max-width: 1000px) 54vw, (max-width: 1071px) 543px, 580px\" \/><\/figure>\n\n\n\n<figure class=\"wp-block-image size-large\"><img loading=\"lazy\" decoding=\"async\" width=\"529\" height=\"705\" data-id=\"328\" src=\"https:\/\/blocsenresidencia.bcn.cat\/montjuic2024\/wp-content\/uploads\/2024\/02\/en-residencia-22-gener-1.jpg\" alt=\"\" class=\"wp-image-328\" srcset=\"https:\/\/blocsenresidencia.bcn.cat\/montjuic2024\/wp-content\/uploads\/2024\/02\/en-residencia-22-gener-1.jpg 529w, https:\/\/blocsenresidencia.bcn.cat\/montjuic2024\/wp-content\/uploads\/2024\/02\/en-residencia-22-gener-1-225x300.jpg 225w\" sizes=\"auto, (max-width: 529px) 100vw, 529px\" \/><\/figure>\n\n\n\n<figure class=\"wp-block-image size-large\"><img loading=\"lazy\" decoding=\"async\" width=\"940\" height=\"705\" data-id=\"327\" src=\"https:\/\/blocsenresidencia.bcn.cat\/montjuic2024\/wp-content\/uploads\/2024\/02\/en-residencia-22-gener-2.jpg\" alt=\"\" class=\"wp-image-327\" srcset=\"https:\/\/blocsenresidencia.bcn.cat\/montjuic2024\/wp-content\/uploads\/2024\/02\/en-residencia-22-gener-2.jpg 940w, https:\/\/blocsenresidencia.bcn.cat\/montjuic2024\/wp-content\/uploads\/2024\/02\/en-residencia-22-gener-2-300x225.jpg 300w, https:\/\/blocsenresidencia.bcn.cat\/montjuic2024\/wp-content\/uploads\/2024\/02\/en-residencia-22-gener-2-768x576.jpg 768w\" sizes=\"auto, (max-width: 767px) 89vw, (max-width: 1000px) 54vw, (max-width: 1071px) 543px, 580px\" \/><\/figure>\n\n\n\n<figure class=\"wp-block-image size-large\"><img loading=\"lazy\" decoding=\"async\" width=\"768\" height=\"1024\" data-id=\"326\" src=\"https:\/\/blocsenresidencia.bcn.cat\/montjuic2024\/wp-content\/uploads\/2024\/02\/en-resdiencai-29-gener-768x1024.jpeg\" alt=\"\" class=\"wp-image-326\" srcset=\"https:\/\/blocsenresidencia.bcn.cat\/montjuic2024\/wp-content\/uploads\/2024\/02\/en-resdiencai-29-gener-768x1024.jpeg 768w, https:\/\/blocsenresidencia.bcn.cat\/montjuic2024\/wp-content\/uploads\/2024\/02\/en-resdiencai-29-gener-225x300.jpeg 225w, https:\/\/blocsenresidencia.bcn.cat\/montjuic2024\/wp-content\/uploads\/2024\/02\/en-resdiencai-29-gener-1152x1536.jpeg 1152w, https:\/\/blocsenresidencia.bcn.cat\/montjuic2024\/wp-content\/uploads\/2024\/02\/en-resdiencai-29-gener.jpeg 1536w\" sizes=\"auto, (max-width: 767px) 89vw, (max-width: 1000px) 54vw, (max-width: 1071px) 543px, 580px\" \/><\/figure>\n\n\n\n<figure class=\"wp-block-image size-large\"><img loading=\"lazy\" decoding=\"async\" width=\"1024\" height=\"684\" data-id=\"325\" src=\"https:\/\/blocsenresidencia.bcn.cat\/montjuic2024\/wp-content\/uploads\/2024\/02\/en-residencia-15-gener-1-1024x684.jpg\" alt=\"\" class=\"wp-image-325\" srcset=\"https:\/\/blocsenresidencia.bcn.cat\/montjuic2024\/wp-content\/uploads\/2024\/02\/en-residencia-15-gener-1-1024x684.jpg 1024w, https:\/\/blocsenresidencia.bcn.cat\/montjuic2024\/wp-content\/uploads\/2024\/02\/en-residencia-15-gener-1-300x200.jpg 300w, https:\/\/blocsenresidencia.bcn.cat\/montjuic2024\/wp-content\/uploads\/2024\/02\/en-residencia-15-gener-1-768x513.jpg 768w, https:\/\/blocsenresidencia.bcn.cat\/montjuic2024\/wp-content\/uploads\/2024\/02\/en-residencia-15-gener-1-1536x1027.jpg 1536w, https:\/\/blocsenresidencia.bcn.cat\/montjuic2024\/wp-content\/uploads\/2024\/02\/en-residencia-15-gener-1.jpg 1616w\" sizes=\"auto, (max-width: 767px) 89vw, (max-width: 1000px) 54vw, (max-width: 1071px) 543px, 580px\" \/><\/figure>\n\n\n\n<figure class=\"wp-block-image size-large\"><img loading=\"lazy\" decoding=\"async\" width=\"1024\" height=\"684\" data-id=\"324\" src=\"https:\/\/blocsenresidencia.bcn.cat\/montjuic2024\/wp-content\/uploads\/2024\/02\/WhatsApp-Image-2024-01-10-at-14.18.39-1024x684.jpeg\" alt=\"\" class=\"wp-image-324\" srcset=\"https:\/\/blocsenresidencia.bcn.cat\/montjuic2024\/wp-content\/uploads\/2024\/02\/WhatsApp-Image-2024-01-10-at-14.18.39-1024x684.jpeg 1024w, https:\/\/blocsenresidencia.bcn.cat\/montjuic2024\/wp-content\/uploads\/2024\/02\/WhatsApp-Image-2024-01-10-at-14.18.39-300x200.jpeg 300w, https:\/\/blocsenresidencia.bcn.cat\/montjuic2024\/wp-content\/uploads\/2024\/02\/WhatsApp-Image-2024-01-10-at-14.18.39-768x513.jpeg 768w, https:\/\/blocsenresidencia.bcn.cat\/montjuic2024\/wp-content\/uploads\/2024\/02\/WhatsApp-Image-2024-01-10-at-14.18.39-1536x1027.jpeg 1536w, https:\/\/blocsenresidencia.bcn.cat\/montjuic2024\/wp-content\/uploads\/2024\/02\/WhatsApp-Image-2024-01-10-at-14.18.39.jpeg 1616w\" sizes=\"auto, (max-width: 767px) 89vw, (max-width: 1000px) 54vw, (max-width: 1071px) 543px, 580px\" \/><\/figure>\n<\/figure>\n","protected":false},"excerpt":{"rendered":"<p>Aquest mes de gener hem estat temptejant com grup diverses accions, tasques i metodologies art\u00edstiques per poder arribar a un marc de treball de cara a la sessi\u00f3 que farem a mitjan febrer Les dues primeres setmanes varen treballar les difer\u00e8ncies d&#8217;atac i defensa dels esports que juguen (futbol b\u00e0squet, voleibol) i altre grup va &hellip; <\/p>\n<p class=\"link-more\"><a href=\"https:\/\/blocsenresidencia.bcn.cat\/montjuic2024\/futurs-musiques-accions-una-petita-cronica-del-mes-de-gener\/\" class=\"more-link\">Continua llegint <span class=\"screen-reader-text\">\u00abFuturs\/ m\u00fasiques\/ accions: una petita cr\u00f2nica del mes de gener\u00bb<\/span><\/a><\/p>\n","protected":false},"author":8,"featured_media":0,"comment_status":"open","ping_status":"open","sticky":false,"template":"","format":"standard","meta":{"footnotes":""},"categories":[1],"tags":[],"class_list":["post-323","post","type-post","status-publish","format-standard","hentry","category-general"],"_links":{"self":[{"href":"https:\/\/blocsenresidencia.bcn.cat\/montjuic2024\/wp-json\/wp\/v2\/posts\/323","targetHints":{"allow":["GET"]}}],"collection":[{"href":"https:\/\/blocsenresidencia.bcn.cat\/montjuic2024\/wp-json\/wp\/v2\/posts"}],"about":[{"href":"https:\/\/blocsenresidencia.bcn.cat\/montjuic2024\/wp-json\/wp\/v2\/types\/post"}],"author":[{"embeddable":true,"href":"https:\/\/blocsenresidencia.bcn.cat\/montjuic2024\/wp-json\/wp\/v2\/users\/8"}],"replies":[{"embeddable":true,"href":"https:\/\/blocsenresidencia.bcn.cat\/montjuic2024\/wp-json\/wp\/v2\/comments?post=323"}],"version-history":[{"count":3,"href":"https:\/\/blocsenresidencia.bcn.cat\/montjuic2024\/wp-json\/wp\/v2\/posts\/323\/revisions"}],"predecessor-version":[{"id":332,"href":"https:\/\/blocsenresidencia.bcn.cat\/montjuic2024\/wp-json\/wp\/v2\/posts\/323\/revisions\/332"}],"wp:attachment":[{"href":"https:\/\/blocsenresidencia.bcn.cat\/montjuic2024\/wp-json\/wp\/v2\/media?parent=323"}],"wp:term":[{"taxonomy":"category","embeddable":true,"href":"https:\/\/blocsenresidencia.bcn.cat\/montjuic2024\/wp-json\/wp\/v2\/categories?post=323"},{"taxonomy":"post_tag","embeddable":true,"href":"https:\/\/blocsenresidencia.bcn.cat\/montjuic2024\/wp-json\/wp\/v2\/tags?post=323"}],"curies":[{"name":"wp","href":"https:\/\/api.w.org\/{rel}","templated":true}]}}