{"id":333,"date":"2024-03-12T13:26:39","date_gmt":"2024-03-12T11:26:39","guid":{"rendered":"https:\/\/blocsenresidencia.bcn.cat\/montjuic2024\/?p=333"},"modified":"2024-03-12T19:50:16","modified_gmt":"2024-03-12T17:50:16","slug":"continuem-amb-assajos-i-noves-escenes-febrer-i-mars","status":"publish","type":"post","link":"https:\/\/blocsenresidencia.bcn.cat\/montjuic2024\/continuem-amb-assajos-i-noves-escenes-febrer-i-mars\/","title":{"rendered":"Continuem amb assajos i noves escenes: Febrer\u00a0 i mar\u00e7"},"content":{"rendered":"\n<p class=\"wp-block-paragraph\"><\/p>\n\n\n\n<p class=\"wp-block-paragraph\">El dia 19 de Febrer v\u00e0rem fer la sessi\u00f3 oberta amb 3 escenes diverses, i una gran concentraci\u00f3 i motivaci\u00f3 de tothom (v\u00e0rem fer dinar de pizzes i assaig previ)<\/p>\n\n\n\n<p class=\"wp-block-paragraph\">El grup ha continuat fent els assajos i millorant les diverses parts de la dramat\u00fargia: hem treballat m\u00e9s els moviments, els cors, les formes de comunicar i d&#8217;entrar i sortir a l&#8217;escenari, etc. durant part del mes de febrer i de mars.<\/p>\n\n\n\n<figure class=\"wp-block-gallery has-nested-images columns-default is-cropped wp-block-gallery-1 is-layout-flex wp-block-gallery-is-layout-flex\">\n<figure class=\"wp-block-image size-large\"><img loading=\"lazy\" decoding=\"async\" width=\"1024\" height=\"768\" data-id=\"335\" src=\"https:\/\/blocsenresidencia.bcn.cat\/montjuic2024\/wp-content\/uploads\/2024\/03\/WhatsApp-Image-2024-03-05-at-17.14.24-1024x768.jpeg\" alt=\"\" class=\"wp-image-335\" srcset=\"https:\/\/blocsenresidencia.bcn.cat\/montjuic2024\/wp-content\/uploads\/2024\/03\/WhatsApp-Image-2024-03-05-at-17.14.24-1024x768.jpeg 1024w, https:\/\/blocsenresidencia.bcn.cat\/montjuic2024\/wp-content\/uploads\/2024\/03\/WhatsApp-Image-2024-03-05-at-17.14.24-300x225.jpeg 300w, https:\/\/blocsenresidencia.bcn.cat\/montjuic2024\/wp-content\/uploads\/2024\/03\/WhatsApp-Image-2024-03-05-at-17.14.24-768x576.jpeg 768w, https:\/\/blocsenresidencia.bcn.cat\/montjuic2024\/wp-content\/uploads\/2024\/03\/WhatsApp-Image-2024-03-05-at-17.14.24-1536x1152.jpeg 1536w, https:\/\/blocsenresidencia.bcn.cat\/montjuic2024\/wp-content\/uploads\/2024\/03\/WhatsApp-Image-2024-03-05-at-17.14.24.jpeg 2000w\" sizes=\"auto, (max-width: 767px) 89vw, (max-width: 1000px) 54vw, (max-width: 1071px) 543px, 580px\" \/><\/figure>\n\n\n\n<figure class=\"wp-block-image size-large\"><img loading=\"lazy\" decoding=\"async\" width=\"1024\" height=\"684\" data-id=\"336\" src=\"https:\/\/blocsenresidencia.bcn.cat\/montjuic2024\/wp-content\/uploads\/2024\/03\/en-residencia-27-febrer-1024x684.jpg\" alt=\"\" class=\"wp-image-336\" srcset=\"https:\/\/blocsenresidencia.bcn.cat\/montjuic2024\/wp-content\/uploads\/2024\/03\/en-residencia-27-febrer-1024x684.jpg 1024w, https:\/\/blocsenresidencia.bcn.cat\/montjuic2024\/wp-content\/uploads\/2024\/03\/en-residencia-27-febrer-300x200.jpg 300w, https:\/\/blocsenresidencia.bcn.cat\/montjuic2024\/wp-content\/uploads\/2024\/03\/en-residencia-27-febrer-768x513.jpg 768w, https:\/\/blocsenresidencia.bcn.cat\/montjuic2024\/wp-content\/uploads\/2024\/03\/en-residencia-27-febrer-1536x1027.jpg 1536w, https:\/\/blocsenresidencia.bcn.cat\/montjuic2024\/wp-content\/uploads\/2024\/03\/en-residencia-27-febrer.jpg 1616w\" sizes=\"auto, (max-width: 767px) 89vw, (max-width: 1000px) 54vw, (max-width: 1071px) 543px, 580px\" \/><\/figure>\n\n\n\n<figure class=\"wp-block-image size-large\"><img loading=\"lazy\" decoding=\"async\" width=\"1024\" height=\"684\" data-id=\"334\" src=\"https:\/\/blocsenresidencia.bcn.cat\/montjuic2024\/wp-content\/uploads\/2024\/03\/WhatsApp-Image-2024-03-05-at-17.57.03-1024x684.jpeg\" alt=\"\" class=\"wp-image-334\" srcset=\"https:\/\/blocsenresidencia.bcn.cat\/montjuic2024\/wp-content\/uploads\/2024\/03\/WhatsApp-Image-2024-03-05-at-17.57.03-1024x684.jpeg 1024w, https:\/\/blocsenresidencia.bcn.cat\/montjuic2024\/wp-content\/uploads\/2024\/03\/WhatsApp-Image-2024-03-05-at-17.57.03-300x200.jpeg 300w, https:\/\/blocsenresidencia.bcn.cat\/montjuic2024\/wp-content\/uploads\/2024\/03\/WhatsApp-Image-2024-03-05-at-17.57.03-768x513.jpeg 768w, https:\/\/blocsenresidencia.bcn.cat\/montjuic2024\/wp-content\/uploads\/2024\/03\/WhatsApp-Image-2024-03-05-at-17.57.03-1536x1027.jpeg 1536w, https:\/\/blocsenresidencia.bcn.cat\/montjuic2024\/wp-content\/uploads\/2024\/03\/WhatsApp-Image-2024-03-05-at-17.57.03.jpeg 1616w\" sizes=\"auto, (max-width: 767px) 89vw, (max-width: 1000px) 54vw, (max-width: 1071px) 543px, 580px\" \/><\/figure>\n<\/figure>\n\n\n\n<p class=\"wp-block-paragraph\">El dia 3 de mars hem fet una nova mostra interna i hem treballat diversos temes del futur en 4 nous grups per poder pensar en altres escenes i elements de treball. En cada grup ha sorgit un llistat diferent amb temes com es podrien imaginar la ciutat o les seves vides d&#8217;aqu\u00ed a 50 anys: manca d&#8217;habitatge, tot molt car, sequeres i tothom menjant pl\u00e0stics, desaparici\u00f3 de platges i del turisme, pisos cars, calor insuportable i vida nocturna, cirurgies diverses i persones amb identitats i pr\u00f2tesis molt diverses.<\/p>\n\n\n\n<figure class=\"wp-block-gallery has-nested-images columns-default is-cropped wp-block-gallery-2 is-layout-flex wp-block-gallery-is-layout-flex\">\n<figure class=\"wp-block-image size-large\"><img loading=\"lazy\" decoding=\"async\" width=\"768\" height=\"1024\" data-id=\"339\" src=\"https:\/\/blocsenresidencia.bcn.cat\/montjuic2024\/wp-content\/uploads\/2024\/03\/WhatsApp-Image-2024-03-05-at-11.58.441-768x1024.jpeg\" alt=\"\" class=\"wp-image-339\" srcset=\"https:\/\/blocsenresidencia.bcn.cat\/montjuic2024\/wp-content\/uploads\/2024\/03\/WhatsApp-Image-2024-03-05-at-11.58.441-768x1024.jpeg 768w, https:\/\/blocsenresidencia.bcn.cat\/montjuic2024\/wp-content\/uploads\/2024\/03\/WhatsApp-Image-2024-03-05-at-11.58.441-225x300.jpeg 225w, https:\/\/blocsenresidencia.bcn.cat\/montjuic2024\/wp-content\/uploads\/2024\/03\/WhatsApp-Image-2024-03-05-at-11.58.441-1152x1536.jpeg 1152w, https:\/\/blocsenresidencia.bcn.cat\/montjuic2024\/wp-content\/uploads\/2024\/03\/WhatsApp-Image-2024-03-05-at-11.58.441.jpeg 1200w\" sizes=\"auto, (max-width: 767px) 89vw, (max-width: 1000px) 54vw, (max-width: 1071px) 543px, 580px\" \/><\/figure>\n\n\n\n<figure class=\"wp-block-image size-large\"><img loading=\"lazy\" decoding=\"async\" width=\"1024\" height=\"768\" data-id=\"338\" src=\"https:\/\/blocsenresidencia.bcn.cat\/montjuic2024\/wp-content\/uploads\/2024\/03\/WhatsApp-Image-2024-03-05-at-11.58.43-1024x768.jpeg\" alt=\"\" class=\"wp-image-338\" srcset=\"https:\/\/blocsenresidencia.bcn.cat\/montjuic2024\/wp-content\/uploads\/2024\/03\/WhatsApp-Image-2024-03-05-at-11.58.43-1024x768.jpeg 1024w, https:\/\/blocsenresidencia.bcn.cat\/montjuic2024\/wp-content\/uploads\/2024\/03\/WhatsApp-Image-2024-03-05-at-11.58.43-300x225.jpeg 300w, https:\/\/blocsenresidencia.bcn.cat\/montjuic2024\/wp-content\/uploads\/2024\/03\/WhatsApp-Image-2024-03-05-at-11.58.43-768x576.jpeg 768w, https:\/\/blocsenresidencia.bcn.cat\/montjuic2024\/wp-content\/uploads\/2024\/03\/WhatsApp-Image-2024-03-05-at-11.58.43-1536x1152.jpeg 1536w, https:\/\/blocsenresidencia.bcn.cat\/montjuic2024\/wp-content\/uploads\/2024\/03\/WhatsApp-Image-2024-03-05-at-11.58.43.jpeg 1600w\" sizes=\"auto, (max-width: 767px) 89vw, (max-width: 1000px) 54vw, (max-width: 1071px) 543px, 580px\" \/><\/figure>\n\n\n\n<figure class=\"wp-block-image size-large\"><img loading=\"lazy\" decoding=\"async\" width=\"1024\" height=\"768\" data-id=\"337\" src=\"https:\/\/blocsenresidencia.bcn.cat\/montjuic2024\/wp-content\/uploads\/2024\/03\/WhatsApp-Image-2024-03-05-at-11.58.44-1024x768.jpeg\" alt=\"\" class=\"wp-image-337\" srcset=\"https:\/\/blocsenresidencia.bcn.cat\/montjuic2024\/wp-content\/uploads\/2024\/03\/WhatsApp-Image-2024-03-05-at-11.58.44-1024x768.jpeg 1024w, https:\/\/blocsenresidencia.bcn.cat\/montjuic2024\/wp-content\/uploads\/2024\/03\/WhatsApp-Image-2024-03-05-at-11.58.44-300x225.jpeg 300w, https:\/\/blocsenresidencia.bcn.cat\/montjuic2024\/wp-content\/uploads\/2024\/03\/WhatsApp-Image-2024-03-05-at-11.58.44-768x576.jpeg 768w, https:\/\/blocsenresidencia.bcn.cat\/montjuic2024\/wp-content\/uploads\/2024\/03\/WhatsApp-Image-2024-03-05-at-11.58.44-1536x1152.jpeg 1536w, https:\/\/blocsenresidencia.bcn.cat\/montjuic2024\/wp-content\/uploads\/2024\/03\/WhatsApp-Image-2024-03-05-at-11.58.44.jpeg 1600w\" sizes=\"auto, (max-width: 767px) 89vw, (max-width: 1000px) 54vw, (max-width: 1071px) 543px, 580px\" \/><\/figure>\n<\/figure>\n\n\n\n<p class=\"wp-block-paragraph\">El dia 12 tamb\u00e9 hem continuat treballant sobre aquestes futures dist\u00f2piques. Hem treballat per grups per poder pensar de forma ut\u00f2pica\/dist\u00f2pica i superar el paradigma dels escenaris totalment decadents. Llavors han sorgit tem\u00e0tiques d&#8217;escenes m\u00e9s concretes com la necessitat de fer migdies, cures (persones grans i embarassades) i de relacions entre pares i fills, i un altre final sobre els professors (no nom\u00e9s els que es queixen, sin\u00f3 tamb\u00e9 els punts positius del professorat). Tamb\u00e9 hem parlat de la intel\u00b7lig\u00e8ncia artificial.<\/p>\n","protected":false},"excerpt":{"rendered":"<p>El dia 19 de Febrer v\u00e0rem fer la sessi\u00f3 oberta amb 3 escenes diverses, i una gran concentraci\u00f3 i motivaci\u00f3 de tothom (v\u00e0rem fer dinar de pizzes i assaig previ) El grup ha continuat fent els assajos i millorant les diverses parts de la dramat\u00fargia: hem treballat m\u00e9s els moviments, els cors, les formes de &hellip; <\/p>\n<p class=\"link-more\"><a href=\"https:\/\/blocsenresidencia.bcn.cat\/montjuic2024\/continuem-amb-assajos-i-noves-escenes-febrer-i-mars\/\" class=\"more-link\">Continua llegint <span class=\"screen-reader-text\">\u00abContinuem amb assajos i noves escenes: Febrer\u00a0 i mar\u00e7\u00bb<\/span><\/a><\/p>\n","protected":false},"author":8,"featured_media":0,"comment_status":"open","ping_status":"open","sticky":false,"template":"","format":"standard","meta":{"footnotes":""},"categories":[1],"tags":[],"class_list":["post-333","post","type-post","status-publish","format-standard","hentry","category-general"],"_links":{"self":[{"href":"https:\/\/blocsenresidencia.bcn.cat\/montjuic2024\/wp-json\/wp\/v2\/posts\/333","targetHints":{"allow":["GET"]}}],"collection":[{"href":"https:\/\/blocsenresidencia.bcn.cat\/montjuic2024\/wp-json\/wp\/v2\/posts"}],"about":[{"href":"https:\/\/blocsenresidencia.bcn.cat\/montjuic2024\/wp-json\/wp\/v2\/types\/post"}],"author":[{"embeddable":true,"href":"https:\/\/blocsenresidencia.bcn.cat\/montjuic2024\/wp-json\/wp\/v2\/users\/8"}],"replies":[{"embeddable":true,"href":"https:\/\/blocsenresidencia.bcn.cat\/montjuic2024\/wp-json\/wp\/v2\/comments?post=333"}],"version-history":[{"count":2,"href":"https:\/\/blocsenresidencia.bcn.cat\/montjuic2024\/wp-json\/wp\/v2\/posts\/333\/revisions"}],"predecessor-version":[{"id":341,"href":"https:\/\/blocsenresidencia.bcn.cat\/montjuic2024\/wp-json\/wp\/v2\/posts\/333\/revisions\/341"}],"wp:attachment":[{"href":"https:\/\/blocsenresidencia.bcn.cat\/montjuic2024\/wp-json\/wp\/v2\/media?parent=333"}],"wp:term":[{"taxonomy":"category","embeddable":true,"href":"https:\/\/blocsenresidencia.bcn.cat\/montjuic2024\/wp-json\/wp\/v2\/categories?post=333"},{"taxonomy":"post_tag","embeddable":true,"href":"https:\/\/blocsenresidencia.bcn.cat\/montjuic2024\/wp-json\/wp\/v2\/tags?post=333"}],"curies":[{"name":"wp","href":"https:\/\/api.w.org\/{rel}","templated":true}]}}