{"id":343,"date":"2024-05-27T09:55:53","date_gmt":"2024-05-27T07:55:53","guid":{"rendered":"https:\/\/blocsenresidencia.bcn.cat\/montjuic2024\/?p=343"},"modified":"2024-05-27T12:39:37","modified_gmt":"2024-05-27T10:39:37","slug":"treballant-escenes-temes-i-titol-final-mes-maig","status":"publish","type":"post","link":"https:\/\/blocsenresidencia.bcn.cat\/montjuic2024\/treballant-escenes-temes-i-titol-final-mes-maig\/","title":{"rendered":"Treballant escenes,  temes i t\u00edtol final: m\u00e9s maig"},"content":{"rendered":"\n<p class=\"wp-block-paragraph\">Ja estem en l&#8217;\u00faltim per\u00edode d&#8217;assajos i millores de les 5 escenes que compondran la presentaci\u00f3 que farem a la Sala Pepita Casanellas del CC El Rellotge, el dia 12 de juny a les 12 h.<\/p>\n\n\n\n<p class=\"wp-block-paragraph\">Aquest mes hem tingut un parell d&#8217;aturades, per temes d&#8217;excursions i altres jornades, per\u00f2 hem pogut repassar i millorar moltes escenes en el marc del treball d&#8217;actors, de producci\u00f3 d&#8217;alguns aspectes i de millora general de la posada en escena. D&#8217;altra banda, vam fer una din\u00e0mica de grup per definir el nom de la pe\u00e7a final, a partir de frases o paraules clau de cada escena i d&#8217;aspectes comuns. Ens vam quedar amb tres frases, que vam votar en grup, i finalment va sorgir la frase \u00abEl dia de dem\u00e0\u00bb.<\/p>\n\n\n\n<p class=\"wp-block-paragraph\">Tamb\u00e9 vam fer una sessi\u00f3 de fotos de cada escena i algunes fotos grupals per il\u00b7lustrar la postal final, que vam acabar de tancar la setmana passada.<\/p>\n\n\n\n<figure class=\"wp-block-image size-large\"><img loading=\"lazy\" decoding=\"async\" width=\"1024\" height=\"768\" src=\"https:\/\/blocsenresidencia.bcn.cat\/montjuic2024\/wp-content\/uploads\/2024\/05\/en-residencia-maig-1024x768.jpg\" alt=\"\" class=\"wp-image-344\" srcset=\"https:\/\/blocsenresidencia.bcn.cat\/montjuic2024\/wp-content\/uploads\/2024\/05\/en-residencia-maig-1024x768.jpg 1024w, https:\/\/blocsenresidencia.bcn.cat\/montjuic2024\/wp-content\/uploads\/2024\/05\/en-residencia-maig-300x225.jpg 300w, https:\/\/blocsenresidencia.bcn.cat\/montjuic2024\/wp-content\/uploads\/2024\/05\/en-residencia-maig-768x576.jpg 768w, https:\/\/blocsenresidencia.bcn.cat\/montjuic2024\/wp-content\/uploads\/2024\/05\/en-residencia-maig-1536x1152.jpg 1536w, https:\/\/blocsenresidencia.bcn.cat\/montjuic2024\/wp-content\/uploads\/2024\/05\/en-residencia-maig.jpg 1600w\" sizes=\"auto, (max-width: 767px) 89vw, (max-width: 1000px) 54vw, (max-width: 1071px) 543px, 580px\" \/><\/figure>\n\n\n\n<figure class=\"wp-block-gallery has-nested-images columns-default is-cropped wp-block-gallery-1 is-layout-flex wp-block-gallery-is-layout-flex\">\n<figure class=\"wp-block-image size-large\"><img loading=\"lazy\" decoding=\"async\" width=\"1024\" height=\"768\" data-id=\"347\" src=\"https:\/\/blocsenresidencia.bcn.cat\/montjuic2024\/wp-content\/uploads\/2024\/05\/20240502_135453-EDIT1-1024x768.jpg\" alt=\"\" class=\"wp-image-347\" srcset=\"https:\/\/blocsenresidencia.bcn.cat\/montjuic2024\/wp-content\/uploads\/2024\/05\/20240502_135453-EDIT1-1024x768.jpg 1024w, https:\/\/blocsenresidencia.bcn.cat\/montjuic2024\/wp-content\/uploads\/2024\/05\/20240502_135453-EDIT1-300x225.jpg 300w, https:\/\/blocsenresidencia.bcn.cat\/montjuic2024\/wp-content\/uploads\/2024\/05\/20240502_135453-EDIT1-768x576.jpg 768w, https:\/\/blocsenresidencia.bcn.cat\/montjuic2024\/wp-content\/uploads\/2024\/05\/20240502_135453-EDIT1-1536x1152.jpg 1536w, https:\/\/blocsenresidencia.bcn.cat\/montjuic2024\/wp-content\/uploads\/2024\/05\/20240502_135453-EDIT1-2048x1536.jpg 2048w\" sizes=\"auto, (max-width: 767px) 89vw, (max-width: 1000px) 54vw, (max-width: 1071px) 543px, 580px\" \/><\/figure>\n\n\n\n<figure class=\"wp-block-image size-large\"><img loading=\"lazy\" decoding=\"async\" width=\"1024\" height=\"768\" data-id=\"353\" src=\"https:\/\/blocsenresidencia.bcn.cat\/montjuic2024\/wp-content\/uploads\/2024\/05\/20240502_1400101-1024x768.jpg\" alt=\"\" class=\"wp-image-353\" srcset=\"https:\/\/blocsenresidencia.bcn.cat\/montjuic2024\/wp-content\/uploads\/2024\/05\/20240502_1400101-1024x768.jpg 1024w, https:\/\/blocsenresidencia.bcn.cat\/montjuic2024\/wp-content\/uploads\/2024\/05\/20240502_1400101-300x225.jpg 300w, https:\/\/blocsenresidencia.bcn.cat\/montjuic2024\/wp-content\/uploads\/2024\/05\/20240502_1400101-768x576.jpg 768w\" sizes=\"auto, (max-width: 767px) 89vw, (max-width: 1000px) 54vw, (max-width: 1071px) 543px, 580px\" \/><\/figure>\n\n\n\n<figure class=\"wp-block-image size-large\"><img loading=\"lazy\" decoding=\"async\" width=\"1024\" height=\"726\" data-id=\"355\" src=\"https:\/\/blocsenresidencia.bcn.cat\/montjuic2024\/wp-content\/uploads\/2024\/05\/cdcf31-1-1024x726.png\" alt=\"\" class=\"wp-image-355\" srcset=\"https:\/\/blocsenresidencia.bcn.cat\/montjuic2024\/wp-content\/uploads\/2024\/05\/cdcf31-1-1024x726.png 1024w, https:\/\/blocsenresidencia.bcn.cat\/montjuic2024\/wp-content\/uploads\/2024\/05\/cdcf31-1-300x213.png 300w, https:\/\/blocsenresidencia.bcn.cat\/montjuic2024\/wp-content\/uploads\/2024\/05\/cdcf31-1-768x545.png 768w, https:\/\/blocsenresidencia.bcn.cat\/montjuic2024\/wp-content\/uploads\/2024\/05\/cdcf31-1-1536x1090.png 1536w, https:\/\/blocsenresidencia.bcn.cat\/montjuic2024\/wp-content\/uploads\/2024\/05\/cdcf31-1.png 1748w\" sizes=\"auto, (max-width: 767px) 89vw, (max-width: 1000px) 54vw, (max-width: 1071px) 543px, 580px\" \/><\/figure>\n\n\n<\/figure>\n","protected":false},"excerpt":{"rendered":"<p>Ja estem en l&#8217;\u00faltim per\u00edode d&#8217;assajos i millores de les 5 escenes que compondran la presentaci\u00f3 que farem a la Sala Pepita Casanellas del CC El Rellotge, el dia 12 de juny a les 12 h. Aquest mes hem tingut un parell d&#8217;aturades, per temes d&#8217;excursions i altres jornades, per\u00f2 hem pogut repassar i millorar &hellip; <\/p>\n<p class=\"link-more\"><a href=\"https:\/\/blocsenresidencia.bcn.cat\/montjuic2024\/treballant-escenes-temes-i-titol-final-mes-maig\/\" class=\"more-link\">Continua llegint <span class=\"screen-reader-text\">\u00abTreballant escenes,  temes i t\u00edtol final: m\u00e9s maig\u00bb<\/span><\/a><\/p>\n","protected":false},"author":8,"featured_media":0,"comment_status":"open","ping_status":"open","sticky":false,"template":"","format":"standard","meta":{"footnotes":""},"categories":[1],"tags":[],"class_list":["post-343","post","type-post","status-publish","format-standard","hentry","category-general"],"_links":{"self":[{"href":"https:\/\/blocsenresidencia.bcn.cat\/montjuic2024\/wp-json\/wp\/v2\/posts\/343","targetHints":{"allow":["GET"]}}],"collection":[{"href":"https:\/\/blocsenresidencia.bcn.cat\/montjuic2024\/wp-json\/wp\/v2\/posts"}],"about":[{"href":"https:\/\/blocsenresidencia.bcn.cat\/montjuic2024\/wp-json\/wp\/v2\/types\/post"}],"author":[{"embeddable":true,"href":"https:\/\/blocsenresidencia.bcn.cat\/montjuic2024\/wp-json\/wp\/v2\/users\/8"}],"replies":[{"embeddable":true,"href":"https:\/\/blocsenresidencia.bcn.cat\/montjuic2024\/wp-json\/wp\/v2\/comments?post=343"}],"version-history":[{"count":4,"href":"https:\/\/blocsenresidencia.bcn.cat\/montjuic2024\/wp-json\/wp\/v2\/posts\/343\/revisions"}],"predecessor-version":[{"id":356,"href":"https:\/\/blocsenresidencia.bcn.cat\/montjuic2024\/wp-json\/wp\/v2\/posts\/343\/revisions\/356"}],"wp:attachment":[{"href":"https:\/\/blocsenresidencia.bcn.cat\/montjuic2024\/wp-json\/wp\/v2\/media?parent=343"}],"wp:term":[{"taxonomy":"category","embeddable":true,"href":"https:\/\/blocsenresidencia.bcn.cat\/montjuic2024\/wp-json\/wp\/v2\/categories?post=343"},{"taxonomy":"post_tag","embeddable":true,"href":"https:\/\/blocsenresidencia.bcn.cat\/montjuic2024\/wp-json\/wp\/v2\/tags?post=343"}],"curies":[{"name":"wp","href":"https:\/\/api.w.org\/{rel}","templated":true}]}}