{"id":357,"date":"2024-05-30T11:17:03","date_gmt":"2024-05-30T09:17:03","guid":{"rendered":"https:\/\/blocsenresidencia.bcn.cat\/montjuic2024\/?p=357"},"modified":"2024-06-03T12:00:29","modified_gmt":"2024-06-03T10:00:29","slug":"el-dia-de-dema-mostra-final-el-dia-12-de-juny","status":"publish","type":"post","link":"https:\/\/blocsenresidencia.bcn.cat\/montjuic2024\/el-dia-de-dema-mostra-final-el-dia-12-de-juny\/","title":{"rendered":"El dia de dem\u00e0: mostra final el dia 12 de juny"},"content":{"rendered":"\n<p class=\"wp-block-paragraph\"><strong>El dia de dem\u00e0<\/strong> \u00e9s una mostra de 5 escenes de treball coreogr\u00e0fic, textual, audiovisual o la creaci\u00f3 d\u2019escenes a trav\u00e9s de l\u2019IA . Durant el curs hem estat treballant amb el grup de joves de 3r de l\u2019ESO sobre els possibles futurs que ens esperen i, com aquests ens fan posicionar en la vida, tant col\u00b7lectivament com individual. La mort de persones properes, l\u2019addicci\u00f3 a les noves tecnologies, el control de les IA, el dret a la mandra, les cures i les veus dissidents s\u00f3n alguns dels temes que volem presentar de com es veuen el grup de joves de l\u2019INS Montju\u00efc i els seus diversos futurs.<\/p>\n\n\n\n<p class=\"has-text-align-center wp-block-paragraph\"><strong> <mark style=\"background-color:rgba(0, 0, 0, 0)\" class=\"has-inline-color has-luminous-vivid-orange-color\">Perqu\u00e8 si no imaginem el futur, l\u2019imaginaran altres per nosaltres.<\/mark><\/strong><\/p>\n\n\n\n<figure class=\"wp-block-image size-large is-resized\"><img loading=\"lazy\" decoding=\"async\" width=\"1024\" height=\"1024\" src=\"https:\/\/blocsenresidencia.bcn.cat\/montjuic2024\/wp-content\/uploads\/2024\/05\/Residencia-1024x1024.png\" alt=\"\" class=\"wp-image-358\" style=\"width:626px;height:auto\" srcset=\"https:\/\/blocsenresidencia.bcn.cat\/montjuic2024\/wp-content\/uploads\/2024\/05\/Residencia-1024x1024.png 1024w, https:\/\/blocsenresidencia.bcn.cat\/montjuic2024\/wp-content\/uploads\/2024\/05\/Residencia-300x300.png 300w, https:\/\/blocsenresidencia.bcn.cat\/montjuic2024\/wp-content\/uploads\/2024\/05\/Residencia-150x150.png 150w, https:\/\/blocsenresidencia.bcn.cat\/montjuic2024\/wp-content\/uploads\/2024\/05\/Residencia-768x768.png 768w, https:\/\/blocsenresidencia.bcn.cat\/montjuic2024\/wp-content\/uploads\/2024\/05\/Residencia-1536x1536.png 1536w, https:\/\/blocsenresidencia.bcn.cat\/montjuic2024\/wp-content\/uploads\/2024\/05\/Residencia-100x100.png 100w, https:\/\/blocsenresidencia.bcn.cat\/montjuic2024\/wp-content\/uploads\/2024\/05\/Residencia.png 1748w\" sizes=\"auto, (max-width: 767px) 89vw, (max-width: 1000px) 54vw, (max-width: 1071px) 543px, 580px\" \/><\/figure>\n\n\n\n<p class=\"wp-block-paragraph\"><\/p>\n\n\n\n<p class=\"wp-block-paragraph\"><strong>Algunes de les preguntes que veurem en les escenes s\u00f3n:<\/strong><\/p>\n\n\n\n<p class=\"wp-block-paragraph\">-Que suposen les pantalles i les xarxes socials com a  eines d&#8217;a\u00efllament?<\/p>\n\n\n\n<p class=\"wp-block-paragraph\">-Quines can\u00e7ons ens parlen del futur i quin futur esperem d&#8217;algunes  m\u00fasiques?<\/p>\n\n\n\n<p class=\"wp-block-paragraph\">-Com treballem la por i les cures en la fam\u00edlia?<\/p>\n\n\n\n<p class=\"wp-block-paragraph\">-Que l\u00edmits i relacions tenim amb la intel\u00b7lig\u00e8ncia artificial (IA)<\/p>\n\n\n\n<p class=\"wp-block-paragraph\">-Com fem cura de les persones grans en el futur?<\/p>\n\n\n\n<p class=\"wp-block-paragraph\"><\/p>\n\n\n\n<p class=\"wp-block-paragraph\"><strong>Amb la participaci\u00f3 de:<\/strong><\/p>\n\n\n\n<p class=\"wp-block-paragraph\">Amb Esther Barrena Ripoll\u00e8s, Leire Carrasco Mayoral, Hector Galan Flores, Nayara Garc\u00eda Lopez-Huertas,&nbsp; Aroa-Sina\u00ed Herrer\u00edas F\u00fanez,&nbsp; \u00c0lex L\u00f3pez Rubio,&nbsp; Francisco L\u00f3pez-Huertas Mart\u00ednez,Maria&nbsp; Mayoral Revent\u00fan,Paula Medina Arizmendi, Paula Medina Gonz\u00e1lez, Alisson Gissele&nbsp; Mej\u00eda Guzm\u00e1n,&nbsp; Jen MarcMej\u00eda Guzm\u00e1n, Basthian Joaquin P\u00e9rez Alvarado, Gael P\u00e9rez Garc\u00eda, Lia P\u00e9rez Garc\u00eda, Tiffany Pichardo Cort\u00e9s, Ianis Stavros Sapera i Angely Abigail Veliz Veliz (estudiants de 3r d&#8217;ESO). I amb el suport i coordinaci\u00f3 d&#8217;Elies Carles Olives (docent) i la mediaci\u00f3 de Javier Rodrigo (Transductores).<\/p>\n\n\n\n<figure class=\"wp-block-gallery has-nested-images columns-default is-cropped wp-block-gallery-1 is-layout-flex wp-block-gallery-is-layout-flex\">\n<figure class=\"wp-block-image size-large\"><img loading=\"lazy\" decoding=\"async\" width=\"577\" height=\"433\" data-id=\"363\" src=\"https:\/\/blocsenresidencia.bcn.cat\/montjuic2024\/wp-content\/uploads\/2024\/05\/en_residencia_maig-removebg-preview.png\" alt=\"\" class=\"wp-image-363\" srcset=\"https:\/\/blocsenresidencia.bcn.cat\/montjuic2024\/wp-content\/uploads\/2024\/05\/en_residencia_maig-removebg-preview.png 577w, https:\/\/blocsenresidencia.bcn.cat\/montjuic2024\/wp-content\/uploads\/2024\/05\/en_residencia_maig-removebg-preview-300x225.png 300w\" sizes=\"auto, (max-width: 577px) 100vw, 577px\" \/><\/figure>\n\n\n\n<figure class=\"wp-block-image size-large\"><img loading=\"lazy\" decoding=\"async\" width=\"577\" height=\"433\" data-id=\"362\" src=\"https:\/\/blocsenresidencia.bcn.cat\/montjuic2024\/wp-content\/uploads\/2024\/05\/WhatsApp_Image_2024-05-04_at_11.25.02-removebg-preview.png\" alt=\"\" class=\"wp-image-362\" srcset=\"https:\/\/blocsenresidencia.bcn.cat\/montjuic2024\/wp-content\/uploads\/2024\/05\/WhatsApp_Image_2024-05-04_at_11.25.02-removebg-preview.png 577w, https:\/\/blocsenresidencia.bcn.cat\/montjuic2024\/wp-content\/uploads\/2024\/05\/WhatsApp_Image_2024-05-04_at_11.25.02-removebg-preview-300x225.png 300w\" sizes=\"auto, (max-width: 577px) 100vw, 577px\" \/><\/figure>\n\n\n\n<figure class=\"wp-block-image size-large\"><img loading=\"lazy\" decoding=\"async\" width=\"577\" height=\"433\" data-id=\"360\" src=\"https:\/\/blocsenresidencia.bcn.cat\/montjuic2024\/wp-content\/uploads\/2024\/05\/WhatsApp_Image_2024-05-04_at_11.25.02_1_-removebg-preview.png\" alt=\"\" class=\"wp-image-360\" srcset=\"https:\/\/blocsenresidencia.bcn.cat\/montjuic2024\/wp-content\/uploads\/2024\/05\/WhatsApp_Image_2024-05-04_at_11.25.02_1_-removebg-preview.png 577w, https:\/\/blocsenresidencia.bcn.cat\/montjuic2024\/wp-content\/uploads\/2024\/05\/WhatsApp_Image_2024-05-04_at_11.25.02_1_-removebg-preview-300x225.png 300w\" sizes=\"auto, (max-width: 577px) 100vw, 577px\" \/><\/figure>\n\n\n\n<figure class=\"wp-block-image size-large\"><img loading=\"lazy\" decoding=\"async\" width=\"577\" height=\"433\" data-id=\"361\" src=\"https:\/\/blocsenresidencia.bcn.cat\/montjuic2024\/wp-content\/uploads\/2024\/05\/20240502_135453-EDIT-removebg-preview-1.png\" alt=\"\" class=\"wp-image-361\" srcset=\"https:\/\/blocsenresidencia.bcn.cat\/montjuic2024\/wp-content\/uploads\/2024\/05\/20240502_135453-EDIT-removebg-preview-1.png 577w, https:\/\/blocsenresidencia.bcn.cat\/montjuic2024\/wp-content\/uploads\/2024\/05\/20240502_135453-EDIT-removebg-preview-1-300x225.png 300w\" sizes=\"auto, (max-width: 577px) 100vw, 577px\" \/><\/figure>\n\n\n\n<figure class=\"wp-block-image size-large\"><img loading=\"lazy\" decoding=\"async\" width=\"577\" height=\"433\" data-id=\"364\" src=\"https:\/\/blocsenresidencia.bcn.cat\/montjuic2024\/wp-content\/uploads\/2024\/05\/20240502_140010-removebg-preview.png\" alt=\"\" class=\"wp-image-364\" srcset=\"https:\/\/blocsenresidencia.bcn.cat\/montjuic2024\/wp-content\/uploads\/2024\/05\/20240502_140010-removebg-preview.png 577w, https:\/\/blocsenresidencia.bcn.cat\/montjuic2024\/wp-content\/uploads\/2024\/05\/20240502_140010-removebg-preview-300x225.png 300w\" sizes=\"auto, (max-width: 577px) 100vw, 577px\" \/><\/figure>\n<\/figure>\n\n\n\n<figure class=\"wp-block-gallery has-nested-images columns-default is-cropped wp-block-gallery-2 is-layout-flex wp-block-gallery-is-layout-flex\">\n<figure class=\"wp-block-image size-large\"><img loading=\"lazy\" decoding=\"async\" width=\"1024\" height=\"726\" data-id=\"370\" src=\"https:\/\/blocsenresidencia.bcn.cat\/montjuic2024\/wp-content\/uploads\/2024\/05\/El-dia-de-dema-41-1024x726.jpg\" alt=\"\" class=\"wp-image-370\" srcset=\"https:\/\/blocsenresidencia.bcn.cat\/montjuic2024\/wp-content\/uploads\/2024\/05\/El-dia-de-dema-41-1024x726.jpg 1024w, https:\/\/blocsenresidencia.bcn.cat\/montjuic2024\/wp-content\/uploads\/2024\/05\/El-dia-de-dema-41-300x213.jpg 300w, https:\/\/blocsenresidencia.bcn.cat\/montjuic2024\/wp-content\/uploads\/2024\/05\/El-dia-de-dema-41-768x545.jpg 768w, https:\/\/blocsenresidencia.bcn.cat\/montjuic2024\/wp-content\/uploads\/2024\/05\/El-dia-de-dema-41-1536x1090.jpg 1536w, https:\/\/blocsenresidencia.bcn.cat\/montjuic2024\/wp-content\/uploads\/2024\/05\/El-dia-de-dema-41.jpg 1748w\" sizes=\"auto, (max-width: 767px) 89vw, (max-width: 1000px) 54vw, (max-width: 1071px) 543px, 580px\" \/><\/figure>\n\n\n\n<figure class=\"wp-block-image size-large\"><img loading=\"lazy\" decoding=\"async\" width=\"1024\" height=\"726\" data-id=\"369\" src=\"https:\/\/blocsenresidencia.bcn.cat\/montjuic2024\/wp-content\/uploads\/2024\/05\/El-dia-de-dema-51-1024x726.jpg\" alt=\"\" class=\"wp-image-369\" srcset=\"https:\/\/blocsenresidencia.bcn.cat\/montjuic2024\/wp-content\/uploads\/2024\/05\/El-dia-de-dema-51-1024x726.jpg 1024w, https:\/\/blocsenresidencia.bcn.cat\/montjuic2024\/wp-content\/uploads\/2024\/05\/El-dia-de-dema-51-300x213.jpg 300w, https:\/\/blocsenresidencia.bcn.cat\/montjuic2024\/wp-content\/uploads\/2024\/05\/El-dia-de-dema-51-768x545.jpg 768w, https:\/\/blocsenresidencia.bcn.cat\/montjuic2024\/wp-content\/uploads\/2024\/05\/El-dia-de-dema-51-1536x1090.jpg 1536w, https:\/\/blocsenresidencia.bcn.cat\/montjuic2024\/wp-content\/uploads\/2024\/05\/El-dia-de-dema-51.jpg 1748w\" sizes=\"auto, (max-width: 767px) 89vw, (max-width: 1000px) 54vw, (max-width: 1071px) 543px, 580px\" \/><\/figure>\n\n\n\n<figure class=\"wp-block-image size-large\"><img loading=\"lazy\" decoding=\"async\" width=\"1024\" height=\"726\" data-id=\"375\" src=\"https:\/\/blocsenresidencia.bcn.cat\/montjuic2024\/wp-content\/uploads\/2024\/05\/El-dia-de-dema-6-1024x726.jpg\" alt=\"\" class=\"wp-image-375\" srcset=\"https:\/\/blocsenresidencia.bcn.cat\/montjuic2024\/wp-content\/uploads\/2024\/05\/El-dia-de-dema-6-1024x726.jpg 1024w, https:\/\/blocsenresidencia.bcn.cat\/montjuic2024\/wp-content\/uploads\/2024\/05\/El-dia-de-dema-6-300x213.jpg 300w, https:\/\/blocsenresidencia.bcn.cat\/montjuic2024\/wp-content\/uploads\/2024\/05\/El-dia-de-dema-6-768x545.jpg 768w, https:\/\/blocsenresidencia.bcn.cat\/montjuic2024\/wp-content\/uploads\/2024\/05\/El-dia-de-dema-6-1536x1090.jpg 1536w, https:\/\/blocsenresidencia.bcn.cat\/montjuic2024\/wp-content\/uploads\/2024\/05\/El-dia-de-dema-6.jpg 1748w\" sizes=\"auto, (max-width: 767px) 89vw, (max-width: 1000px) 54vw, (max-width: 1071px) 543px, 580px\" \/><\/figure>\n\n\n\n<figure class=\"wp-block-image size-large\"><img loading=\"lazy\" decoding=\"async\" width=\"1024\" height=\"726\" data-id=\"377\" src=\"https:\/\/blocsenresidencia.bcn.cat\/montjuic2024\/wp-content\/uploads\/2024\/05\/El-dia-de-dema-1024x726.jpg\" alt=\"\" class=\"wp-image-377\" srcset=\"https:\/\/blocsenresidencia.bcn.cat\/montjuic2024\/wp-content\/uploads\/2024\/05\/El-dia-de-dema-1024x726.jpg 1024w, https:\/\/blocsenresidencia.bcn.cat\/montjuic2024\/wp-content\/uploads\/2024\/05\/El-dia-de-dema-300x213.jpg 300w, https:\/\/blocsenresidencia.bcn.cat\/montjuic2024\/wp-content\/uploads\/2024\/05\/El-dia-de-dema-768x545.jpg 768w, https:\/\/blocsenresidencia.bcn.cat\/montjuic2024\/wp-content\/uploads\/2024\/05\/El-dia-de-dema-1536x1090.jpg 1536w, https:\/\/blocsenresidencia.bcn.cat\/montjuic2024\/wp-content\/uploads\/2024\/05\/El-dia-de-dema.jpg 1748w\" sizes=\"auto, (max-width: 767px) 89vw, (max-width: 1000px) 54vw, (max-width: 1071px) 543px, 580px\" \/><\/figure>\n\n\n\n<figure class=\"wp-block-image size-large\"><img loading=\"lazy\" decoding=\"async\" width=\"1024\" height=\"726\" data-id=\"378\" src=\"https:\/\/blocsenresidencia.bcn.cat\/montjuic2024\/wp-content\/uploads\/2024\/05\/El-dia-de-dema-23-1024x726.jpg\" alt=\"\" class=\"wp-image-378\" srcset=\"https:\/\/blocsenresidencia.bcn.cat\/montjuic2024\/wp-content\/uploads\/2024\/05\/El-dia-de-dema-23-1024x726.jpg 1024w, https:\/\/blocsenresidencia.bcn.cat\/montjuic2024\/wp-content\/uploads\/2024\/05\/El-dia-de-dema-23-300x213.jpg 300w, https:\/\/blocsenresidencia.bcn.cat\/montjuic2024\/wp-content\/uploads\/2024\/05\/El-dia-de-dema-23-768x545.jpg 768w, https:\/\/blocsenresidencia.bcn.cat\/montjuic2024\/wp-content\/uploads\/2024\/05\/El-dia-de-dema-23-1536x1090.jpg 1536w, https:\/\/blocsenresidencia.bcn.cat\/montjuic2024\/wp-content\/uploads\/2024\/05\/El-dia-de-dema-23.jpg 1748w\" sizes=\"auto, (max-width: 767px) 89vw, (max-width: 1000px) 54vw, (max-width: 1071px) 543px, 580px\" \/><\/figure>\n\n\n\n<figure class=\"wp-block-image size-large\"><img loading=\"lazy\" decoding=\"async\" width=\"1024\" height=\"726\" data-id=\"372\" src=\"https:\/\/blocsenresidencia.bcn.cat\/montjuic2024\/wp-content\/uploads\/2024\/05\/El-dia-de-dema-3-1024x726.jpg\" alt=\"\" class=\"wp-image-372\" srcset=\"https:\/\/blocsenresidencia.bcn.cat\/montjuic2024\/wp-content\/uploads\/2024\/05\/El-dia-de-dema-3-1024x726.jpg 1024w, https:\/\/blocsenresidencia.bcn.cat\/montjuic2024\/wp-content\/uploads\/2024\/05\/El-dia-de-dema-3-300x213.jpg 300w, https:\/\/blocsenresidencia.bcn.cat\/montjuic2024\/wp-content\/uploads\/2024\/05\/El-dia-de-dema-3-768x545.jpg 768w, https:\/\/blocsenresidencia.bcn.cat\/montjuic2024\/wp-content\/uploads\/2024\/05\/El-dia-de-dema-3-1536x1090.jpg 1536w, https:\/\/blocsenresidencia.bcn.cat\/montjuic2024\/wp-content\/uploads\/2024\/05\/El-dia-de-dema-3.jpg 1748w\" sizes=\"auto, (max-width: 767px) 89vw, (max-width: 1000px) 54vw, (max-width: 1071px) 543px, 580px\" \/><\/figure>\n<\/figure>\n","protected":false},"excerpt":{"rendered":"<p>El dia de dem\u00e0 \u00e9s una mostra de 5 escenes de treball coreogr\u00e0fic, textual, audiovisual o la creaci\u00f3 d\u2019escenes a trav\u00e9s de l\u2019IA . Durant el curs hem estat treballant amb el grup de joves de 3r de l\u2019ESO sobre els possibles futurs que ens esperen i, com aquests ens fan posicionar en la vida, &hellip; <\/p>\n<p class=\"link-more\"><a href=\"https:\/\/blocsenresidencia.bcn.cat\/montjuic2024\/el-dia-de-dema-mostra-final-el-dia-12-de-juny\/\" class=\"more-link\">Continua llegint <span class=\"screen-reader-text\">\u00abEl dia de dem\u00e0: mostra final el dia 12 de juny\u00bb<\/span><\/a><\/p>\n","protected":false},"author":8,"featured_media":0,"comment_status":"open","ping_status":"open","sticky":false,"template":"","format":"standard","meta":{"footnotes":""},"categories":[1],"tags":[],"class_list":["post-357","post","type-post","status-publish","format-standard","hentry","category-general"],"_links":{"self":[{"href":"https:\/\/blocsenresidencia.bcn.cat\/montjuic2024\/wp-json\/wp\/v2\/posts\/357","targetHints":{"allow":["GET"]}}],"collection":[{"href":"https:\/\/blocsenresidencia.bcn.cat\/montjuic2024\/wp-json\/wp\/v2\/posts"}],"about":[{"href":"https:\/\/blocsenresidencia.bcn.cat\/montjuic2024\/wp-json\/wp\/v2\/types\/post"}],"author":[{"embeddable":true,"href":"https:\/\/blocsenresidencia.bcn.cat\/montjuic2024\/wp-json\/wp\/v2\/users\/8"}],"replies":[{"embeddable":true,"href":"https:\/\/blocsenresidencia.bcn.cat\/montjuic2024\/wp-json\/wp\/v2\/comments?post=357"}],"version-history":[{"count":5,"href":"https:\/\/blocsenresidencia.bcn.cat\/montjuic2024\/wp-json\/wp\/v2\/posts\/357\/revisions"}],"predecessor-version":[{"id":381,"href":"https:\/\/blocsenresidencia.bcn.cat\/montjuic2024\/wp-json\/wp\/v2\/posts\/357\/revisions\/381"}],"wp:attachment":[{"href":"https:\/\/blocsenresidencia.bcn.cat\/montjuic2024\/wp-json\/wp\/v2\/media?parent=357"}],"wp:term":[{"taxonomy":"category","embeddable":true,"href":"https:\/\/blocsenresidencia.bcn.cat\/montjuic2024\/wp-json\/wp\/v2\/categories?post=357"},{"taxonomy":"post_tag","embeddable":true,"href":"https:\/\/blocsenresidencia.bcn.cat\/montjuic2024\/wp-json\/wp\/v2\/tags?post=357"}],"curies":[{"name":"wp","href":"https:\/\/api.w.org\/{rel}","templated":true}]}}