{"id":722,"date":"2025-03-28T14:04:18","date_gmt":"2025-03-28T12:04:18","guid":{"rendered":"\/narcismonturiol2025\/?p=722"},"modified":"2025-03-28T14:04:18","modified_gmt":"2025-03-28T12:04:18","slug":"sessio-16-22-01-25","status":"publish","type":"post","link":"\/narcismonturiol2025\/sessio-16-22-01-25\/","title":{"rendered":"SESSI\u00d3 16 &#8211; 22\/01\/25"},"content":{"rendered":"\n<pre class=\"wp-block-verse\">Preparem la mostra<\/pre>\n\n\n\n<p class=\"wp-block-paragraph\">Aquest dimecres va comen\u00e7ar tot el que va ser despr\u00e9s la mostra a la sessi\u00f3 oberta amb els professors. Vam crear diversos materials: primer vam fer una improvisaci\u00f3 on estava l&#8217;escenari buit i entr\u00e0vem individualment interactuant amb l&#8217;espai i els companys a partir de la necessitat d\u2019aportar alguna cosa. La gent va fer diferents formes i es va posar a fer activitats com: c\u00f3rrer, rodar, estirar-se\u2026 A partir d&#8217;aqu\u00ed vam construir el que seria el principi de la nostra mostra. Despr\u00e9s vam fer el mateix afegint-li la m\u00fasica.<\/p>\n\n\n\n<figure class=\"wp-block-gallery has-nested-images columns-default is-cropped wp-block-gallery-1 is-layout-flex wp-block-gallery-is-layout-flex\">\n<figure class=\"wp-block-image size-large\"><img loading=\"lazy\" decoding=\"async\" width=\"1024\" height=\"766\" data-id=\"756\" src=\"\/narcismonturiol2025\/wp-content\/uploads\/2025\/03\/IMG_20250122_114817-1024x766.jpg\" alt=\"\" class=\"wp-image-756\" srcset=\"\/narcismonturiol2025\/wp-content\/uploads\/2025\/03\/IMG_20250122_114817-1024x766.jpg 1024w, \/narcismonturiol2025\/wp-content\/uploads\/2025\/03\/IMG_20250122_114817-300x224.jpg 300w, \/narcismonturiol2025\/wp-content\/uploads\/2025\/03\/IMG_20250122_114817-768x575.jpg 768w, \/narcismonturiol2025\/wp-content\/uploads\/2025\/03\/IMG_20250122_114817-1536x1149.jpg 1536w, \/narcismonturiol2025\/wp-content\/uploads\/2025\/03\/IMG_20250122_114817-2048x1532.jpg 2048w\" sizes=\"auto, (max-width: 767px) 89vw, (max-width: 1000px) 54vw, (max-width: 1071px) 543px, 580px\" \/><\/figure>\n\n\n\n<figure class=\"wp-block-image size-large\"><img loading=\"lazy\" decoding=\"async\" width=\"1024\" height=\"769\" data-id=\"754\" src=\"\/narcismonturiol2025\/wp-content\/uploads\/2025\/03\/IMG_20250122_121842-1024x769.jpg\" alt=\"\" class=\"wp-image-754\" srcset=\"\/narcismonturiol2025\/wp-content\/uploads\/2025\/03\/IMG_20250122_121842-1024x769.jpg 1024w, \/narcismonturiol2025\/wp-content\/uploads\/2025\/03\/IMG_20250122_121842-300x225.jpg 300w, \/narcismonturiol2025\/wp-content\/uploads\/2025\/03\/IMG_20250122_121842-768x577.jpg 768w, \/narcismonturiol2025\/wp-content\/uploads\/2025\/03\/IMG_20250122_121842-1536x1154.jpg 1536w, \/narcismonturiol2025\/wp-content\/uploads\/2025\/03\/IMG_20250122_121842-2048x1538.jpg 2048w\" sizes=\"auto, (max-width: 767px) 89vw, (max-width: 1000px) 54vw, (max-width: 1071px) 543px, 580px\" \/><\/figure>\n\n\n\n<figure class=\"wp-block-image size-large\"><img loading=\"lazy\" decoding=\"async\" width=\"1024\" height=\"766\" data-id=\"755\" src=\"\/narcismonturiol2025\/wp-content\/uploads\/2025\/03\/IMG_20250122_114813-1024x766.jpg\" alt=\"\" class=\"wp-image-755\" srcset=\"\/narcismonturiol2025\/wp-content\/uploads\/2025\/03\/IMG_20250122_114813-1024x766.jpg 1024w, \/narcismonturiol2025\/wp-content\/uploads\/2025\/03\/IMG_20250122_114813-300x224.jpg 300w, \/narcismonturiol2025\/wp-content\/uploads\/2025\/03\/IMG_20250122_114813-768x575.jpg 768w, \/narcismonturiol2025\/wp-content\/uploads\/2025\/03\/IMG_20250122_114813-1536x1149.jpg 1536w, \/narcismonturiol2025\/wp-content\/uploads\/2025\/03\/IMG_20250122_114813-2048x1532.jpg 2048w\" sizes=\"auto, (max-width: 767px) 89vw, (max-width: 1000px) 54vw, (max-width: 1071px) 543px, 580px\" \/><\/figure>\n<\/figure>\n\n\n\n<p class=\"wp-block-paragraph\">A la segona proposta ens hav\u00edem de posar en grups de tres i fer un pas\u00a0 de vuit temps, despr\u00e9s posar-ho\u00a0 en com\u00fa per crear una coreografia completa. Per anar finalitzant vam agafar ball antic brasiler i vam repassar-lo per qui no se&#8217;n recordava, i ho jug\u00e0vem de manera que comen\u00e7ava una persona i s\u2019anaven sumant. Vam planificar que al final de la mostra ens vest\u00edssim de diferents personatges, principalment cantants. <\/p>\n\n\n\n<figure class=\"wp-block-image size-large\"><img loading=\"lazy\" decoding=\"async\" width=\"1024\" height=\"576\" src=\"\/narcismonturiol2025\/wp-content\/uploads\/2025\/03\/IMG_20250122_122423-1-1024x576.jpg\" alt=\"\" class=\"wp-image-726\" srcset=\"\/narcismonturiol2025\/wp-content\/uploads\/2025\/03\/IMG_20250122_122423-1-1024x576.jpg 1024w, \/narcismonturiol2025\/wp-content\/uploads\/2025\/03\/IMG_20250122_122423-1-300x169.jpg 300w, \/narcismonturiol2025\/wp-content\/uploads\/2025\/03\/IMG_20250122_122423-1-768x432.jpg 768w, \/narcismonturiol2025\/wp-content\/uploads\/2025\/03\/IMG_20250122_122423-1-1536x864.jpg 1536w, \/narcismonturiol2025\/wp-content\/uploads\/2025\/03\/IMG_20250122_122423-1.jpg 1920w\" sizes=\"auto, (max-width: 767px) 89vw, (max-width: 1000px) 54vw, (max-width: 1071px) 543px, 580px\" \/><\/figure>\n\n\n\n<p class=\"wp-block-paragraph\">Finalment, vam fer una petita relaxaci\u00f3 final on ens va estirar mentre ens dict\u00e0vem una s\u00e8rie de coses que hav\u00edem d&#8217;imaginar.<\/p>\n\n\n\n<figure class=\"wp-block-image size-large\"><img loading=\"lazy\" decoding=\"async\" width=\"1024\" height=\"766\" src=\"\/narcismonturiol2025\/wp-content\/uploads\/2025\/03\/IMG_20250122_132101-1-1024x766.jpg\" alt=\"\" class=\"wp-image-759\" srcset=\"\/narcismonturiol2025\/wp-content\/uploads\/2025\/03\/IMG_20250122_132101-1-1024x766.jpg 1024w, \/narcismonturiol2025\/wp-content\/uploads\/2025\/03\/IMG_20250122_132101-1-300x224.jpg 300w, \/narcismonturiol2025\/wp-content\/uploads\/2025\/03\/IMG_20250122_132101-1-768x575.jpg 768w, \/narcismonturiol2025\/wp-content\/uploads\/2025\/03\/IMG_20250122_132101-1-1536x1149.jpg 1536w, \/narcismonturiol2025\/wp-content\/uploads\/2025\/03\/IMG_20250122_132101-1-2048x1532.jpg 2048w\" sizes=\"auto, (max-width: 767px) 89vw, (max-width: 1000px) 54vw, (max-width: 1071px) 543px, 580px\" \/><\/figure>\n","protected":false},"excerpt":{"rendered":"<p>Preparem la mostra Aquest dimecres va comen\u00e7ar tot el que va ser despr\u00e9s la mostra a la sessi\u00f3 oberta amb els professors. Vam crear diversos materials: primer vam fer una improvisaci\u00f3 on estava l&#8217;escenari buit i entr\u00e0vem individualment interactuant amb l&#8217;espai i els companys a partir de la necessitat d\u2019aportar alguna cosa. La gent va &hellip; <\/p>\n<p class=\"link-more\"><a href=\"\/narcismonturiol2025\/sessio-16-22-01-25\/\" class=\"more-link\">Continua llegint <span class=\"screen-reader-text\">\u00abSESSI\u00d3 16 &#8211; 22\/01\/25\u00bb<\/span><\/a><\/p>\n","protected":false},"author":23,"featured_media":0,"comment_status":"open","ping_status":"open","sticky":false,"template":"","format":"standard","meta":{"footnotes":""},"categories":[1],"tags":[],"class_list":["post-722","post","type-post","status-publish","format-standard","hentry","category-general"],"_links":{"self":[{"href":"\/narcismonturiol2025\/wp-json\/wp\/v2\/posts\/722","targetHints":{"allow":["GET"]}}],"collection":[{"href":"\/narcismonturiol2025\/wp-json\/wp\/v2\/posts"}],"about":[{"href":"\/narcismonturiol2025\/wp-json\/wp\/v2\/types\/post"}],"author":[{"embeddable":true,"href":"\/narcismonturiol2025\/wp-json\/wp\/v2\/users\/23"}],"replies":[{"embeddable":true,"href":"\/narcismonturiol2025\/wp-json\/wp\/v2\/comments?post=722"}],"version-history":[{"count":5,"href":"\/narcismonturiol2025\/wp-json\/wp\/v2\/posts\/722\/revisions"}],"predecessor-version":[{"id":761,"href":"\/narcismonturiol2025\/wp-json\/wp\/v2\/posts\/722\/revisions\/761"}],"wp:attachment":[{"href":"\/narcismonturiol2025\/wp-json\/wp\/v2\/media?parent=722"}],"wp:term":[{"taxonomy":"category","embeddable":true,"href":"\/narcismonturiol2025\/wp-json\/wp\/v2\/categories?post=722"},{"taxonomy":"post_tag","embeddable":true,"href":"\/narcismonturiol2025\/wp-json\/wp\/v2\/tags?post=722"}],"curies":[{"name":"wp","href":"https:\/\/api.w.org\/{rel}","templated":true}]}}