{"id":731,"date":"2025-03-28T14:15:10","date_gmt":"2025-03-28T12:15:10","guid":{"rendered":"\/narcismonturiol2025\/?p=731"},"modified":"2025-03-28T14:15:10","modified_gmt":"2025-03-28T12:15:10","slug":"sessio-17-29-01-2025","status":"publish","type":"post","link":"\/narcismonturiol2025\/sessio-17-29-01-2025\/","title":{"rendered":"SESSI\u00d3 17 &#8211; 29\/01\/2025"},"content":{"rendered":"\n<pre class=\"wp-block-verse\">Ultimem detalls per a la mostra<\/pre>\n\n\n\n<p class=\"wp-block-paragraph\">En aquesta sessi\u00f3 vam fer l&#8217;assaig\u00a0 general de la mostra oberta ja que la setmana seg\u00fcent haur\u00edem de fer-la davant els profes de l&#8217;institut. Amb l\u2019Iver i el Mauro ho vam acabar d&#8217;ajustar i perfeccionar tot. Aquell dia vam afegir \u00faltims detalls i canvis com posar vuit matalassos a terra fent tope on \u00e9s asseurien els professors.<\/p>\n\n\n\n<figure class=\"wp-block-image size-large\"><img loading=\"lazy\" decoding=\"async\" width=\"1024\" height=\"766\" src=\"\/narcismonturiol2025\/wp-content\/uploads\/2025\/03\/IMG_20250129_120851-1024x766.jpg\" alt=\"\" class=\"wp-image-765\" srcset=\"\/narcismonturiol2025\/wp-content\/uploads\/2025\/03\/IMG_20250129_120851-1024x766.jpg 1024w, \/narcismonturiol2025\/wp-content\/uploads\/2025\/03\/IMG_20250129_120851-300x224.jpg 300w, \/narcismonturiol2025\/wp-content\/uploads\/2025\/03\/IMG_20250129_120851-768x575.jpg 768w, \/narcismonturiol2025\/wp-content\/uploads\/2025\/03\/IMG_20250129_120851-1536x1149.jpg 1536w, \/narcismonturiol2025\/wp-content\/uploads\/2025\/03\/IMG_20250129_120851-2048x1532.jpg 2048w\" sizes=\"auto, (max-width: 767px) 89vw, (max-width: 1000px) 54vw, (max-width: 1071px) 543px, 580px\" \/><\/figure>\n\n\n\n<p class=\"wp-block-paragraph\">Tamb\u00e9 es va decidir que quan s&#8217;aixecava l&#8217;Ariadna, que al principi estava estirada, comen\u00e7ava la m\u00fasica.\u00a0<\/p>\n\n\n\n<p class=\"wp-block-paragraph\">I l&#8217;\u00faltim canvi que vam fer va ser als balls. La decisi\u00f3 va ser que quan l&#8217;Andrea arribava a la seva posici\u00f3 les del fons comen\u00e7aven a ballar. I despr\u00e9s es feien cadena, comen\u00e7aven a ballar els vuit que estaven als matalassos<\/p>\n\n\n\n<figure class=\"wp-block-gallery has-nested-images columns-default is-cropped wp-block-gallery-1 is-layout-flex wp-block-gallery-is-layout-flex\">\n<figure class=\"wp-block-image size-large\"><img loading=\"lazy\" decoding=\"async\" width=\"1024\" height=\"576\" data-id=\"768\" src=\"\/narcismonturiol2025\/wp-content\/uploads\/2025\/03\/IMG_20250129_130321-1024x576.jpg\" alt=\"\" class=\"wp-image-768\" srcset=\"\/narcismonturiol2025\/wp-content\/uploads\/2025\/03\/IMG_20250129_130321-1024x576.jpg 1024w, \/narcismonturiol2025\/wp-content\/uploads\/2025\/03\/IMG_20250129_130321-300x169.jpg 300w, \/narcismonturiol2025\/wp-content\/uploads\/2025\/03\/IMG_20250129_130321-768x432.jpg 768w, \/narcismonturiol2025\/wp-content\/uploads\/2025\/03\/IMG_20250129_130321-1536x864.jpg 1536w, \/narcismonturiol2025\/wp-content\/uploads\/2025\/03\/IMG_20250129_130321.jpg 1920w\" sizes=\"auto, (max-width: 767px) 89vw, (max-width: 1000px) 54vw, (max-width: 1071px) 543px, 580px\" \/><\/figure>\n\n\n\n<figure class=\"wp-block-image size-large\"><img loading=\"lazy\" decoding=\"async\" width=\"1024\" height=\"576\" data-id=\"769\" src=\"\/narcismonturiol2025\/wp-content\/uploads\/2025\/03\/IMG_20250129_130334-1024x576.jpg\" alt=\"\" class=\"wp-image-769\" srcset=\"\/narcismonturiol2025\/wp-content\/uploads\/2025\/03\/IMG_20250129_130334-1024x576.jpg 1024w, \/narcismonturiol2025\/wp-content\/uploads\/2025\/03\/IMG_20250129_130334-300x169.jpg 300w, \/narcismonturiol2025\/wp-content\/uploads\/2025\/03\/IMG_20250129_130334-768x432.jpg 768w, \/narcismonturiol2025\/wp-content\/uploads\/2025\/03\/IMG_20250129_130334-1536x864.jpg 1536w, \/narcismonturiol2025\/wp-content\/uploads\/2025\/03\/IMG_20250129_130334.jpg 1920w\" sizes=\"auto, (max-width: 767px) 89vw, (max-width: 1000px) 54vw, (max-width: 1071px) 543px, 580px\" \/><\/figure>\n\n\n\n<figure class=\"wp-block-image size-large\"><img loading=\"lazy\" decoding=\"async\" width=\"1024\" height=\"576\" data-id=\"770\" src=\"\/narcismonturiol2025\/wp-content\/uploads\/2025\/03\/IMG_20250129_130335-1-1024x576.jpg\" alt=\"\" class=\"wp-image-770\" srcset=\"\/narcismonturiol2025\/wp-content\/uploads\/2025\/03\/IMG_20250129_130335-1-1024x576.jpg 1024w, \/narcismonturiol2025\/wp-content\/uploads\/2025\/03\/IMG_20250129_130335-1-300x169.jpg 300w, \/narcismonturiol2025\/wp-content\/uploads\/2025\/03\/IMG_20250129_130335-1-768x432.jpg 768w, \/narcismonturiol2025\/wp-content\/uploads\/2025\/03\/IMG_20250129_130335-1-1536x864.jpg 1536w, \/narcismonturiol2025\/wp-content\/uploads\/2025\/03\/IMG_20250129_130335-1.jpg 1920w\" sizes=\"auto, (max-width: 767px) 89vw, (max-width: 1000px) 54vw, (max-width: 1071px) 543px, 580px\" \/><\/figure>\n<\/figure>\n\n\n\n<figure class=\"wp-block-gallery has-nested-images columns-default is-cropped wp-block-gallery-2 is-layout-flex wp-block-gallery-is-layout-flex\">\n<figure class=\"wp-block-image size-large\"><img loading=\"lazy\" decoding=\"async\" width=\"1024\" height=\"576\" data-id=\"771\" src=\"\/narcismonturiol2025\/wp-content\/uploads\/2025\/03\/IMG_20250129_130336-1024x576.jpg\" alt=\"\" class=\"wp-image-771\" srcset=\"\/narcismonturiol2025\/wp-content\/uploads\/2025\/03\/IMG_20250129_130336-1024x576.jpg 1024w, \/narcismonturiol2025\/wp-content\/uploads\/2025\/03\/IMG_20250129_130336-300x169.jpg 300w, \/narcismonturiol2025\/wp-content\/uploads\/2025\/03\/IMG_20250129_130336-768x432.jpg 768w, \/narcismonturiol2025\/wp-content\/uploads\/2025\/03\/IMG_20250129_130336-1536x864.jpg 1536w, \/narcismonturiol2025\/wp-content\/uploads\/2025\/03\/IMG_20250129_130336.jpg 1920w\" sizes=\"auto, (max-width: 767px) 89vw, (max-width: 1000px) 54vw, (max-width: 1071px) 543px, 580px\" \/><\/figure>\n\n\n\n<figure class=\"wp-block-image size-large\"><img loading=\"lazy\" decoding=\"async\" width=\"1024\" height=\"576\" data-id=\"772\" src=\"\/narcismonturiol2025\/wp-content\/uploads\/2025\/03\/IMG_20250129_130338-1024x576.jpg\" alt=\"\" class=\"wp-image-772\" srcset=\"\/narcismonturiol2025\/wp-content\/uploads\/2025\/03\/IMG_20250129_130338-1024x576.jpg 1024w, \/narcismonturiol2025\/wp-content\/uploads\/2025\/03\/IMG_20250129_130338-300x169.jpg 300w, \/narcismonturiol2025\/wp-content\/uploads\/2025\/03\/IMG_20250129_130338-768x432.jpg 768w, \/narcismonturiol2025\/wp-content\/uploads\/2025\/03\/IMG_20250129_130338-1536x864.jpg 1536w, \/narcismonturiol2025\/wp-content\/uploads\/2025\/03\/IMG_20250129_130338.jpg 1920w\" sizes=\"auto, (max-width: 767px) 89vw, (max-width: 1000px) 54vw, (max-width: 1071px) 543px, 580px\" \/><\/figure>\n\n\n\n<figure class=\"wp-block-image size-large\"><img loading=\"lazy\" decoding=\"async\" width=\"1024\" height=\"576\" data-id=\"773\" src=\"\/narcismonturiol2025\/wp-content\/uploads\/2025\/03\/IMG_20250129_130339-1024x576.jpg\" alt=\"\" class=\"wp-image-773\" srcset=\"\/narcismonturiol2025\/wp-content\/uploads\/2025\/03\/IMG_20250129_130339-1024x576.jpg 1024w, \/narcismonturiol2025\/wp-content\/uploads\/2025\/03\/IMG_20250129_130339-300x169.jpg 300w, \/narcismonturiol2025\/wp-content\/uploads\/2025\/03\/IMG_20250129_130339-768x432.jpg 768w, \/narcismonturiol2025\/wp-content\/uploads\/2025\/03\/IMG_20250129_130339-1536x864.jpg 1536w, \/narcismonturiol2025\/wp-content\/uploads\/2025\/03\/IMG_20250129_130339.jpg 1920w\" sizes=\"auto, (max-width: 767px) 89vw, (max-width: 1000px) 54vw, (max-width: 1071px) 543px, 580px\" \/><\/figure>\n<\/figure>\n\n\n\n<p class=\"wp-block-paragraph\">Per finalitzar, vam agregar els cors per donar-li m\u00e9s tranquil\u00b7litat en el final.<\/p>\n\n\n\n<p class=\"wp-block-paragraph\">La sessi\u00f3 passada pens\u00e0vem ficar a la mostra personatges ja treballats, per\u00f2 per falta de temps i organitzaci\u00f3 no va ser possible.<\/p>\n","protected":false},"excerpt":{"rendered":"<p>Ultimem detalls per a la mostra En aquesta sessi\u00f3 vam fer l&#8217;assaig\u00a0 general de la mostra oberta ja que la setmana seg\u00fcent haur\u00edem de fer-la davant els profes de l&#8217;institut. Amb l\u2019Iver i el Mauro ho vam acabar d&#8217;ajustar i perfeccionar tot. Aquell dia vam afegir \u00faltims detalls i canvis com posar vuit matalassos a &hellip; <\/p>\n<p class=\"link-more\"><a href=\"\/narcismonturiol2025\/sessio-17-29-01-2025\/\" class=\"more-link\">Continua llegint <span class=\"screen-reader-text\">\u00abSESSI\u00d3 17 &#8211; 29\/01\/2025\u00bb<\/span><\/a><\/p>\n","protected":false},"author":28,"featured_media":0,"comment_status":"open","ping_status":"open","sticky":false,"template":"","format":"standard","meta":{"footnotes":""},"categories":[1],"tags":[],"class_list":["post-731","post","type-post","status-publish","format-standard","hentry","category-general"],"_links":{"self":[{"href":"\/narcismonturiol2025\/wp-json\/wp\/v2\/posts\/731","targetHints":{"allow":["GET"]}}],"collection":[{"href":"\/narcismonturiol2025\/wp-json\/wp\/v2\/posts"}],"about":[{"href":"\/narcismonturiol2025\/wp-json\/wp\/v2\/types\/post"}],"author":[{"embeddable":true,"href":"\/narcismonturiol2025\/wp-json\/wp\/v2\/users\/28"}],"replies":[{"embeddable":true,"href":"\/narcismonturiol2025\/wp-json\/wp\/v2\/comments?post=731"}],"version-history":[{"count":4,"href":"\/narcismonturiol2025\/wp-json\/wp\/v2\/posts\/731\/revisions"}],"predecessor-version":[{"id":774,"href":"\/narcismonturiol2025\/wp-json\/wp\/v2\/posts\/731\/revisions\/774"}],"wp:attachment":[{"href":"\/narcismonturiol2025\/wp-json\/wp\/v2\/media?parent=731"}],"wp:term":[{"taxonomy":"category","embeddable":true,"href":"\/narcismonturiol2025\/wp-json\/wp\/v2\/categories?post=731"},{"taxonomy":"post_tag","embeddable":true,"href":"\/narcismonturiol2025\/wp-json\/wp\/v2\/tags?post=731"}],"curies":[{"name":"wp","href":"https:\/\/api.w.org\/{rel}","templated":true}]}}