{"id":194,"date":"2025-11-13T12:24:39","date_gmt":"2025-11-13T10:24:39","guid":{"rendered":"\/narcismonturiol2026\/?p=194"},"modified":"2025-11-13T12:24:39","modified_gmt":"2025-11-13T10:24:39","slug":"sessio-5-29-oct","status":"publish","type":"post","link":"\/narcismonturiol2026\/sessio-5-29-oct\/","title":{"rendered":"Sessi\u00f3 5 &#8211; 29 oct"},"content":{"rendered":"\n<p class=\"wp-block-paragraph\">Hoy hemos dividido la sessi\u00f3n en dos partes. Durante la primera hora, Fito nos ha mostrado referentes de poemas visuales y nos ha explicado qu\u00e9 eran las partituras visuales. Concretamente, hemos visto esto:<br><br><strong>Poetas visuales<\/strong>:<br>1. <mark style=\"background-color:rgba(0, 0, 0, 0)\" class=\"has-inline-color has-vivid-cyan-blue-color\">Marina Abramovic<\/mark>: Marina Abramovic naci\u00f3 el 30 de noviembre del 1946 en Belgrad. Empez\u00f3 su carrera covirti\u00e9ndose en una de las mejores artistas serbias de las performance en 1970. Su trabajo explora la relaci\u00f3n entre el artista y la audiencia, los l\u00edmites del cuerpo y las posibilidades de la mente.<\/p>\n\n\n\n<figure class=\"wp-block-image size-full is-resized\"><img loading=\"lazy\" decoding=\"async\" width=\"377\" height=\"249\" src=\"\/narcismonturiol2026\/wp-content\/uploads\/2025\/11\/image.png\" alt=\"\" class=\"wp-image-201\" style=\"width:643px;height:auto\" srcset=\"\/narcismonturiol2026\/wp-content\/uploads\/2025\/11\/image.png 377w, \/narcismonturiol2026\/wp-content\/uploads\/2025\/11\/image-300x198.png 300w\" sizes=\"auto, (max-width: 377px) 100vw, 377px\" \/><\/figure>\n\n\n\n<p class=\"wp-block-paragraph\"><br>2. <mark style=\"background-color:rgba(0, 0, 0, 0)\" class=\"has-inline-color has-vivid-cyan-blue-color\">Mary Ellen Solt<\/mark>: Mary Ellen Solt naci\u00f3 el 8 de julio de 1920 en Estados Unidos de Am\u00e9rica, Mary Ellen Solt es famosa, ya que fue una poeta, ensayista, traductora, editora y profesora de Norteam\u00e9rica.<br><\/p>\n\n\n\n<figure class=\"wp-block-gallery has-nested-images columns-default is-cropped wp-block-gallery-1 is-layout-flex wp-block-gallery-is-layout-flex\">\n<figure class=\"wp-block-image size-large\"><img loading=\"lazy\" decoding=\"async\" width=\"500\" height=\"654\" data-id=\"206\" src=\"\/narcismonturiol2026\/wp-content\/uploads\/2025\/11\/image-4.jpeg\" alt=\"\" class=\"wp-image-206\" srcset=\"\/narcismonturiol2026\/wp-content\/uploads\/2025\/11\/image-4.jpeg 500w, \/narcismonturiol2026\/wp-content\/uploads\/2025\/11\/image-4-229x300.jpeg 229w\" sizes=\"auto, (max-width: 500px) 100vw, 500px\" \/><\/figure>\n\n\n\n<figure class=\"wp-block-image size-large\"><img loading=\"lazy\" decoding=\"async\" width=\"225\" height=\"225\" data-id=\"204\" src=\"\/narcismonturiol2026\/wp-content\/uploads\/2025\/11\/image-2.jpeg\" alt=\"\" class=\"wp-image-204\" srcset=\"\/narcismonturiol2026\/wp-content\/uploads\/2025\/11\/image-2.jpeg 225w, \/narcismonturiol2026\/wp-content\/uploads\/2025\/11\/image-2-150x150.jpeg 150w, \/narcismonturiol2026\/wp-content\/uploads\/2025\/11\/image-2-100x100.jpeg 100w\" sizes=\"auto, (max-width: 225px) 100vw, 225px\" \/><\/figure>\n<\/figure>\n\n\n\n<p class=\"wp-block-paragraph\">3. <mark style=\"background-color:rgba(0, 0, 0, 0)\" class=\"has-inline-color has-vivid-cyan-blue-color\">Guillaume Apollinaire<\/mark>: Naci\u00f3 en Roma, el 26 de agosto de 1880. Es importante porque trabaj\u00f3 como contable en la Bolsa y como cr\u00edtico para varias revistas, desde las que teoriz\u00f3 en defensa de las nuevas tendencias.<\/p>\n\n\n\n<p class=\"wp-block-paragraph\"><strong>\u00a0<\/strong>En 1913 public\u00f3 una primera colecci\u00f3n, Alcoholes, en la que opt\u00f3 por integrar varios poemas escritos durante varios a\u00f1os y logr\u00f3 colocar un anagrama en algunos poemas.<strong> <\/strong>En 1913 public\u00f3 una primera colecci\u00f3n,\u00a0Alcoholes, en la que opt\u00f3 por integrar varios poemas escritos durante varios a\u00f1os y logr\u00f3 colocar un anagrama en algunos poemas.<\/p>\n\n\n\n<figure class=\"wp-block-gallery has-nested-images columns-default is-cropped wp-block-gallery-2 is-layout-flex wp-block-gallery-is-layout-flex\">\n<figure class=\"wp-block-image size-large\"><img loading=\"lazy\" decoding=\"async\" width=\"201\" height=\"251\" data-id=\"208\" src=\"\/narcismonturiol2026\/wp-content\/uploads\/2025\/11\/image-6.jpeg\" alt=\"\" class=\"wp-image-208\"\/><\/figure>\n\n\n\n<figure class=\"wp-block-image size-large\"><img loading=\"lazy\" decoding=\"async\" width=\"193\" height=\"260\" data-id=\"209\" src=\"\/narcismonturiol2026\/wp-content\/uploads\/2025\/11\/image-7.jpeg\" alt=\"\" class=\"wp-image-209\"\/><\/figure>\n<\/figure>\n\n\n\n<p class=\"wp-block-paragraph\"><br>4. <mark style=\"background-color:rgba(0, 0, 0, 0)\" class=\"has-inline-color has-vivid-cyan-blue-color\">Joan Brossa<\/mark>: Joan Brossa fue un poeta, dramaturgo y artista pl\u00e1stico catal\u00e1n. Fue uno de los poetas m\u00e1s importantes, \u00e9l, naci\u00f3 el 19 de enero de 1919, Barcelona.<\/p>\n\n\n\n<p class=\"wp-block-paragraph\">Nosotros tenemos la suerte de tener una escutura suya muy cerca de nuestro instituto, en el Parque del Laberinto de Horta (segunda imagen).<\/p>\n\n\n\n<figure class=\"wp-block-gallery has-nested-images columns-default is-cropped wp-block-gallery-3 is-layout-flex wp-block-gallery-is-layout-flex\">\n<figure class=\"wp-block-image size-large\"><img loading=\"lazy\" decoding=\"async\" width=\"167\" height=\"240\" data-id=\"210\" src=\"\/narcismonturiol2026\/wp-content\/uploads\/2025\/11\/image-1.png\" alt=\"\" class=\"wp-image-210\"\/><\/figure>\n\n\n\n<figure class=\"wp-block-image size-large\"><img loading=\"lazy\" decoding=\"async\" width=\"259\" height=\"194\" data-id=\"211\" src=\"\/narcismonturiol2026\/wp-content\/uploads\/2025\/11\/image-8.jpeg\" alt=\"\" class=\"wp-image-211\"\/><\/figure>\n<\/figure>\n\n\n\n<p class=\"wp-block-paragraph\"><br>5. <mark style=\"background-color:rgba(0, 0, 0, 0)\" class=\"has-inline-color has-vivid-cyan-blue-color\">B\u00e0rbara Kruger<\/mark>: Barbara Kruger (New Jersey 1945) es una de las artistas femeninas m\u00e1s relevantes del siglo 20. Sus obras han sido clasificadas como conceptuales o \u00abPop Art\u00bb y se caracterizan por su sencillez compositiva y crom\u00e1tica (escala de grises + rojo).<\/p>\n\n\n\n<figure class=\"wp-block-gallery has-nested-images columns-default is-cropped wp-block-gallery-4 is-layout-flex wp-block-gallery-is-layout-flex\">\n<figure class=\"wp-block-image size-large\"><img loading=\"lazy\" decoding=\"async\" width=\"584\" height=\"810\" data-id=\"212\" src=\"\/narcismonturiol2026\/wp-content\/uploads\/2025\/11\/image-9.jpeg\" alt=\"\" class=\"wp-image-212\" srcset=\"\/narcismonturiol2026\/wp-content\/uploads\/2025\/11\/image-9.jpeg 584w, \/narcismonturiol2026\/wp-content\/uploads\/2025\/11\/image-9-216x300.jpeg 216w\" sizes=\"auto, (max-width: 584px) 100vw, 584px\" \/><\/figure>\n\n\n\n<figure class=\"wp-block-image size-large\"><img loading=\"lazy\" decoding=\"async\" width=\"767\" height=\"1024\" data-id=\"213\" src=\"\/narcismonturiol2026\/wp-content\/uploads\/2025\/11\/image-10-767x1024.jpeg\" alt=\"\" class=\"wp-image-213\" srcset=\"\/narcismonturiol2026\/wp-content\/uploads\/2025\/11\/image-10-767x1024.jpeg 767w, \/narcismonturiol2026\/wp-content\/uploads\/2025\/11\/image-10-225x300.jpeg 225w, \/narcismonturiol2026\/wp-content\/uploads\/2025\/11\/image-10.jpeg 768w\" sizes=\"auto, (max-width: 767px) 89vw, (max-width: 1000px) 54vw, (max-width: 1071px) 543px, 580px\" \/><\/figure>\n<\/figure>\n\n\n\n<p class=\"wp-block-paragraph\"><br>6. <mark style=\"background-color:rgba(0, 0, 0, 0)\" class=\"has-inline-color has-vivid-cyan-blue-color\">Jenny Hazler: <\/mark>Jenny Halzer naci\u00f3 29 de julio de 1950 en Ohio, es una artista conceptual estadounidense. Su trabajo se centra en la exposici\u00f3n de palabras e ideas en espacios denunciar diferentes formas de justicia.<\/p>\n\n\n\n<figure class=\"wp-block-image size-full is-resized\"><img loading=\"lazy\" decoding=\"async\" width=\"275\" height=\"183\" src=\"\/narcismonturiol2026\/wp-content\/uploads\/2025\/11\/image-2.png\" alt=\"\" class=\"wp-image-214\" style=\"width:382px;height:auto\"\/><\/figure>\n\n\n\n<p class=\"wp-block-paragraph\"><br>7. <mark style=\"background-color:rgba(0, 0, 0, 0)\" class=\"has-inline-color has-vivid-cyan-blue-color\">Margaret Watts- Ideof\u00f3no, las flores de la voz<\/mark>: Margaret Watts (1868\u20131948) fue una activista canadiense que fund\u00f3 y promovi\u00f3 organizaciones internacionales para empoderar y educar a mujeres rurales.<br><\/p>\n\n\n\n<figure class=\"wp-block-image size-full is-resized\"><img loading=\"lazy\" decoding=\"async\" width=\"186\" height=\"271\" src=\"\/narcismonturiol2026\/wp-content\/uploads\/2025\/11\/image-11.jpeg\" alt=\"\" class=\"wp-image-215\" style=\"width:345px;height:auto\"\/><\/figure>\n\n\n\n<p class=\"wp-block-paragraph\"><br><strong>Partituras visuales<\/strong>:<br>1. <mark style=\"background-color:rgba(0, 0, 0, 0)\" class=\"has-inline-color has-vivid-cyan-blue-color\">Johann Debussy- \u201cClaro de luna\u201d:<\/mark> Achille-Claude Debussy (Saint-Germain-en-Laye, 22 de agosto de 1862 &#8211; Par\u00eds, 25 de marzo de 1918) es un compositor Franc\u00e9s, considerado uno de los principales compositores del siglo XX y el precursor de la m\u00fasica contempor\u00e1nea. Nacido en el seno de una familia de recursos modestos. Mostr\u00f3 suficiente talento musical para ser admitido en el mejor centro de estudios musicales de Francia, el Conservatorio de Par\u00eds, a la edad de diez a\u00f1os.\u00a0<\/p>\n\n\n\n<p class=\"wp-block-paragraph\">Unas de sus obras famosas es&nbsp; <a href=\"https:\/\/youtu.be\/WNcsUNKlAKw?si=bc0fG4-WhVTcAe-a\">\u201cClaro de luna\u201d<\/a>.<\/p>\n\n\n\n<figure class=\"wp-block-gallery has-nested-images columns-default is-cropped wp-block-gallery-5 is-layout-flex wp-block-gallery-is-layout-flex\">\n<figure class=\"wp-block-image size-large\"><img loading=\"lazy\" decoding=\"async\" width=\"1024\" height=\"1024\" data-id=\"217\" src=\"\/narcismonturiol2026\/wp-content\/uploads\/2025\/11\/image-4-1024x1024.png\" alt=\"\" class=\"wp-image-217\" srcset=\"\/narcismonturiol2026\/wp-content\/uploads\/2025\/11\/image-4-1024x1024.png 1024w, \/narcismonturiol2026\/wp-content\/uploads\/2025\/11\/image-4-300x300.png 300w, \/narcismonturiol2026\/wp-content\/uploads\/2025\/11\/image-4-150x150.png 150w, \/narcismonturiol2026\/wp-content\/uploads\/2025\/11\/image-4-768x768.png 768w, \/narcismonturiol2026\/wp-content\/uploads\/2025\/11\/image-4-1536x1536.png 1536w, \/narcismonturiol2026\/wp-content\/uploads\/2025\/11\/image-4-100x100.png 100w, \/narcismonturiol2026\/wp-content\/uploads\/2025\/11\/image-4.png 1600w\" sizes=\"auto, (max-width: 767px) 89vw, (max-width: 1000px) 54vw, (max-width: 1071px) 543px, 580px\" \/><\/figure>\n\n\n\n<figure class=\"wp-block-image size-large\"><img loading=\"lazy\" decoding=\"async\" width=\"250\" height=\"350\" data-id=\"216\" src=\"\/narcismonturiol2026\/wp-content\/uploads\/2025\/11\/image-3.png\" alt=\"\" class=\"wp-image-216\" srcset=\"\/narcismonturiol2026\/wp-content\/uploads\/2025\/11\/image-3.png 250w, \/narcismonturiol2026\/wp-content\/uploads\/2025\/11\/image-3-214x300.png 214w\" sizes=\"auto, (max-width: 250px) 100vw, 250px\" \/><\/figure>\n<\/figure>\n\n\n\n<p class=\"wp-block-paragraph\"><br>2, <mark style=\"background-color:rgba(0, 0, 0, 0)\" class=\"has-inline-color has-vivid-cyan-blue-color\">John Cage<\/mark>: Compositor estadounidense\u00a0pionero de m\u00fasica aleatoria electr\u00f3nica y utilizaci\u00f3n no est\u00e1ndar de instrumentos tradicionales. Cre\u00f3 un piano preparado. Fue la principal figura de la m\u00fasica experimental de postguerra y jug\u00f3 un papel importante en el desarrollo de la danza moderna.<\/p>\n\n\n\n<figure class=\"wp-block-image size-full is-resized\"><img loading=\"lazy\" decoding=\"async\" width=\"536\" height=\"572\" src=\"\/narcismonturiol2026\/wp-content\/uploads\/2025\/11\/image-5.png\" alt=\"\" class=\"wp-image-218\" style=\"width:405px;height:auto\" srcset=\"\/narcismonturiol2026\/wp-content\/uploads\/2025\/11\/image-5.png 536w, \/narcismonturiol2026\/wp-content\/uploads\/2025\/11\/image-5-281x300.png 281w\" sizes=\"auto, (max-width: 536px) 100vw, 536px\" \/><\/figure>\n\n\n\n<p class=\"wp-block-paragraph\"><br>3. <mark style=\"background-color:rgba(0, 0, 0, 0)\" class=\"has-inline-color has-vivid-cyan-blue-color\">Chemical Brother &#8211; Star Guitar<\/mark>: Es un d\u00fao ingl\u00e9s de m\u00fasica electr\u00f3nica. <a href=\"https:\/\/www.youtube.com\/watch?v=0S43IwBF0uM\" data-type=\"link\" data-id=\"https:\/\/www.youtube.com\/watch?v=0S43IwBF0uM\">El v\u00eddeoclip<\/a> de la canci\u00f3n Star Guitar se puede considerar una partitura visual.<\/p>\n\n\n\n<figure class=\"wp-block-image size-full is-resized\"><img loading=\"lazy\" decoding=\"async\" width=\"225\" height=\"225\" src=\"\/narcismonturiol2026\/wp-content\/uploads\/2025\/11\/image-13.jpeg\" alt=\"\" class=\"wp-image-220\" style=\"width:342px;height:auto\" srcset=\"\/narcismonturiol2026\/wp-content\/uploads\/2025\/11\/image-13.jpeg 225w, \/narcismonturiol2026\/wp-content\/uploads\/2025\/11\/image-13-150x150.jpeg 150w, \/narcismonturiol2026\/wp-content\/uploads\/2025\/11\/image-13-100x100.jpeg 100w\" sizes=\"auto, (max-width: 225px) 100vw, 225px\" \/><\/figure>\n\n\n\n<p class=\"wp-block-paragraph\"><br><br>Y, en la segunda hora, hicimos un ejercico de deep listenning, que significa escucha profunda. Fito nos puso tres audios muy diferentes que evocaban escenas mentales diversas:<br><br>1. <mark style=\"background-color:rgba(0, 0, 0, 0)\" class=\"has-inline-color has-vivid-cyan-blue-color\">Mather Earth<\/mark>&#8211; <a href=\"https:\/\/www.youtube.com\/watch?v=dRXLYnwKL8c&amp;list=RDdRXLYnwKL8c&amp;start_radio=1\" data-type=\"link\" data-id=\"https:\/\/www.youtube.com\/watch?v=dRXLYnwKL8c&amp;list=RDdRXLYnwKL8c&amp;start_radio=1\">m\u00fasica para plantas<\/a><br>2. <mark style=\"background-color:rgba(0, 0, 0, 0)\" class=\"has-inline-color has-vivid-cyan-blue-color\">El cant de la sibil\u00b7la<\/mark>, de <a href=\"https:\/\/www.youtube.com\/watch?v=OGBW9Py22y8&amp;list=RDOGBW9Py22y8&amp;start_radio=1\" data-type=\"link\" data-id=\"https:\/\/www.youtube.com\/watch?v=OGBW9Py22y8&amp;list=RDOGBW9Py22y8&amp;start_radio=1\">Mar\u00eda Arnal<\/a>+Tanta Relona<br>3. Composici\u00f3 per a contrabaix amb l\u2019Orfe\u00f3 Catal\u00e0, de <a href=\"https:\/\/www.fmirobcn.org\/ca\/fundacio\/premsa\/174\/fito-conesa-el-nostre-cami-queda\" data-type=\"link\" data-id=\"https:\/\/www.fmirobcn.org\/ca\/fundacio\/premsa\/174\/fito-conesa-el-nostre-cami-queda\">Fito Conesa<\/a><br><\/p>\n\n\n\n<figure class=\"wp-block-image size-large\"><img loading=\"lazy\" decoding=\"async\" width=\"1024\" height=\"769\" src=\"\/narcismonturiol2026\/wp-content\/uploads\/2025\/11\/IMG_20251029_121113-1024x769.jpg\" alt=\"\" class=\"wp-image-222\" srcset=\"\/narcismonturiol2026\/wp-content\/uploads\/2025\/11\/IMG_20251029_121113-1024x769.jpg 1024w, \/narcismonturiol2026\/wp-content\/uploads\/2025\/11\/IMG_20251029_121113-300x225.jpg 300w, \/narcismonturiol2026\/wp-content\/uploads\/2025\/11\/IMG_20251029_121113-768x577.jpg 768w, \/narcismonturiol2026\/wp-content\/uploads\/2025\/11\/IMG_20251029_121113-1536x1154.jpg 1536w, \/narcismonturiol2026\/wp-content\/uploads\/2025\/11\/IMG_20251029_121113-2048x1538.jpg 2048w\" sizes=\"auto, (max-width: 767px) 89vw, (max-width: 1000px) 54vw, (max-width: 1071px) 543px, 580px\" \/><\/figure>\n\n\n\n<figure class=\"wp-block-image size-large\"><img loading=\"lazy\" decoding=\"async\" width=\"1024\" height=\"766\" src=\"\/narcismonturiol2026\/wp-content\/uploads\/2025\/11\/IMG_20251029_124550-1024x766.jpg\" alt=\"\" class=\"wp-image-223\" srcset=\"\/narcismonturiol2026\/wp-content\/uploads\/2025\/11\/IMG_20251029_124550-1024x766.jpg 1024w, \/narcismonturiol2026\/wp-content\/uploads\/2025\/11\/IMG_20251029_124550-300x224.jpg 300w, \/narcismonturiol2026\/wp-content\/uploads\/2025\/11\/IMG_20251029_124550-768x575.jpg 768w, \/narcismonturiol2026\/wp-content\/uploads\/2025\/11\/IMG_20251029_124550-1536x1149.jpg 1536w, \/narcismonturiol2026\/wp-content\/uploads\/2025\/11\/IMG_20251029_124550-2048x1532.jpg 2048w\" sizes=\"auto, (max-width: 767px) 89vw, (max-width: 1000px) 54vw, (max-width: 1071px) 543px, 580px\" \/><\/figure>\n\n\n\n<p class=\"wp-block-paragraph\"><\/p>\n","protected":false},"excerpt":{"rendered":"<p>Hoy hemos dividido la sessi\u00f3n en dos partes. Durante la primera hora, Fito nos ha mostrado referentes de poemas visuales y nos ha explicado qu\u00e9 eran las partituras visuales. Concretamente, hemos visto esto: Poetas visuales:1. Marina Abramovic: Marina Abramovic naci\u00f3 el 30 de noviembre del 1946 en Belgrad. Empez\u00f3 su carrera covirti\u00e9ndose en una de &hellip; <\/p>\n<p class=\"link-more\"><a href=\"\/narcismonturiol2026\/sessio-5-29-oct\/\" class=\"more-link\">Continua llegint <span class=\"screen-reader-text\">\u00abSessi\u00f3 5 &#8211; 29 oct\u00bb<\/span><\/a><\/p>\n","protected":false},"author":5,"featured_media":0,"comment_status":"closed","ping_status":"","sticky":false,"template":"","format":"standard","meta":{"footnotes":""},"categories":[1],"tags":[],"class_list":["post-194","post","type-post","status-publish","format-standard","hentry","category-general"],"_links":{"self":[{"href":"\/narcismonturiol2026\/wp-json\/wp\/v2\/posts\/194","targetHints":{"allow":["GET"]}}],"collection":[{"href":"\/narcismonturiol2026\/wp-json\/wp\/v2\/posts"}],"about":[{"href":"\/narcismonturiol2026\/wp-json\/wp\/v2\/types\/post"}],"author":[{"embeddable":true,"href":"\/narcismonturiol2026\/wp-json\/wp\/v2\/users\/5"}],"replies":[{"embeddable":true,"href":"\/narcismonturiol2026\/wp-json\/wp\/v2\/comments?post=194"}],"version-history":[{"count":3,"href":"\/narcismonturiol2026\/wp-json\/wp\/v2\/posts\/194\/revisions"}],"predecessor-version":[{"id":224,"href":"\/narcismonturiol2026\/wp-json\/wp\/v2\/posts\/194\/revisions\/224"}],"wp:attachment":[{"href":"\/narcismonturiol2026\/wp-json\/wp\/v2\/media?parent=194"}],"wp:term":[{"taxonomy":"category","embeddable":true,"href":"\/narcismonturiol2026\/wp-json\/wp\/v2\/categories?post=194"},{"taxonomy":"post_tag","embeddable":true,"href":"\/narcismonturiol2026\/wp-json\/wp\/v2\/tags?post=194"}],"curies":[{"name":"wp","href":"https:\/\/api.w.org\/{rel}","templated":true}]}}