{"id":311,"date":"2026-03-26T11:01:01","date_gmt":"2026-03-26T09:01:01","guid":{"rendered":"\/narcismonturiol2026\/?p=311"},"modified":"2026-03-26T11:01:01","modified_gmt":"2026-03-26T09:01:01","slug":"sessio-13-21-gen","status":"publish","type":"post","link":"\/narcismonturiol2026\/sessio-13-21-gen\/","title":{"rendered":"Sessi\u00f3 13 &#8211; 21 gen"},"content":{"rendered":"\n<p class=\"wp-block-paragraph\">El 21 de gener vam comen\u00e7ar la sessi\u00f3 quan el Fito ens va projectar uns v\u00eddeos per compartir amb nosaltres l&#8217;\u00faltima expo que havia fet, a Vic. Al v\u00eddeo apareixien unes persones d&#8217;unes comunitats religioses cantant. Les comunitats amb les que va treballar son la Congregaci\u00f3 dels Dolors, el gurudwara de la comunitat sikh i la mesquita de la Comunitat Musulmana de Vic. El Fito ens va explicar la seva experi\u00e8ncia en aquesta exposici\u00f3.<\/p>\n\n\n\n<p class=\"wp-block-paragraph\"><\/p>\n\n\n\n<figure class=\"wp-block-image size-large\"><img loading=\"lazy\" decoding=\"async\" width=\"1024\" height=\"768\" src=\"\/narcismonturiol2026\/wp-content\/uploads\/2026\/03\/IMG_20260121_121012-1024x768.jpg\" alt=\"\" class=\"wp-image-332\" srcset=\"\/narcismonturiol2026\/wp-content\/uploads\/2026\/03\/IMG_20260121_121012-1024x768.jpg 1024w, \/narcismonturiol2026\/wp-content\/uploads\/2026\/03\/IMG_20260121_121012-300x225.jpg 300w, \/narcismonturiol2026\/wp-content\/uploads\/2026\/03\/IMG_20260121_121012-768x576.jpg 768w, \/narcismonturiol2026\/wp-content\/uploads\/2026\/03\/IMG_20260121_121012-1536x1152.jpg 1536w, \/narcismonturiol2026\/wp-content\/uploads\/2026\/03\/IMG_20260121_121012-2048x1536.jpg 2048w\" sizes=\"auto, (max-width: 767px) 89vw, (max-width: 1000px) 54vw, (max-width: 1071px) 543px, 580px\" \/><\/figure>\n\n\n\n<p class=\"wp-block-paragraph\">Despr\u00e9s, vam anar cap a l&#8217;aula de m\u00fasica, cadasc\u00fa es va posar en un lloc diferent i, a continuaci\u00f3, en Fito ens va posar una s\u00e8rie de can\u00e7ons per fer escolta profunda.<\/p>\n\n\n\n<figure class=\"wp-block-gallery has-nested-images columns-default is-cropped wp-block-gallery-1 is-layout-flex wp-block-gallery-is-layout-flex\">\n<figure class=\"wp-block-image size-large\"><img loading=\"lazy\" decoding=\"async\" width=\"1024\" height=\"768\" data-id=\"358\" src=\"\/narcismonturiol2026\/wp-content\/uploads\/2026\/03\/IMG_20260121_124825-1024x768.jpg\" alt=\"\" class=\"wp-image-358\" srcset=\"\/narcismonturiol2026\/wp-content\/uploads\/2026\/03\/IMG_20260121_124825-1024x768.jpg 1024w, \/narcismonturiol2026\/wp-content\/uploads\/2026\/03\/IMG_20260121_124825-300x225.jpg 300w, \/narcismonturiol2026\/wp-content\/uploads\/2026\/03\/IMG_20260121_124825-768x576.jpg 768w, \/narcismonturiol2026\/wp-content\/uploads\/2026\/03\/IMG_20260121_124825-1536x1152.jpg 1536w, \/narcismonturiol2026\/wp-content\/uploads\/2026\/03\/IMG_20260121_124825-2048x1536.jpg 2048w\" sizes=\"auto, (max-width: 767px) 89vw, (max-width: 1000px) 54vw, (max-width: 1071px) 543px, 580px\" \/><\/figure>\n\n\n\n<figure class=\"wp-block-image size-large\"><img loading=\"lazy\" decoding=\"async\" width=\"1024\" height=\"768\" data-id=\"357\" src=\"\/narcismonturiol2026\/wp-content\/uploads\/2026\/03\/IMG_20260121_124831-1024x768.jpg\" alt=\"\" class=\"wp-image-357\" srcset=\"\/narcismonturiol2026\/wp-content\/uploads\/2026\/03\/IMG_20260121_124831-1024x768.jpg 1024w, \/narcismonturiol2026\/wp-content\/uploads\/2026\/03\/IMG_20260121_124831-300x225.jpg 300w, \/narcismonturiol2026\/wp-content\/uploads\/2026\/03\/IMG_20260121_124831-768x576.jpg 768w, \/narcismonturiol2026\/wp-content\/uploads\/2026\/03\/IMG_20260121_124831-1536x1152.jpg 1536w, \/narcismonturiol2026\/wp-content\/uploads\/2026\/03\/IMG_20260121_124831-2048x1536.jpg 2048w\" sizes=\"auto, (max-width: 767px) 89vw, (max-width: 1000px) 54vw, (max-width: 1071px) 543px, 580px\" \/><\/figure>\n<\/figure>\n\n\n\n<p class=\"wp-block-paragraph\">Es molt relaxant fer aquesta activitat. Ens agrada perqu\u00e8 estem molt cansats i ens permet fer una mica de pausa.<\/p>\n","protected":false},"excerpt":{"rendered":"<p>El 21 de gener vam comen\u00e7ar la sessi\u00f3 quan el Fito ens va projectar uns v\u00eddeos per compartir amb nosaltres l&#8217;\u00faltima expo que havia fet, a Vic. Al v\u00eddeo apareixien unes persones d&#8217;unes comunitats religioses cantant. Les comunitats amb les que va treballar son la Congregaci\u00f3 dels Dolors, el gurudwara de la comunitat sikh i &hellip; <\/p>\n<p class=\"link-more\"><a href=\"\/narcismonturiol2026\/sessio-13-21-gen\/\" class=\"more-link\">Continua llegint <span class=\"screen-reader-text\">\u00abSessi\u00f3 13 &#8211; 21 gen\u00bb<\/span><\/a><\/p>\n","protected":false},"author":10,"featured_media":0,"comment_status":"closed","ping_status":"","sticky":false,"template":"","format":"standard","meta":{"footnotes":""},"categories":[1],"tags":[],"class_list":["post-311","post","type-post","status-publish","format-standard","hentry","category-general"],"_links":{"self":[{"href":"\/narcismonturiol2026\/wp-json\/wp\/v2\/posts\/311","targetHints":{"allow":["GET"]}}],"collection":[{"href":"\/narcismonturiol2026\/wp-json\/wp\/v2\/posts"}],"about":[{"href":"\/narcismonturiol2026\/wp-json\/wp\/v2\/types\/post"}],"author":[{"embeddable":true,"href":"\/narcismonturiol2026\/wp-json\/wp\/v2\/users\/10"}],"replies":[{"embeddable":true,"href":"\/narcismonturiol2026\/wp-json\/wp\/v2\/comments?post=311"}],"version-history":[{"count":4,"href":"\/narcismonturiol2026\/wp-json\/wp\/v2\/posts\/311\/revisions"}],"predecessor-version":[{"id":359,"href":"\/narcismonturiol2026\/wp-json\/wp\/v2\/posts\/311\/revisions\/359"}],"wp:attachment":[{"href":"\/narcismonturiol2026\/wp-json\/wp\/v2\/media?parent=311"}],"wp:term":[{"taxonomy":"category","embeddable":true,"href":"\/narcismonturiol2026\/wp-json\/wp\/v2\/categories?post=311"},{"taxonomy":"post_tag","embeddable":true,"href":"\/narcismonturiol2026\/wp-json\/wp\/v2\/tags?post=311"}],"curies":[{"name":"wp","href":"https:\/\/api.w.org\/{rel}","templated":true}]}}