{"id":60,"date":"2025-10-23T13:03:49","date_gmt":"2025-10-23T11:03:49","guid":{"rendered":"\/narcismonturiol2026\/?p=60"},"modified":"2025-10-23T13:03:49","modified_gmt":"2025-10-23T11:03:49","slug":"sessio-3-08-doctubre","status":"publish","type":"post","link":"\/narcismonturiol2026\/sessio-3-08-doctubre\/","title":{"rendered":"Sessi\u00f3 3 &#8211; 08 d&#8217;octubre"},"content":{"rendered":"\n<p class=\"wp-block-paragraph\">A la sessi\u00f3 3, el Fito ens va regalar una llibreta petitona de color negre i vam poder decorar-la al nostre gust.<\/p>\n\n\n\n<p class=\"wp-block-paragraph\">Despr\u00e9s vam fer una activitat de combinar una s\u00e8rie de paraules: <\/p>\n\n\n\n<ul class=\"wp-block-list\">\n<li>5 noms (entre els quals ha d&#8217;haver-hi un n\u00famero)<\/li>\n\n\n\n<li>5 adjectius (entre els quals ha d&#8217;haver-hi un color)<\/li>\n\n\n\n<li>3 verbs<\/li>\n<\/ul>\n\n\n\n<p class=\"wp-block-paragraph\">Aleshores, ho vam comentar, per veure quines combinacions hem fet convidat paraules, i les vam traspassar a un document de Google. Han sortit algunes molt maques. Amb la Sara escollirem dijous les que m\u00e9s ens agradin. Ja us les compartirem.<\/p>\n\n\n\n<figure class=\"wp-block-image size-full\"><img loading=\"lazy\" decoding=\"async\" width=\"733\" height=\"552\" src=\"\/narcismonturiol2026\/wp-content\/uploads\/2025\/10\/image.png\" alt=\"\" class=\"wp-image-113\" srcset=\"\/narcismonturiol2026\/wp-content\/uploads\/2025\/10\/image.png 733w, \/narcismonturiol2026\/wp-content\/uploads\/2025\/10\/image-300x226.png 300w\" sizes=\"auto, (max-width: 733px) 100vw, 733px\" \/><\/figure>\n\n\n\n<p class=\"wp-block-paragraph\">Despr\u00e9s vam sortir al carrer a fer una activitat sobre sentir els sorolls del carrer i imaginar-nos una hist\u00f2ria sobre el que est\u00e0 passant a fora, segons quins sorolls escolt\u00e0vem al nostre entorn. Ho vam comentar entre tots i van sortit coses molts interessants de les histories que cadasc\u00fa havia format a partir de sorolls.\u00a0Aix\u00f2 ens va portar a parlar d\u2019altres coses que ens interessaven, com certs olors inconfusibles.<\/p>\n\n\n\n<figure class=\"wp-block-image size-large\"><img loading=\"lazy\" decoding=\"async\" width=\"1024\" height=\"766\" src=\"\/narcismonturiol2026\/wp-content\/uploads\/2025\/10\/IMG_20251008_130015-1024x766.jpg\" alt=\"\" class=\"wp-image-184\" srcset=\"\/narcismonturiol2026\/wp-content\/uploads\/2025\/10\/IMG_20251008_130015-1024x766.jpg 1024w, \/narcismonturiol2026\/wp-content\/uploads\/2025\/10\/IMG_20251008_130015-300x224.jpg 300w, \/narcismonturiol2026\/wp-content\/uploads\/2025\/10\/IMG_20251008_130015-768x575.jpg 768w, \/narcismonturiol2026\/wp-content\/uploads\/2025\/10\/IMG_20251008_130015-1536x1149.jpg 1536w, \/narcismonturiol2026\/wp-content\/uploads\/2025\/10\/IMG_20251008_130015-2048x1532.jpg 2048w\" sizes=\"auto, (max-width: 767px) 89vw, (max-width: 1000px) 54vw, (max-width: 1071px) 543px, 580px\" \/><\/figure>\n\n\n\n<figure class=\"wp-block-image size-large\"><img loading=\"lazy\" decoding=\"async\" width=\"1024\" height=\"769\" src=\"\/narcismonturiol2026\/wp-content\/uploads\/2025\/10\/IMG_20251008_131835-1024x769.jpg\" alt=\"\" class=\"wp-image-185\" srcset=\"\/narcismonturiol2026\/wp-content\/uploads\/2025\/10\/IMG_20251008_131835-1024x769.jpg 1024w, \/narcismonturiol2026\/wp-content\/uploads\/2025\/10\/IMG_20251008_131835-300x225.jpg 300w, \/narcismonturiol2026\/wp-content\/uploads\/2025\/10\/IMG_20251008_131835-768x577.jpg 768w, \/narcismonturiol2026\/wp-content\/uploads\/2025\/10\/IMG_20251008_131835-1536x1154.jpg 1536w, \/narcismonturiol2026\/wp-content\/uploads\/2025\/10\/IMG_20251008_131835-2048x1538.jpg 2048w\" sizes=\"auto, (max-width: 767px) 89vw, (max-width: 1000px) 54vw, (max-width: 1071px) 543px, 580px\" \/><\/figure>\n\n\n\n<p class=\"wp-block-paragraph\">Ens ha agradat molt sortir de l&#8217;aula i esperem poder repetir un altre dia!<\/p>\n\n\n\n<p class=\"wp-block-paragraph\"><\/p>\n","protected":false},"excerpt":{"rendered":"<p>A la sessi\u00f3 3, el Fito ens va regalar una llibreta petitona de color negre i vam poder decorar-la al nostre gust. Despr\u00e9s vam fer una activitat de combinar una s\u00e8rie de paraules: Aleshores, ho vam comentar, per veure quines combinacions hem fet convidat paraules, i les vam traspassar a un document de Google. Han &hellip; <\/p>\n<p class=\"link-more\"><a href=\"\/narcismonturiol2026\/sessio-3-08-doctubre\/\" class=\"more-link\">Continua llegint <span class=\"screen-reader-text\">\u00abSessi\u00f3 3 &#8211; 08 d&#8217;octubre\u00bb<\/span><\/a><\/p>\n","protected":false},"author":14,"featured_media":0,"comment_status":"closed","ping_status":"","sticky":false,"template":"","format":"standard","meta":{"footnotes":""},"categories":[1],"tags":[],"class_list":["post-60","post","type-post","status-publish","format-standard","hentry","category-general"],"_links":{"self":[{"href":"\/narcismonturiol2026\/wp-json\/wp\/v2\/posts\/60","targetHints":{"allow":["GET"]}}],"collection":[{"href":"\/narcismonturiol2026\/wp-json\/wp\/v2\/posts"}],"about":[{"href":"\/narcismonturiol2026\/wp-json\/wp\/v2\/types\/post"}],"author":[{"embeddable":true,"href":"\/narcismonturiol2026\/wp-json\/wp\/v2\/users\/14"}],"replies":[{"embeddable":true,"href":"\/narcismonturiol2026\/wp-json\/wp\/v2\/comments?post=60"}],"version-history":[{"count":5,"href":"\/narcismonturiol2026\/wp-json\/wp\/v2\/posts\/60\/revisions"}],"predecessor-version":[{"id":186,"href":"\/narcismonturiol2026\/wp-json\/wp\/v2\/posts\/60\/revisions\/186"}],"wp:attachment":[{"href":"\/narcismonturiol2026\/wp-json\/wp\/v2\/media?parent=60"}],"wp:term":[{"taxonomy":"category","embeddable":true,"href":"\/narcismonturiol2026\/wp-json\/wp\/v2\/categories?post=60"},{"taxonomy":"post_tag","embeddable":true,"href":"\/narcismonturiol2026\/wp-json\/wp\/v2\/tags?post=60"}],"curies":[{"name":"wp","href":"https:\/\/api.w.org\/{rel}","templated":true}]}}