{"id":75,"date":"2025-10-15T13:27:28","date_gmt":"2025-10-15T11:27:28","guid":{"rendered":"\/narcismonturiol2026\/?p=75"},"modified":"2025-10-15T13:27:28","modified_gmt":"2025-10-15T11:27:28","slug":"sessio-2-1-octubre","status":"publish","type":"post","link":"\/narcismonturiol2026\/sessio-2-1-octubre\/","title":{"rendered":"Sessi\u00f3 2 &#8211; 1 Octubre"},"content":{"rendered":"\n<p class=\"wp-block-paragraph\">Vam comen\u00e7ar la sessi\u00f3 presentant-nos tots individualment, per qu\u00e8 el Fito pogu\u00e9s coneixe&#8217;ns una mica millor a tots. Algunes persones deien quin signe zodiacal eren: tauro, virgo\u2026 Tamb\u00e9 d\u00e8iem la nostra edat, 13 i 14. Era important que en Fito conegu\u00e9s una mica quines s\u00f3n les nostres aficions, ja sigui dibuixar, llegir, escriure\u2026<\/p>\n\n\n\n<p class=\"wp-block-paragraph\">Un cop ens hav\u00edem presentat tots, el fito ens explica una mica d\u2019ell, i tot seguit ens va presentar un v\u00eddeo que va fer ell mateix, un v\u00eddeo que contenia projeccions seves, les altres les van projectar altres persones. Aix\u00f2 ens va portar a preguntar-li v\u00e0ries vegades si tots els v\u00eddeos eren seus, per exemple, en una projecci\u00f3 sortia un nen petit, i ens vam q\u00fcestionar si aquell nen era ell.<\/p>\n\n\n\n<p class=\"wp-block-paragraph\">La seva resposta va ser, \u201cno, per\u00f2 podria ser jo\u201d. I aix\u00ed va ser amb v\u00e0ries projeccions del v\u00eddeo.<\/p>\n\n\n\n<p class=\"wp-block-paragraph\">Tot seguit vam comen\u00e7ar amb les presentacions, que consistien a fer que en Fito conegu\u00e9s les nostres qualitats i la nostra vida una mica m\u00e9s enll\u00e0 del que \u00e9s a l\u2019escola.<\/p>\n\n\n\n<p class=\"wp-block-paragraph\">Un cop un grup acabava de presentar, li f\u00e8iem preguntes per poder con\u00e8ixer una mica a ell tamb\u00e9, per exemple, quan va comen\u00e7ar la seva carrera, perqu\u00e8 va escollir aquest ofici i que \u00e9s el que el va motivar, com va esbrinar que l\u2019art era la seva passi\u00f3\u2026\u00a0<\/p>\n\n\n\n<p class=\"wp-block-paragraph\">Per tancar la sessi\u00f3, una companya molt amablement ens va voler ensenyar els seus dibuixos que va estar fent en aquestes \u00faltimes sessions, que representaven la seva vida en general, com a on li agradaria viatjar, si li agrada estar amb la seva fam\u00edlia i sobretot que \u00e9s el que m\u00e9s li agrada fer en el seu temps lliure. Despr\u00e9s ens va deixar un per un veure els dibuixos de prop.<\/p>\n\n\n\n<p class=\"wp-block-paragraph\">Em va fer la sensaci\u00f3 que en Fito va estar molt agra\u00eft de compartir una sessi\u00f3 amb tots nosaltres. I nosaltres tamb\u00e9 vam gaudir d\u2019aquella estona amb en Fito, ja que vam poder aprendre moltes coses noves, i ell de nosaltres.<\/p>\n\n\n\n<figure class=\"wp-block-gallery has-nested-images columns-default is-cropped wp-block-gallery-1 is-layout-flex wp-block-gallery-is-layout-flex\">\n<figure class=\"wp-block-image size-large\"><img loading=\"lazy\" decoding=\"async\" width=\"1024\" height=\"766\" data-id=\"164\" src=\"\/narcismonturiol2026\/wp-content\/uploads\/2025\/10\/IMG_20251001_121306-1024x766.jpg\" alt=\"\" class=\"wp-image-164\" srcset=\"\/narcismonturiol2026\/wp-content\/uploads\/2025\/10\/IMG_20251001_121306-1024x766.jpg 1024w, \/narcismonturiol2026\/wp-content\/uploads\/2025\/10\/IMG_20251001_121306-300x224.jpg 300w, \/narcismonturiol2026\/wp-content\/uploads\/2025\/10\/IMG_20251001_121306-768x575.jpg 768w, \/narcismonturiol2026\/wp-content\/uploads\/2025\/10\/IMG_20251001_121306-1536x1149.jpg 1536w, \/narcismonturiol2026\/wp-content\/uploads\/2025\/10\/IMG_20251001_121306-2048x1532.jpg 2048w\" sizes=\"auto, (max-width: 767px) 89vw, (max-width: 1000px) 54vw, (max-width: 1071px) 543px, 580px\" \/><\/figure>\n\n\n\n<figure class=\"wp-block-image size-large\"><img loading=\"lazy\" decoding=\"async\" width=\"768\" height=\"1024\" data-id=\"163\" src=\"\/narcismonturiol2026\/wp-content\/uploads\/2025\/10\/IMG_1727-1-768x1024.jpg\" alt=\"\" class=\"wp-image-163\" srcset=\"\/narcismonturiol2026\/wp-content\/uploads\/2025\/10\/IMG_1727-1-768x1024.jpg 768w, \/narcismonturiol2026\/wp-content\/uploads\/2025\/10\/IMG_1727-1-225x300.jpg 225w, \/narcismonturiol2026\/wp-content\/uploads\/2025\/10\/IMG_1727-1-1152x1536.jpg 1152w, \/narcismonturiol2026\/wp-content\/uploads\/2025\/10\/IMG_1727-1-1536x2048.jpg 1536w, \/narcismonturiol2026\/wp-content\/uploads\/2025\/10\/IMG_1727-1-scaled.jpg 1920w\" sizes=\"auto, (max-width: 767px) 89vw, (max-width: 1000px) 54vw, (max-width: 1071px) 543px, 580px\" \/><\/figure>\n\n\n\n<figure class=\"wp-block-image size-large\"><img loading=\"lazy\" decoding=\"async\" width=\"1024\" height=\"769\" data-id=\"165\" src=\"\/narcismonturiol2026\/wp-content\/uploads\/2025\/10\/IMG_20251001_115416-1024x769.jpg\" alt=\"\" class=\"wp-image-165\" srcset=\"\/narcismonturiol2026\/wp-content\/uploads\/2025\/10\/IMG_20251001_115416-1024x769.jpg 1024w, \/narcismonturiol2026\/wp-content\/uploads\/2025\/10\/IMG_20251001_115416-300x225.jpg 300w, \/narcismonturiol2026\/wp-content\/uploads\/2025\/10\/IMG_20251001_115416-768x577.jpg 768w, \/narcismonturiol2026\/wp-content\/uploads\/2025\/10\/IMG_20251001_115416-1536x1154.jpg 1536w, \/narcismonturiol2026\/wp-content\/uploads\/2025\/10\/IMG_20251001_115416-2048x1538.jpg 2048w\" sizes=\"auto, (max-width: 767px) 89vw, (max-width: 1000px) 54vw, (max-width: 1071px) 543px, 580px\" \/><\/figure>\n<\/figure>\n\n\n\n<p class=\"wp-block-paragraph\"><\/p>\n","protected":false},"excerpt":{"rendered":"<p>Vam comen\u00e7ar la sessi\u00f3 presentant-nos tots individualment, per qu\u00e8 el Fito pogu\u00e9s coneixe&#8217;ns una mica millor a tots. Algunes persones deien quin signe zodiacal eren: tauro, virgo\u2026 Tamb\u00e9 d\u00e8iem la nostra edat, 13 i 14. Era important que en Fito conegu\u00e9s una mica quines s\u00f3n les nostres aficions, ja sigui dibuixar, llegir, escriure\u2026 Un cop &hellip; <\/p>\n<p class=\"link-more\"><a href=\"\/narcismonturiol2026\/sessio-2-1-octubre\/\" class=\"more-link\">Continua llegint <span class=\"screen-reader-text\">\u00abSessi\u00f3 2 &#8211; 1 Octubre\u00bb<\/span><\/a><\/p>\n","protected":false},"author":17,"featured_media":0,"comment_status":"closed","ping_status":"","sticky":false,"template":"","format":"standard","meta":{"footnotes":""},"categories":[1],"tags":[],"class_list":["post-75","post","type-post","status-publish","format-standard","hentry","category-general"],"_links":{"self":[{"href":"\/narcismonturiol2026\/wp-json\/wp\/v2\/posts\/75","targetHints":{"allow":["GET"]}}],"collection":[{"href":"\/narcismonturiol2026\/wp-json\/wp\/v2\/posts"}],"about":[{"href":"\/narcismonturiol2026\/wp-json\/wp\/v2\/types\/post"}],"author":[{"embeddable":true,"href":"\/narcismonturiol2026\/wp-json\/wp\/v2\/users\/17"}],"replies":[{"embeddable":true,"href":"\/narcismonturiol2026\/wp-json\/wp\/v2\/comments?post=75"}],"version-history":[{"count":6,"href":"\/narcismonturiol2026\/wp-json\/wp\/v2\/posts\/75\/revisions"}],"predecessor-version":[{"id":172,"href":"\/narcismonturiol2026\/wp-json\/wp\/v2\/posts\/75\/revisions\/172"}],"wp:attachment":[{"href":"\/narcismonturiol2026\/wp-json\/wp\/v2\/media?parent=75"}],"wp:term":[{"taxonomy":"category","embeddable":true,"href":"\/narcismonturiol2026\/wp-json\/wp\/v2\/categories?post=75"},{"taxonomy":"post_tag","embeddable":true,"href":"\/narcismonturiol2026\/wp-json\/wp\/v2\/tags?post=75"}],"curies":[{"name":"wp","href":"https:\/\/api.w.org\/{rel}","templated":true}]}}