{"id":320,"date":"2023-12-05T12:35:02","date_gmt":"2023-12-05T10:35:02","guid":{"rendered":"https:\/\/blocsenresidencia.bcn.cat\/noubarris2024\/?p=320"},"modified":"2023-12-05T12:46:21","modified_gmt":"2023-12-05T10:46:21","slug":"visita-a-la-fabra-i-coats","status":"publish","type":"post","link":"https:\/\/blocsenresidencia.bcn.cat\/noubarris2024\/visita-a-la-fabra-i-coats\/","title":{"rendered":"Visita a la Fabra i Coats"},"content":{"rendered":"\n<p class=\"wp-block-paragraph\">Vam anar a la Fabra i Coats i ens van fer una visita guiada per la f\u00e0brica. Vam comen\u00e7ar a la planta baixa davant d&#8217;un mur on hi havia imatges, v\u00eddeos i estava decorat amb una trama feta de fils de colors, ens van explicar la hist\u00f2ria de l&#8217;edifici: d&#8217;una antiga f\u00e0brica de fils.<\/p>\n\n\n\n<p class=\"wp-block-paragraph\">Despr\u00e9s vam anar a veure l&#8217;estudi d\u2019en Biel i ens van fer la proposta de qu\u00e8 fessin un dibuix del seu estudi.<\/p>\n\n\n\n<p class=\"wp-block-paragraph\">Finalment vam veure una exposici\u00f3 de David Bestu\u00e9, \u00abLa ciutat de sorra\u00bb que estava disposada en 3 plantes.<\/p>\n\n\n\n<p class=\"wp-block-paragraph\">L&#8217;exposici\u00f3 mostrava diferents aspectes de Barcelona, com els materials dels quals est\u00e0 feta, de com va cr\u00e9ixer la ciutat i com ha canviat el seu aspecte, des del 1992 es van comen\u00e7ar a fer moltes coses i es va anar transformant. A partir de les olimp\u00edades la ciutat va canviar profundament. <\/p>\n\n\n\n<p class=\"wp-block-paragraph\">Vam veure maquetes de Barcelona i ens va cridar l\u2019atenci\u00f3 una vitrina que mostrava la remodelaci\u00f3 de la Via J\u00falia, molt a prop d\u2019on \u00e9s el nostre institut. Ens va fer molta il\u00b7lusi\u00f3 recon\u00e8ixer el lloc.<\/p>\n\n\n\n<figure class=\"wp-block-gallery has-nested-images columns-default is-cropped wp-block-gallery-1 is-layout-flex wp-block-gallery-is-layout-flex\">\n<figure class=\"wp-block-image size-large\"><img loading=\"lazy\" decoding=\"async\" width=\"800\" height=\"533\" data-id=\"335\" src=\"https:\/\/blocsenresidencia.bcn.cat\/noubarris2024\/wp-content\/uploads\/2023\/12\/3.-Visita-Fabra-i-Coats-7-2.jpg\" alt=\"\" class=\"wp-image-335\" srcset=\"https:\/\/blocsenresidencia.bcn.cat\/noubarris2024\/wp-content\/uploads\/2023\/12\/3.-Visita-Fabra-i-Coats-7-2.jpg 800w, https:\/\/blocsenresidencia.bcn.cat\/noubarris2024\/wp-content\/uploads\/2023\/12\/3.-Visita-Fabra-i-Coats-7-2-300x200.jpg 300w, https:\/\/blocsenresidencia.bcn.cat\/noubarris2024\/wp-content\/uploads\/2023\/12\/3.-Visita-Fabra-i-Coats-7-2-768x512.jpg 768w\" sizes=\"auto, (max-width: 767px) 89vw, (max-width: 1000px) 54vw, (max-width: 1071px) 543px, 580px\" \/><\/figure>\n\n\n\n<figure class=\"wp-block-image size-large\"><img loading=\"lazy\" decoding=\"async\" width=\"800\" height=\"533\" data-id=\"336\" src=\"https:\/\/blocsenresidencia.bcn.cat\/noubarris2024\/wp-content\/uploads\/2023\/12\/3.-Visita-Fabra-i-Coats-6-2.jpg\" alt=\"\" class=\"wp-image-336\" srcset=\"https:\/\/blocsenresidencia.bcn.cat\/noubarris2024\/wp-content\/uploads\/2023\/12\/3.-Visita-Fabra-i-Coats-6-2.jpg 800w, https:\/\/blocsenresidencia.bcn.cat\/noubarris2024\/wp-content\/uploads\/2023\/12\/3.-Visita-Fabra-i-Coats-6-2-300x200.jpg 300w, https:\/\/blocsenresidencia.bcn.cat\/noubarris2024\/wp-content\/uploads\/2023\/12\/3.-Visita-Fabra-i-Coats-6-2-768x512.jpg 768w\" sizes=\"auto, (max-width: 767px) 89vw, (max-width: 1000px) 54vw, (max-width: 1071px) 543px, 580px\" \/><\/figure>\n\n\n\n<figure class=\"wp-block-image size-large\"><img loading=\"lazy\" decoding=\"async\" width=\"800\" height=\"533\" data-id=\"338\" src=\"https:\/\/blocsenresidencia.bcn.cat\/noubarris2024\/wp-content\/uploads\/2023\/12\/3.-Visita-Fabra-i-Coats-5-2.jpg\" alt=\"\" class=\"wp-image-338\" srcset=\"https:\/\/blocsenresidencia.bcn.cat\/noubarris2024\/wp-content\/uploads\/2023\/12\/3.-Visita-Fabra-i-Coats-5-2.jpg 800w, https:\/\/blocsenresidencia.bcn.cat\/noubarris2024\/wp-content\/uploads\/2023\/12\/3.-Visita-Fabra-i-Coats-5-2-300x200.jpg 300w, https:\/\/blocsenresidencia.bcn.cat\/noubarris2024\/wp-content\/uploads\/2023\/12\/3.-Visita-Fabra-i-Coats-5-2-768x512.jpg 768w\" sizes=\"auto, (max-width: 767px) 89vw, (max-width: 1000px) 54vw, (max-width: 1071px) 543px, 580px\" \/><\/figure>\n\n\n\n<figure class=\"wp-block-image size-large\"><img loading=\"lazy\" decoding=\"async\" width=\"800\" height=\"533\" data-id=\"339\" src=\"https:\/\/blocsenresidencia.bcn.cat\/noubarris2024\/wp-content\/uploads\/2023\/12\/3.-Visita-Fabra-i-Coats-1-2.jpg\" alt=\"\" class=\"wp-image-339\" srcset=\"https:\/\/blocsenresidencia.bcn.cat\/noubarris2024\/wp-content\/uploads\/2023\/12\/3.-Visita-Fabra-i-Coats-1-2.jpg 800w, https:\/\/blocsenresidencia.bcn.cat\/noubarris2024\/wp-content\/uploads\/2023\/12\/3.-Visita-Fabra-i-Coats-1-2-300x200.jpg 300w, https:\/\/blocsenresidencia.bcn.cat\/noubarris2024\/wp-content\/uploads\/2023\/12\/3.-Visita-Fabra-i-Coats-1-2-768x512.jpg 768w\" sizes=\"auto, (max-width: 767px) 89vw, (max-width: 1000px) 54vw, (max-width: 1071px) 543px, 580px\" \/><\/figure>\n\n\n\n<figure class=\"wp-block-image size-large\"><img loading=\"lazy\" decoding=\"async\" width=\"800\" height=\"533\" data-id=\"341\" src=\"https:\/\/blocsenresidencia.bcn.cat\/noubarris2024\/wp-content\/uploads\/2023\/12\/3.-Visita-Fabra-i-Coats-4-2.jpg\" alt=\"\" class=\"wp-image-341\" srcset=\"https:\/\/blocsenresidencia.bcn.cat\/noubarris2024\/wp-content\/uploads\/2023\/12\/3.-Visita-Fabra-i-Coats-4-2.jpg 800w, https:\/\/blocsenresidencia.bcn.cat\/noubarris2024\/wp-content\/uploads\/2023\/12\/3.-Visita-Fabra-i-Coats-4-2-300x200.jpg 300w, https:\/\/blocsenresidencia.bcn.cat\/noubarris2024\/wp-content\/uploads\/2023\/12\/3.-Visita-Fabra-i-Coats-4-2-768x512.jpg 768w\" sizes=\"auto, (max-width: 767px) 89vw, (max-width: 1000px) 54vw, (max-width: 1071px) 543px, 580px\" \/><\/figure>\n\n\n\n<figure class=\"wp-block-image size-large\"><img loading=\"lazy\" decoding=\"async\" width=\"800\" height=\"533\" data-id=\"340\" src=\"https:\/\/blocsenresidencia.bcn.cat\/noubarris2024\/wp-content\/uploads\/2023\/12\/3.-Visita-Fabra-i-Coats-2-2.jpg\" alt=\"\" class=\"wp-image-340\" srcset=\"https:\/\/blocsenresidencia.bcn.cat\/noubarris2024\/wp-content\/uploads\/2023\/12\/3.-Visita-Fabra-i-Coats-2-2.jpg 800w, https:\/\/blocsenresidencia.bcn.cat\/noubarris2024\/wp-content\/uploads\/2023\/12\/3.-Visita-Fabra-i-Coats-2-2-300x200.jpg 300w, https:\/\/blocsenresidencia.bcn.cat\/noubarris2024\/wp-content\/uploads\/2023\/12\/3.-Visita-Fabra-i-Coats-2-2-768x512.jpg 768w\" sizes=\"auto, (max-width: 767px) 89vw, (max-width: 1000px) 54vw, (max-width: 1071px) 543px, 580px\" \/><\/figure>\n\n\n\n<figure class=\"wp-block-image size-large\"><img loading=\"lazy\" decoding=\"async\" width=\"800\" height=\"533\" data-id=\"337\" src=\"https:\/\/blocsenresidencia.bcn.cat\/noubarris2024\/wp-content\/uploads\/2023\/12\/3.-Visita-Fabra-i-Coats-3-2.jpg\" alt=\"\" class=\"wp-image-337\" srcset=\"https:\/\/blocsenresidencia.bcn.cat\/noubarris2024\/wp-content\/uploads\/2023\/12\/3.-Visita-Fabra-i-Coats-3-2.jpg 800w, https:\/\/blocsenresidencia.bcn.cat\/noubarris2024\/wp-content\/uploads\/2023\/12\/3.-Visita-Fabra-i-Coats-3-2-300x200.jpg 300w, https:\/\/blocsenresidencia.bcn.cat\/noubarris2024\/wp-content\/uploads\/2023\/12\/3.-Visita-Fabra-i-Coats-3-2-768x512.jpg 768w\" sizes=\"auto, (max-width: 767px) 89vw, (max-width: 1000px) 54vw, (max-width: 1071px) 543px, 580px\" \/><\/figure>\n<\/figure>\n","protected":false},"excerpt":{"rendered":"<p>Vam anar a la Fabra i Coats i ens van fer una visita guiada per la f\u00e0brica. Vam comen\u00e7ar a la planta baixa davant d&#8217;un mur on hi havia imatges, v\u00eddeos i estava decorat amb una trama feta de fils de colors, ens van explicar la hist\u00f2ria de l&#8217;edifici: d&#8217;una antiga f\u00e0brica de fils. Despr\u00e9s &hellip; <\/p>\n<p class=\"link-more\"><a href=\"https:\/\/blocsenresidencia.bcn.cat\/noubarris2024\/visita-a-la-fabra-i-coats\/\" class=\"more-link\">Continua llegint <span class=\"screen-reader-text\">\u00abVisita a la Fabra i Coats\u00bb<\/span><\/a><\/p>\n","protected":false},"author":8,"featured_media":0,"comment_status":"open","ping_status":"open","sticky":false,"template":"","format":"standard","meta":{"footnotes":""},"categories":[1],"tags":[],"class_list":["post-320","post","type-post","status-publish","format-standard","hentry","category-general"],"_links":{"self":[{"href":"https:\/\/blocsenresidencia.bcn.cat\/noubarris2024\/wp-json\/wp\/v2\/posts\/320","targetHints":{"allow":["GET"]}}],"collection":[{"href":"https:\/\/blocsenresidencia.bcn.cat\/noubarris2024\/wp-json\/wp\/v2\/posts"}],"about":[{"href":"https:\/\/blocsenresidencia.bcn.cat\/noubarris2024\/wp-json\/wp\/v2\/types\/post"}],"author":[{"embeddable":true,"href":"https:\/\/blocsenresidencia.bcn.cat\/noubarris2024\/wp-json\/wp\/v2\/users\/8"}],"replies":[{"embeddable":true,"href":"https:\/\/blocsenresidencia.bcn.cat\/noubarris2024\/wp-json\/wp\/v2\/comments?post=320"}],"version-history":[{"count":2,"href":"https:\/\/blocsenresidencia.bcn.cat\/noubarris2024\/wp-json\/wp\/v2\/posts\/320\/revisions"}],"predecessor-version":[{"id":356,"href":"https:\/\/blocsenresidencia.bcn.cat\/noubarris2024\/wp-json\/wp\/v2\/posts\/320\/revisions\/356"}],"wp:attachment":[{"href":"https:\/\/blocsenresidencia.bcn.cat\/noubarris2024\/wp-json\/wp\/v2\/media?parent=320"}],"wp:term":[{"taxonomy":"category","embeddable":true,"href":"https:\/\/blocsenresidencia.bcn.cat\/noubarris2024\/wp-json\/wp\/v2\/categories?post=320"},{"taxonomy":"post_tag","embeddable":true,"href":"https:\/\/blocsenresidencia.bcn.cat\/noubarris2024\/wp-json\/wp\/v2\/tags?post=320"}],"curies":[{"name":"wp","href":"https:\/\/api.w.org\/{rel}","templated":true}]}}