{"id":527,"date":"2024-06-26T13:38:48","date_gmt":"2024-06-26T11:38:48","guid":{"rendered":"https:\/\/blocsenresidencia.bcn.cat\/noubarris2024\/?p=527"},"modified":"2024-06-26T13:42:13","modified_gmt":"2024-06-26T11:42:13","slug":"presentacio-de-laula-portatil-a-la-fabra-i-coats","status":"publish","type":"post","link":"https:\/\/blocsenresidencia.bcn.cat\/noubarris2024\/presentacio-de-laula-portatil-a-la-fabra-i-coats\/","title":{"rendered":"Presentaci\u00f3 de l&#8217;Aula port\u00e0til"},"content":{"rendered":"<p>El projecte s&#8217;ha presentat el dimarts 11 de juny a la tarda a la Fabra i Coats, en el marc de la trobada de l\u2019Orxata d\u2019EN RESiD\u00c8NCiA, juntament amb la presentaci\u00f3 del grup de l\u2019Institut Sagrera Sant Andreu acompanyat per la Tatiana Donoso. El grup d\u2019alumnes, juntament amb en Biel Llin\u00e0s i les dues professores, han presentat i compartit el proc\u00e9s de creaci\u00f3. La presentaci\u00f3 es composa de l\u2019aula port\u00e0til estesa a terra, amb les llibretes de les alumnes exposades a sobre, i una projecci\u00f3 en gran de les fotografies del proc\u00e9s, aix\u00ed com una taula amb les publicacions que recullen el material del proc\u00e9s, perqu\u00e8 el p\u00fablic les consulti i en pugui agafar. Entre dues columnes al fons de la sala, s\u2019exposen els fulls d\u2019una de les publicacions sencera, que despr\u00e9s de la presentaci\u00f3 poden consultar els assistents.<\/p>\n<p>A la presentaci\u00f3 han vingut familiars i amics dels alumnes i d\u2019en Biel, aix\u00ed com responsables del programa i persones vinculades amb la cultura, i tamb\u00e9 l\u2019Isidre Ramos de l\u2019associaci\u00f3 de ve\u00efns de La Prosperitat. Ha estat una presentaci\u00f3 molt agradable i profitosa, en la qual hem pogut intercanviar impressions amb l&#8217;altre grup d&#8217;EN RESiD\u00c8NCiA que presentava el seu projecte, i ha estat especialment interessant poder compartir les reflexions a partir d&#8217;un proc\u00e9s tan experiencial com aquest.<\/p>\n<p><img loading=\"lazy\" decoding=\"async\" class=\"aligncenter size-large wp-image-532\" src=\"https:\/\/blocsenresidencia.bcn.cat\/noubarris2024\/wp-content\/uploads\/2024\/06\/240611_Presentacio-Final_60-1024x683.jpg\" alt=\"\" width=\"525\" height=\"350\" srcset=\"https:\/\/blocsenresidencia.bcn.cat\/noubarris2024\/wp-content\/uploads\/2024\/06\/240611_Presentacio-Final_60-1024x683.jpg 1024w, https:\/\/blocsenresidencia.bcn.cat\/noubarris2024\/wp-content\/uploads\/2024\/06\/240611_Presentacio-Final_60-300x200.jpg 300w, https:\/\/blocsenresidencia.bcn.cat\/noubarris2024\/wp-content\/uploads\/2024\/06\/240611_Presentacio-Final_60-768x512.jpg 768w, https:\/\/blocsenresidencia.bcn.cat\/noubarris2024\/wp-content\/uploads\/2024\/06\/240611_Presentacio-Final_60-1536x1024.jpg 1536w, https:\/\/blocsenresidencia.bcn.cat\/noubarris2024\/wp-content\/uploads\/2024\/06\/240611_Presentacio-Final_60-2048x1365.jpg 2048w\" sizes=\"auto, (max-width: 525px) 100vw, 525px\" \/><\/p>\n<div id='gallery-1' class='gallery galleryid-527 gallery-columns-3 gallery-size-large'><figure class='gallery-item'>\n\t\t\t<div class='gallery-icon landscape'>\n\t\t\t\t<a href='https:\/\/blocsenresidencia.bcn.cat\/noubarris2024\/presentacio-de-laula-portatil-a-la-fabra-i-coats\/240611_presentacio-final_01-3\/'><img loading=\"lazy\" decoding=\"async\" width=\"525\" height=\"350\" src=\"https:\/\/blocsenresidencia.bcn.cat\/noubarris2024\/wp-content\/uploads\/2024\/06\/240611_Presentacio-Final_01-2-1024x683.jpg\" class=\"attachment-large size-large\" alt=\"\" srcset=\"https:\/\/blocsenresidencia.bcn.cat\/noubarris2024\/wp-content\/uploads\/2024\/06\/240611_Presentacio-Final_01-2-1024x683.jpg 1024w, https:\/\/blocsenresidencia.bcn.cat\/noubarris2024\/wp-content\/uploads\/2024\/06\/240611_Presentacio-Final_01-2-300x200.jpg 300w, https:\/\/blocsenresidencia.bcn.cat\/noubarris2024\/wp-content\/uploads\/2024\/06\/240611_Presentacio-Final_01-2-768x512.jpg 768w, https:\/\/blocsenresidencia.bcn.cat\/noubarris2024\/wp-content\/uploads\/2024\/06\/240611_Presentacio-Final_01-2-1536x1024.jpg 1536w, https:\/\/blocsenresidencia.bcn.cat\/noubarris2024\/wp-content\/uploads\/2024\/06\/240611_Presentacio-Final_01-2-2048x1365.jpg 2048w\" sizes=\"auto, 100vw\" \/><\/a>\n\t\t\t<\/div><\/figure><figure class='gallery-item'>\n\t\t\t<div class='gallery-icon landscape'>\n\t\t\t\t<a href='https:\/\/blocsenresidencia.bcn.cat\/noubarris2024\/presentacio-de-laula-portatil-a-la-fabra-i-coats\/240611_presentacio-final_92-2\/'><img loading=\"lazy\" decoding=\"async\" width=\"525\" height=\"350\" src=\"https:\/\/blocsenresidencia.bcn.cat\/noubarris2024\/wp-content\/uploads\/2024\/06\/240611_Presentacio-Final_92-1-1024x683.jpg\" class=\"attachment-large size-large\" alt=\"\" srcset=\"https:\/\/blocsenresidencia.bcn.cat\/noubarris2024\/wp-content\/uploads\/2024\/06\/240611_Presentacio-Final_92-1-1024x683.jpg 1024w, https:\/\/blocsenresidencia.bcn.cat\/noubarris2024\/wp-content\/uploads\/2024\/06\/240611_Presentacio-Final_92-1-300x200.jpg 300w, https:\/\/blocsenresidencia.bcn.cat\/noubarris2024\/wp-content\/uploads\/2024\/06\/240611_Presentacio-Final_92-1-768x512.jpg 768w, https:\/\/blocsenresidencia.bcn.cat\/noubarris2024\/wp-content\/uploads\/2024\/06\/240611_Presentacio-Final_92-1-1536x1024.jpg 1536w, https:\/\/blocsenresidencia.bcn.cat\/noubarris2024\/wp-content\/uploads\/2024\/06\/240611_Presentacio-Final_92-1-2048x1365.jpg 2048w\" sizes=\"auto, 100vw\" \/><\/a>\n\t\t\t<\/div><\/figure><figure class='gallery-item'>\n\t\t\t<div class='gallery-icon landscape'>\n\t\t\t\t<a href='https:\/\/blocsenresidencia.bcn.cat\/noubarris2024\/presentacio-de-laula-portatil-a-la-fabra-i-coats\/240611_presentacio-final_77\/'><img loading=\"lazy\" decoding=\"async\" width=\"525\" height=\"350\" src=\"https:\/\/blocsenresidencia.bcn.cat\/noubarris2024\/wp-content\/uploads\/2024\/06\/240611_Presentacio-Final_77-1024x683.jpg\" class=\"attachment-large size-large\" alt=\"\" srcset=\"https:\/\/blocsenresidencia.bcn.cat\/noubarris2024\/wp-content\/uploads\/2024\/06\/240611_Presentacio-Final_77-1024x683.jpg 1024w, https:\/\/blocsenresidencia.bcn.cat\/noubarris2024\/wp-content\/uploads\/2024\/06\/240611_Presentacio-Final_77-300x200.jpg 300w, https:\/\/blocsenresidencia.bcn.cat\/noubarris2024\/wp-content\/uploads\/2024\/06\/240611_Presentacio-Final_77-768x512.jpg 768w, https:\/\/blocsenresidencia.bcn.cat\/noubarris2024\/wp-content\/uploads\/2024\/06\/240611_Presentacio-Final_77-1536x1024.jpg 1536w, https:\/\/blocsenresidencia.bcn.cat\/noubarris2024\/wp-content\/uploads\/2024\/06\/240611_Presentacio-Final_77-2048x1365.jpg 2048w\" sizes=\"auto, 100vw\" \/><\/a>\n\t\t\t<\/div><\/figure><figure class='gallery-item'>\n\t\t\t<div class='gallery-icon landscape'>\n\t\t\t\t<a href='https:\/\/blocsenresidencia.bcn.cat\/noubarris2024\/presentacio-de-laula-portatil-a-la-fabra-i-coats\/240611_presentacio-final_68\/'><img loading=\"lazy\" decoding=\"async\" width=\"525\" height=\"350\" src=\"https:\/\/blocsenresidencia.bcn.cat\/noubarris2024\/wp-content\/uploads\/2024\/06\/240611_Presentacio-Final_68-1024x683.jpg\" class=\"attachment-large size-large\" alt=\"\" srcset=\"https:\/\/blocsenresidencia.bcn.cat\/noubarris2024\/wp-content\/uploads\/2024\/06\/240611_Presentacio-Final_68-1024x683.jpg 1024w, https:\/\/blocsenresidencia.bcn.cat\/noubarris2024\/wp-content\/uploads\/2024\/06\/240611_Presentacio-Final_68-300x200.jpg 300w, https:\/\/blocsenresidencia.bcn.cat\/noubarris2024\/wp-content\/uploads\/2024\/06\/240611_Presentacio-Final_68-768x512.jpg 768w, https:\/\/blocsenresidencia.bcn.cat\/noubarris2024\/wp-content\/uploads\/2024\/06\/240611_Presentacio-Final_68-1536x1024.jpg 1536w, https:\/\/blocsenresidencia.bcn.cat\/noubarris2024\/wp-content\/uploads\/2024\/06\/240611_Presentacio-Final_68-2048x1365.jpg 2048w\" sizes=\"auto, 100vw\" \/><\/a>\n\t\t\t<\/div><\/figure><figure class='gallery-item'>\n\t\t\t<div class='gallery-icon landscape'>\n\t\t\t\t<a href='https:\/\/blocsenresidencia.bcn.cat\/noubarris2024\/presentacio-de-laula-portatil-a-la-fabra-i-coats\/240611_presentacio-final_60-2\/'><img loading=\"lazy\" decoding=\"async\" width=\"525\" height=\"350\" src=\"https:\/\/blocsenresidencia.bcn.cat\/noubarris2024\/wp-content\/uploads\/2024\/06\/240611_Presentacio-Final_60-1-1024x683.jpg\" class=\"attachment-large size-large\" alt=\"\" srcset=\"https:\/\/blocsenresidencia.bcn.cat\/noubarris2024\/wp-content\/uploads\/2024\/06\/240611_Presentacio-Final_60-1-1024x683.jpg 1024w, https:\/\/blocsenresidencia.bcn.cat\/noubarris2024\/wp-content\/uploads\/2024\/06\/240611_Presentacio-Final_60-1-300x200.jpg 300w, https:\/\/blocsenresidencia.bcn.cat\/noubarris2024\/wp-content\/uploads\/2024\/06\/240611_Presentacio-Final_60-1-768x512.jpg 768w, https:\/\/blocsenresidencia.bcn.cat\/noubarris2024\/wp-content\/uploads\/2024\/06\/240611_Presentacio-Final_60-1-1536x1024.jpg 1536w, https:\/\/blocsenresidencia.bcn.cat\/noubarris2024\/wp-content\/uploads\/2024\/06\/240611_Presentacio-Final_60-1-2048x1365.jpg 2048w\" sizes=\"auto, 100vw\" \/><\/a>\n\t\t\t<\/div><\/figure><figure class='gallery-item'>\n\t\t\t<div class='gallery-icon landscape'>\n\t\t\t\t<a href='https:\/\/blocsenresidencia.bcn.cat\/noubarris2024\/presentacio-de-laula-portatil-a-la-fabra-i-coats\/240611_presentacio-final_26-3\/'><img loading=\"lazy\" decoding=\"async\" width=\"525\" height=\"350\" src=\"https:\/\/blocsenresidencia.bcn.cat\/noubarris2024\/wp-content\/uploads\/2024\/06\/240611_Presentacio-Final_26-2-1024x683.jpg\" class=\"attachment-large size-large\" alt=\"\" srcset=\"https:\/\/blocsenresidencia.bcn.cat\/noubarris2024\/wp-content\/uploads\/2024\/06\/240611_Presentacio-Final_26-2-1024x683.jpg 1024w, https:\/\/blocsenresidencia.bcn.cat\/noubarris2024\/wp-content\/uploads\/2024\/06\/240611_Presentacio-Final_26-2-300x200.jpg 300w, https:\/\/blocsenresidencia.bcn.cat\/noubarris2024\/wp-content\/uploads\/2024\/06\/240611_Presentacio-Final_26-2-768x512.jpg 768w, https:\/\/blocsenresidencia.bcn.cat\/noubarris2024\/wp-content\/uploads\/2024\/06\/240611_Presentacio-Final_26-2-1536x1024.jpg 1536w, https:\/\/blocsenresidencia.bcn.cat\/noubarris2024\/wp-content\/uploads\/2024\/06\/240611_Presentacio-Final_26-2-2048x1365.jpg 2048w\" sizes=\"auto, 100vw\" \/><\/a>\n\t\t\t<\/div><\/figure>\n\t\t<\/div>\n\n<p>&nbsp;<\/p>\n","protected":false},"excerpt":{"rendered":"<p>El projecte s&#8217;ha presentat el dimarts 11 de juny a la tarda a la Fabra i Coats, en el marc de la trobada de l\u2019Orxata d\u2019EN RESiD\u00c8NCiA, juntament amb la presentaci\u00f3 del grup de l\u2019Institut Sagrera Sant Andreu acompanyat per la Tatiana Donoso. El grup d\u2019alumnes, juntament amb en Biel Llin\u00e0s i les dues professores, &hellip; <\/p>\n<p class=\"link-more\"><a href=\"https:\/\/blocsenresidencia.bcn.cat\/noubarris2024\/presentacio-de-laula-portatil-a-la-fabra-i-coats\/\" class=\"more-link\">Continua llegint <span class=\"screen-reader-text\">\u00abPresentaci\u00f3 de l&#8217;Aula port\u00e0til\u00bb<\/span><\/a><\/p>\n","protected":false},"author":8,"featured_media":0,"comment_status":"open","ping_status":"open","sticky":false,"template":"","format":"standard","meta":{"footnotes":""},"categories":[1],"tags":[],"class_list":["post-527","post","type-post","status-publish","format-standard","hentry","category-general"],"_links":{"self":[{"href":"https:\/\/blocsenresidencia.bcn.cat\/noubarris2024\/wp-json\/wp\/v2\/posts\/527","targetHints":{"allow":["GET"]}}],"collection":[{"href":"https:\/\/blocsenresidencia.bcn.cat\/noubarris2024\/wp-json\/wp\/v2\/posts"}],"about":[{"href":"https:\/\/blocsenresidencia.bcn.cat\/noubarris2024\/wp-json\/wp\/v2\/types\/post"}],"author":[{"embeddable":true,"href":"https:\/\/blocsenresidencia.bcn.cat\/noubarris2024\/wp-json\/wp\/v2\/users\/8"}],"replies":[{"embeddable":true,"href":"https:\/\/blocsenresidencia.bcn.cat\/noubarris2024\/wp-json\/wp\/v2\/comments?post=527"}],"version-history":[{"count":6,"href":"https:\/\/blocsenresidencia.bcn.cat\/noubarris2024\/wp-json\/wp\/v2\/posts\/527\/revisions"}],"predecessor-version":[{"id":550,"href":"https:\/\/blocsenresidencia.bcn.cat\/noubarris2024\/wp-json\/wp\/v2\/posts\/527\/revisions\/550"}],"wp:attachment":[{"href":"https:\/\/blocsenresidencia.bcn.cat\/noubarris2024\/wp-json\/wp\/v2\/media?parent=527"}],"wp:term":[{"taxonomy":"category","embeddable":true,"href":"https:\/\/blocsenresidencia.bcn.cat\/noubarris2024\/wp-json\/wp\/v2\/categories?post=527"},{"taxonomy":"post_tag","embeddable":true,"href":"https:\/\/blocsenresidencia.bcn.cat\/noubarris2024\/wp-json\/wp\/v2\/tags?post=527"}],"curies":[{"name":"wp","href":"https:\/\/api.w.org\/{rel}","templated":true}]}}