{"id":413,"date":"2024-12-10T11:15:44","date_gmt":"2024-12-10T09:15:44","guid":{"rendered":"\/pauclaris2025\/?p=413"},"modified":"2024-12-10T11:17:37","modified_gmt":"2024-12-10T09:17:37","slug":"cartes-a-la-laia","status":"publish","type":"post","link":"\/pauclaris2025\/cartes-a-la-laia\/","title":{"rendered":"Cartes a la Laia"},"content":{"rendered":"\n<p class=\"wp-block-paragraph\">L&#8217;activitat va sorgir com una resposta a la situaci\u00f3 que va viure l\u2019artista que ens acompanya, la Laia. A causa d&#8217;una caiguda per les escales del metro, no va poder assistir a classe i va haver de romandre en rep\u00f2s. Durant aquest temps, ens va enviar una carta reflexionant sobre la seva convalesc\u00e8ncia. En el seu missatge, ens va mostrar com la contemplaci\u00f3 d&#8217;un arbre des de la finestra la va inspirar a pintar amb aquarel\u00b7les, a crear il\u00b7lustracions amb tinta xinesa i a escriure un haiku.<\/p>\n\n\n\n<p class=\"wp-block-paragraph\">Especialment ens va agradar la part dels haikus, que ens van semblar interessants perqu\u00e8 s\u00f3n poemes curts japonesos de tres versos (5, 7 i 5 s\u00edl\u00b7labes) que capturen la bellesa i la contemplaci\u00f3 de la natura. El haiku de la Laia deia:&nbsp;<\/p>\n\n\n\n<p class=\"has-text-align-center wp-block-paragraph\"><em>\u201cConvalesc\u00e8ncia<\/em><em><br><\/em><em>per\u00edode de rep\u00f2s<\/em><em><br><\/em><em>l\u2019art de la cura\u201d<\/em><\/p>\n\n\n\n<p class=\"wp-block-paragraph\">Ens va convidar, doncs, a compartir les nostres idees, reflexions i dibuixos inspirats tant en la seva carta com en les nostres pr\u00f2pies experi\u00e8ncies durant una sortida recent en la qual vam treballar amb aquarel\u00b7les, explorant el barri. Vam fer cartes, dibuixos i haikus que representen el que ens va transmetre el missatge de la Laia. Cadasc\u00fa va tenir la llibertat d&#8217;escollir la seva forma d&#8217;expressi\u00f3: alguns van escriure textos reflexius, altres van fer dibuixos relacionats amb la natura, i altres van afegir haikus inspirats en les emocions i els pensaments que van sorgir de l&#8217;activitat.&nbsp;<\/p>\n\n\n\n<p class=\"wp-block-paragraph\">A continuaci\u00f3, s&#8217;hi inclouen exemples dels treballs realitzats per representar la nostra connexi\u00f3 amb les idees que la Laia va compartir i mostrar el nostre agra\u00efment per la seva carta.<\/p>\n\n\n\n<figure class=\"wp-block-image size-full\"><img loading=\"lazy\" decoding=\"async\" width=\"1037\" height=\"641\" src=\"\/pauclaris2025\/wp-content\/uploads\/2024\/12\/IMG_0036.jpg\" alt=\"\" class=\"wp-image-415\" title=\"El haiku de la Laia.\" srcset=\"\/pauclaris2025\/wp-content\/uploads\/2024\/12\/IMG_0036.jpg 1037w, \/pauclaris2025\/wp-content\/uploads\/2024\/12\/IMG_0036-300x185.jpg 300w, \/pauclaris2025\/wp-content\/uploads\/2024\/12\/IMG_0036-1024x633.jpg 1024w, \/pauclaris2025\/wp-content\/uploads\/2024\/12\/IMG_0036-768x475.jpg 768w\" sizes=\"auto, (max-width: 767px) 89vw, (max-width: 1000px) 54vw, (max-width: 1071px) 543px, 580px\" \/><figcaption class=\"wp-element-caption\">El haiku de la Laia.<\/figcaption><\/figure>\n\n\n\n<figure class=\"wp-block-gallery has-nested-images columns-default is-cropped wp-block-gallery-1 is-layout-flex wp-block-gallery-is-layout-flex\">\n<figure class=\"wp-block-image size-large\"><img loading=\"lazy\" decoding=\"async\" width=\"1024\" height=\"683\" data-id=\"416\" src=\"\/pauclaris2025\/wp-content\/uploads\/2024\/12\/IMG_6317-1024x683.jpg\" alt=\"\" class=\"wp-image-416\" srcset=\"\/pauclaris2025\/wp-content\/uploads\/2024\/12\/IMG_6317-1024x683.jpg 1024w, \/pauclaris2025\/wp-content\/uploads\/2024\/12\/IMG_6317-300x200.jpg 300w, \/pauclaris2025\/wp-content\/uploads\/2024\/12\/IMG_6317-768x512.jpg 768w, \/pauclaris2025\/wp-content\/uploads\/2024\/12\/IMG_6317-1536x1024.jpg 1536w, \/pauclaris2025\/wp-content\/uploads\/2024\/12\/IMG_6317-2048x1365.jpg 2048w\" sizes=\"auto, (max-width: 767px) 89vw, (max-width: 1000px) 54vw, (max-width: 1071px) 543px, 580px\" \/><figcaption class=\"wp-element-caption\">El dibuix del Juanjo inspirat en un bonsai japon\u00e8s i un missatge d&#8217;\u00e0nims a l&#8217;artista: \u00abAqu\u00ed tens un arbre, representa com la natura \u00e9s capa\u00e7 de fer cr\u00e9ixer o reparar qualsevol cosa.\u00bb<\/figcaption><\/figure>\n\n\n\n<figure class=\"wp-block-image size-large\"><img loading=\"lazy\" decoding=\"async\" width=\"1024\" height=\"683\" data-id=\"417\" src=\"\/pauclaris2025\/wp-content\/uploads\/2024\/12\/Copia-de-IMG_6315-1024x683.jpg\" alt=\"\" class=\"wp-image-417\" srcset=\"\/pauclaris2025\/wp-content\/uploads\/2024\/12\/Copia-de-IMG_6315-1024x683.jpg 1024w, \/pauclaris2025\/wp-content\/uploads\/2024\/12\/Copia-de-IMG_6315-300x200.jpg 300w, \/pauclaris2025\/wp-content\/uploads\/2024\/12\/Copia-de-IMG_6315-768x512.jpg 768w, \/pauclaris2025\/wp-content\/uploads\/2024\/12\/Copia-de-IMG_6315-1536x1024.jpg 1536w, \/pauclaris2025\/wp-content\/uploads\/2024\/12\/Copia-de-IMG_6315-2048x1365.jpg 2048w\" sizes=\"auto, (max-width: 767px) 89vw, (max-width: 1000px) 54vw, (max-width: 1071px) 543px, 580px\" \/><figcaption class=\"wp-element-caption\">El treball minimalista de l&#8217;Ant\u00f3n: \u00abSobrevivim amb el m\u00ednim.\u00bb<\/figcaption><\/figure>\n<\/figure>\n\n\n\n<figure class=\"wp-block-image size-large\"><img loading=\"lazy\" decoding=\"async\" width=\"1024\" height=\"683\" src=\"\/pauclaris2025\/wp-content\/uploads\/2024\/12\/Copia-de-IMG_6319-1-1024x683.jpg\" alt=\"\" class=\"wp-image-420\" srcset=\"\/pauclaris2025\/wp-content\/uploads\/2024\/12\/Copia-de-IMG_6319-1-1024x683.jpg 1024w, \/pauclaris2025\/wp-content\/uploads\/2024\/12\/Copia-de-IMG_6319-1-300x200.jpg 300w, \/pauclaris2025\/wp-content\/uploads\/2024\/12\/Copia-de-IMG_6319-1-768x512.jpg 768w, \/pauclaris2025\/wp-content\/uploads\/2024\/12\/Copia-de-IMG_6319-1-1536x1024.jpg 1536w, \/pauclaris2025\/wp-content\/uploads\/2024\/12\/Copia-de-IMG_6319-1-2048x1365.jpg 2048w\" sizes=\"auto, (max-width: 767px) 89vw, (max-width: 1000px) 54vw, (max-width: 1071px) 543px, 580px\" \/><figcaption class=\"wp-element-caption\">Aqu\u00ed el Waris dibuixant i escrivint un text po\u00e8tic, on la repetici\u00f3 ens transporta a la contemplaci\u00f3 del parc: \u201cUna foto del parc, el parc, el parc \u00e9s tan bonic\u2026i \u00e9s una gran font per con\u00e8ixer-nos&#8230;\u201d<\/figcaption><\/figure>\n\n\n\n<p class=\"wp-block-paragraph\"><\/p>\n","protected":false},"excerpt":{"rendered":"<p>L&#8217;activitat va sorgir com una resposta a la situaci\u00f3 que va viure l\u2019artista que ens acompanya, la Laia. A causa d&#8217;una caiguda per les escales del metro, no va poder assistir a classe i va haver de romandre en rep\u00f2s. Durant aquest temps, ens va enviar una carta reflexionant sobre la seva convalesc\u00e8ncia. En el &hellip; <\/p>\n<p class=\"link-more\"><a href=\"\/pauclaris2025\/cartes-a-la-laia\/\" class=\"more-link\">Continua llegint <span class=\"screen-reader-text\">\u00abCartes a la Laia\u00bb<\/span><\/a><\/p>\n","protected":false},"author":16,"featured_media":0,"comment_status":"open","ping_status":"open","sticky":false,"template":"","format":"standard","meta":{"footnotes":""},"categories":[1],"tags":[],"class_list":["post-413","post","type-post","status-publish","format-standard","hentry","category-general"],"_links":{"self":[{"href":"\/pauclaris2025\/wp-json\/wp\/v2\/posts\/413","targetHints":{"allow":["GET"]}}],"collection":[{"href":"\/pauclaris2025\/wp-json\/wp\/v2\/posts"}],"about":[{"href":"\/pauclaris2025\/wp-json\/wp\/v2\/types\/post"}],"author":[{"embeddable":true,"href":"\/pauclaris2025\/wp-json\/wp\/v2\/users\/16"}],"replies":[{"embeddable":true,"href":"\/pauclaris2025\/wp-json\/wp\/v2\/comments?post=413"}],"version-history":[{"count":3,"href":"\/pauclaris2025\/wp-json\/wp\/v2\/posts\/413\/revisions"}],"predecessor-version":[{"id":422,"href":"\/pauclaris2025\/wp-json\/wp\/v2\/posts\/413\/revisions\/422"}],"wp:attachment":[{"href":"\/pauclaris2025\/wp-json\/wp\/v2\/media?parent=413"}],"wp:term":[{"taxonomy":"category","embeddable":true,"href":"\/pauclaris2025\/wp-json\/wp\/v2\/categories?post=413"},{"taxonomy":"post_tag","embeddable":true,"href":"\/pauclaris2025\/wp-json\/wp\/v2\/tags?post=413"}],"curies":[{"name":"wp","href":"https:\/\/api.w.org\/{rel}","templated":true}]}}