{"id":423,"date":"2024-12-10T14:02:27","date_gmt":"2024-12-10T12:02:27","guid":{"rendered":"\/pauclaris2025\/?p=423"},"modified":"2024-12-10T14:02:27","modified_gmt":"2024-12-10T12:02:27","slug":"descobrim-el-nostre-voltant","status":"publish","type":"post","link":"\/pauclaris2025\/descobrim-el-nostre-voltant\/","title":{"rendered":"Descobrim el nostre voltant!"},"content":{"rendered":"\n<p class=\"wp-block-paragraph\">El 24 d\u2019octubre vam fer la nostra primera sortida pel barri, una oportunitat per observar i connectar amb l\u2019entorn proper. De cam\u00ed al Parc del Pou de la Figuera, ens vam fixar en els detalls del barri. Un cop al parc, cada alumne va explorar-lo i va plasmar en un dibuix la part que m\u00e9s li va agradar.<\/p>\n\n\n\n<p class=\"wp-block-paragraph\">Dues setmanes despr\u00e9s, el 7 de novembre, vam col\u00b7laborar amb l\u2019artista Laia Noal per visitar el Parc de l\u2019estaci\u00f3 del Nord. All\u00e0 vam aprofundir en l\u2019observaci\u00f3 art\u00edstica de l\u2019espai.<\/p>\n\n\n\n<p class=\"wp-block-paragraph\">Per tancar el recorregut, vam visitar el parc de la Ciutadella, un lloc emblem\u00e0tic on Picasso havia dibuixat en vida. Aquesta \u00faltima sortida ens va connectar amb el passat art\u00edstic de la ciutat i amb la mirada del mateix Picasso. A m\u00e9s a m\u00e9s, vam con\u00e8ixer l\u2019espai de l\u2019hivernacle (patrimoni de la ciutat de Barcelona des de fa m\u00e9s de 135 anys) que ha estat rehabilitat recentment.<\/p>\n\n\n\n<figure class=\"wp-block-image size-large\"><img loading=\"lazy\" decoding=\"async\" width=\"2560\" height=\"1919\" src=\"\/pauclaris2025\/wp-content\/uploads\/2024\/12\/Pou-de-la-Figuera-3-edited-scaled.jpg\" alt=\"\" class=\"wp-image-453\" srcset=\"\/pauclaris2025\/wp-content\/uploads\/2024\/12\/Pou-de-la-Figuera-3-edited-scaled.jpg 2560w, \/pauclaris2025\/wp-content\/uploads\/2024\/12\/Pou-de-la-Figuera-3-edited-300x225.jpg 300w, \/pauclaris2025\/wp-content\/uploads\/2024\/12\/Pou-de-la-Figuera-3-edited-1024x768.jpg 1024w, \/pauclaris2025\/wp-content\/uploads\/2024\/12\/Pou-de-la-Figuera-3-edited-768x576.jpg 768w, \/pauclaris2025\/wp-content\/uploads\/2024\/12\/Pou-de-la-Figuera-3-edited-1536x1152.jpg 1536w, \/pauclaris2025\/wp-content\/uploads\/2024\/12\/Pou-de-la-Figuera-3-edited-2048x1535.jpg 2048w\" sizes=\"auto, (max-width: 767px) 89vw, (max-width: 1000px) 54vw, (max-width: 1071px) 543px, 580px\" \/><\/figure>\n\n\n\n<figure class=\"wp-block-gallery has-nested-images columns-default is-cropped wp-block-gallery-1 is-layout-flex wp-block-gallery-is-layout-flex\">\n<figure class=\"wp-block-image size-large\"><img loading=\"lazy\" decoding=\"async\" width=\"1024\" height=\"683\" data-id=\"426\" src=\"\/pauclaris2025\/wp-content\/uploads\/2024\/12\/Parc-de-la-Ciutadella-3-1024x683.jpg\" alt=\"\" class=\"wp-image-426\" srcset=\"\/pauclaris2025\/wp-content\/uploads\/2024\/12\/Parc-de-la-Ciutadella-3-1024x683.jpg 1024w, \/pauclaris2025\/wp-content\/uploads\/2024\/12\/Parc-de-la-Ciutadella-3-300x200.jpg 300w, \/pauclaris2025\/wp-content\/uploads\/2024\/12\/Parc-de-la-Ciutadella-3-768x512.jpg 768w, \/pauclaris2025\/wp-content\/uploads\/2024\/12\/Parc-de-la-Ciutadella-3-1536x1024.jpg 1536w, \/pauclaris2025\/wp-content\/uploads\/2024\/12\/Parc-de-la-Ciutadella-3-2048x1365.jpg 2048w\" sizes=\"auto, (max-width: 767px) 89vw, (max-width: 1000px) 54vw, (max-width: 1071px) 543px, 580px\" \/><\/figure>\n\n\n\n<figure class=\"wp-block-image size-large\"><img loading=\"lazy\" decoding=\"async\" width=\"1024\" height=\"683\" data-id=\"427\" src=\"\/pauclaris2025\/wp-content\/uploads\/2024\/12\/Parc-de-la-Ciutadella-1024x683.jpg\" alt=\"\" class=\"wp-image-427\" srcset=\"\/pauclaris2025\/wp-content\/uploads\/2024\/12\/Parc-de-la-Ciutadella-1024x683.jpg 1024w, \/pauclaris2025\/wp-content\/uploads\/2024\/12\/Parc-de-la-Ciutadella-300x200.jpg 300w, \/pauclaris2025\/wp-content\/uploads\/2024\/12\/Parc-de-la-Ciutadella-768x512.jpg 768w, \/pauclaris2025\/wp-content\/uploads\/2024\/12\/Parc-de-la-Ciutadella-1536x1024.jpg 1536w, \/pauclaris2025\/wp-content\/uploads\/2024\/12\/Parc-de-la-Ciutadella-2048x1365.jpg 2048w\" sizes=\"auto, (max-width: 767px) 89vw, (max-width: 1000px) 54vw, (max-width: 1071px) 543px, 580px\" \/><\/figure>\n<\/figure>\n\n\n\n<figure class=\"wp-block-gallery has-nested-images columns-default is-cropped wp-block-gallery-2 is-layout-flex wp-block-gallery-is-layout-flex\">\n<figure class=\"wp-block-image size-large\"><img loading=\"lazy\" decoding=\"async\" width=\"1024\" height=\"683\" data-id=\"437\" src=\"\/pauclaris2025\/wp-content\/uploads\/2024\/12\/estacio-del-Nord-1-3-1024x683.jpg\" alt=\"\" class=\"wp-image-437\" srcset=\"\/pauclaris2025\/wp-content\/uploads\/2024\/12\/estacio-del-Nord-1-3-1024x683.jpg 1024w, \/pauclaris2025\/wp-content\/uploads\/2024\/12\/estacio-del-Nord-1-3-300x200.jpg 300w, \/pauclaris2025\/wp-content\/uploads\/2024\/12\/estacio-del-Nord-1-3-768x512.jpg 768w, \/pauclaris2025\/wp-content\/uploads\/2024\/12\/estacio-del-Nord-1-3-1536x1024.jpg 1536w, \/pauclaris2025\/wp-content\/uploads\/2024\/12\/estacio-del-Nord-1-3-2048x1365.jpg 2048w\" sizes=\"auto, (max-width: 767px) 89vw, (max-width: 1000px) 54vw, (max-width: 1071px) 543px, 580px\" \/><\/figure>\n\n\n\n<figure class=\"wp-block-image size-large\"><img loading=\"lazy\" decoding=\"async\" width=\"1024\" height=\"683\" data-id=\"438\" src=\"\/pauclaris2025\/wp-content\/uploads\/2024\/12\/Parc-de-la-Ciutadella-2-2-1024x683.jpg\" alt=\"\" class=\"wp-image-438\" srcset=\"\/pauclaris2025\/wp-content\/uploads\/2024\/12\/Parc-de-la-Ciutadella-2-2-1024x683.jpg 1024w, \/pauclaris2025\/wp-content\/uploads\/2024\/12\/Parc-de-la-Ciutadella-2-2-300x200.jpg 300w, \/pauclaris2025\/wp-content\/uploads\/2024\/12\/Parc-de-la-Ciutadella-2-2-768x512.jpg 768w, \/pauclaris2025\/wp-content\/uploads\/2024\/12\/Parc-de-la-Ciutadella-2-2-1536x1024.jpg 1536w, \/pauclaris2025\/wp-content\/uploads\/2024\/12\/Parc-de-la-Ciutadella-2-2-2048x1365.jpg 2048w\" sizes=\"auto, (max-width: 767px) 89vw, (max-width: 1000px) 54vw, (max-width: 1071px) 543px, 580px\" \/><\/figure>\n<\/figure>\n","protected":false},"excerpt":{"rendered":"<p>El 24 d\u2019octubre vam fer la nostra primera sortida pel barri, una oportunitat per observar i connectar amb l\u2019entorn proper. De cam\u00ed al Parc del Pou de la Figuera, ens vam fixar en els detalls del barri. Un cop al parc, cada alumne va explorar-lo i va plasmar en un dibuix la part que m\u00e9s &hellip; <\/p>\n<p class=\"link-more\"><a href=\"\/pauclaris2025\/descobrim-el-nostre-voltant\/\" class=\"more-link\">Continua llegint <span class=\"screen-reader-text\">\u00abDescobrim el nostre voltant!\u00bb<\/span><\/a><\/p>\n","protected":false},"author":16,"featured_media":0,"comment_status":"open","ping_status":"open","sticky":false,"template":"","format":"standard","meta":{"footnotes":""},"categories":[1],"tags":[],"class_list":["post-423","post","type-post","status-publish","format-standard","hentry","category-general"],"_links":{"self":[{"href":"\/pauclaris2025\/wp-json\/wp\/v2\/posts\/423","targetHints":{"allow":["GET"]}}],"collection":[{"href":"\/pauclaris2025\/wp-json\/wp\/v2\/posts"}],"about":[{"href":"\/pauclaris2025\/wp-json\/wp\/v2\/types\/post"}],"author":[{"embeddable":true,"href":"\/pauclaris2025\/wp-json\/wp\/v2\/users\/16"}],"replies":[{"embeddable":true,"href":"\/pauclaris2025\/wp-json\/wp\/v2\/comments?post=423"}],"version-history":[{"count":1,"href":"\/pauclaris2025\/wp-json\/wp\/v2\/posts\/423\/revisions"}],"predecessor-version":[{"id":454,"href":"\/pauclaris2025\/wp-json\/wp\/v2\/posts\/423\/revisions\/454"}],"wp:attachment":[{"href":"\/pauclaris2025\/wp-json\/wp\/v2\/media?parent=423"}],"wp:term":[{"taxonomy":"category","embeddable":true,"href":"\/pauclaris2025\/wp-json\/wp\/v2\/categories?post=423"},{"taxonomy":"post_tag","embeddable":true,"href":"\/pauclaris2025\/wp-json\/wp\/v2\/tags?post=423"}],"curies":[{"name":"wp","href":"https:\/\/api.w.org\/{rel}","templated":true}]}}