{"id":481,"date":"2025-01-09T15:27:26","date_gmt":"2025-01-09T13:27:26","guid":{"rendered":"\/pauclaris2025\/?p=481"},"modified":"2025-01-14T11:09:09","modified_gmt":"2025-01-14T09:09:09","slug":"imaginant-una-intervencio-artistica","status":"publish","type":"post","link":"\/pauclaris2025\/imaginant-una-intervencio-artistica\/","title":{"rendered":"Imaginant una intervenci\u00f3 art\u00edstica&#8230;"},"content":{"rendered":"\n<p class=\"wp-block-paragraph\">Despr\u00e9s de les diferents sortides pel nostre entorn, una de les possibilitats que ens plantejava la Laia dins del nostre projecte era <strong>pensar una intervenci\u00f3 vinculada a l&#8217;Hivernacle del Parc de la Ciutadella<\/strong>, que tenim molt a prop de l&#8217;institut!<\/p>\n\n\n\n<p class=\"wp-block-paragraph\">Vam con\u00e8ixer algunes de les claus que han caracteritzat les Intervencions Art\u00edstiques a l&#8217;art contemporani des de la segona meitat del segle XX i vam seleccionar un dels referents art\u00edstics de la Laia com a fil conductor: en Richard Long. Vam aprendre com treballava, la seva relaci\u00f3 amb l&#8217;espai, el paisatge i el cos, des de caminar a fer servir materials naturals de l&#8217;entorn, des dels mapes a les fotografies, posant en valor no tant l&#8217;objecte final sin\u00f3 l&#8217;experi\u00e8ncia en el temps i l&#8217;espai.<\/p>\n\n\n\n<p class=\"wp-block-paragraph\">Aix\u00ed, per posar-ho en pr\u00e0ctica nosaltres mateixos\/es, vam preguntar-nos: qu\u00e8 podr\u00edem fer, com podr\u00edem intervenir a l&#8217;Hivernacle de la Ciutadella? Vam reflexionar, imaginar i amb total llibertat vam assajar a fer propostes d&#8217;intervenci\u00f3 art\u00edstica en aquest espai tan singular! Algunes d&#8217;elles, les compartim aqu\u00ed!<\/p>\n\n\n\n<figure class=\"wp-block-gallery has-nested-images columns-default is-cropped wp-block-gallery-1 is-layout-flex wp-block-gallery-is-layout-flex\">\n<figure class=\"wp-block-image size-large\"><img loading=\"lazy\" decoding=\"async\" width=\"1024\" height=\"683\" data-id=\"492\" src=\"\/pauclaris2025\/wp-content\/uploads\/2025\/01\/IMG_6926-1024x683.jpg\" alt=\"\" class=\"wp-image-492\" srcset=\"\/pauclaris2025\/wp-content\/uploads\/2025\/01\/IMG_6926-1024x683.jpg 1024w, \/pauclaris2025\/wp-content\/uploads\/2025\/01\/IMG_6926-300x200.jpg 300w, \/pauclaris2025\/wp-content\/uploads\/2025\/01\/IMG_6926-768x512.jpg 768w, \/pauclaris2025\/wp-content\/uploads\/2025\/01\/IMG_6926-1536x1024.jpg 1536w, \/pauclaris2025\/wp-content\/uploads\/2025\/01\/IMG_6926-2048x1365.jpg 2048w\" sizes=\"auto, (max-width: 767px) 89vw, (max-width: 1000px) 54vw, (max-width: 1071px) 543px, 580px\" \/><figcaption class=\"wp-element-caption\">La idea tan detallada del Yussif!<\/figcaption><\/figure>\n\n\n\n<figure class=\"wp-block-image size-large\"><img loading=\"lazy\" decoding=\"async\" width=\"1024\" height=\"683\" data-id=\"494\" src=\"\/pauclaris2025\/wp-content\/uploads\/2025\/01\/IMG_6929-1024x683.jpg\" alt=\"\" class=\"wp-image-494\" srcset=\"\/pauclaris2025\/wp-content\/uploads\/2025\/01\/IMG_6929-1024x683.jpg 1024w, \/pauclaris2025\/wp-content\/uploads\/2025\/01\/IMG_6929-300x200.jpg 300w, \/pauclaris2025\/wp-content\/uploads\/2025\/01\/IMG_6929-768x512.jpg 768w, \/pauclaris2025\/wp-content\/uploads\/2025\/01\/IMG_6929-1536x1024.jpg 1536w, \/pauclaris2025\/wp-content\/uploads\/2025\/01\/IMG_6929-2048x1365.jpg 2048w\" sizes=\"auto, (max-width: 767px) 89vw, (max-width: 1000px) 54vw, (max-width: 1071px) 543px, 580px\" \/><figcaption class=\"wp-element-caption\">El dibuix de la Umi que explica la seva proposta.<\/figcaption><\/figure>\n<\/figure>\n\n\n\n<figure class=\"wp-block-gallery has-nested-images columns-default is-cropped wp-block-gallery-2 is-layout-flex wp-block-gallery-is-layout-flex\">\n<figure class=\"wp-block-image size-full\"><img loading=\"lazy\" decoding=\"async\" width=\"1707\" height=\"2560\" data-id=\"508\" src=\"\/pauclaris2025\/wp-content\/uploads\/2025\/01\/IMG_6933-2-1-scaled.jpg\" alt=\"\" class=\"wp-image-508\" srcset=\"\/pauclaris2025\/wp-content\/uploads\/2025\/01\/IMG_6933-2-1-scaled.jpg 1707w, \/pauclaris2025\/wp-content\/uploads\/2025\/01\/IMG_6933-2-1-200x300.jpg 200w, \/pauclaris2025\/wp-content\/uploads\/2025\/01\/IMG_6933-2-1-683x1024.jpg 683w, \/pauclaris2025\/wp-content\/uploads\/2025\/01\/IMG_6933-2-1-768x1152.jpg 768w, \/pauclaris2025\/wp-content\/uploads\/2025\/01\/IMG_6933-2-1-1024x1536.jpg 1024w, \/pauclaris2025\/wp-content\/uploads\/2025\/01\/IMG_6933-2-1-1365x2048.jpg 1365w\" sizes=\"auto, (max-width: 767px) 89vw, (max-width: 1000px) 54vw, (max-width: 1071px) 543px, 580px\" \/><figcaption class=\"wp-element-caption\">Les fotografies a la intervenci\u00f3 del Vadim!<\/figcaption><\/figure>\n\n\n\n<figure class=\"wp-block-image size-full\"><img loading=\"lazy\" decoding=\"async\" width=\"1707\" height=\"2560\" data-id=\"506\" src=\"\/pauclaris2025\/wp-content\/uploads\/2025\/01\/IMG_6937-scaled.jpg\" alt=\"\" class=\"wp-image-506\" srcset=\"\/pauclaris2025\/wp-content\/uploads\/2025\/01\/IMG_6937-scaled.jpg 1707w, \/pauclaris2025\/wp-content\/uploads\/2025\/01\/IMG_6937-200x300.jpg 200w, \/pauclaris2025\/wp-content\/uploads\/2025\/01\/IMG_6937-683x1024.jpg 683w, \/pauclaris2025\/wp-content\/uploads\/2025\/01\/IMG_6937-768x1152.jpg 768w, \/pauclaris2025\/wp-content\/uploads\/2025\/01\/IMG_6937-1024x1536.jpg 1024w, \/pauclaris2025\/wp-content\/uploads\/2025\/01\/IMG_6937-1365x2048.jpg 1365w\" sizes=\"auto, (max-width: 767px) 89vw, (max-width: 1000px) 54vw, (max-width: 1071px) 543px, 580px\" \/><figcaption class=\"wp-element-caption\">La idea de les cendres del Dani!<\/figcaption><\/figure>\n<\/figure>\n\n\n\n<figure class=\"wp-block-gallery has-nested-images columns-default is-cropped wp-block-gallery-3 is-layout-flex wp-block-gallery-is-layout-flex\">\n<figure class=\"wp-block-image size-large\"><img loading=\"lazy\" decoding=\"async\" width=\"1024\" height=\"683\" data-id=\"486\" src=\"\/pauclaris2025\/wp-content\/uploads\/2025\/01\/IMG_6651-1-1024x683.jpg\" alt=\"\" class=\"wp-image-486\" srcset=\"\/pauclaris2025\/wp-content\/uploads\/2025\/01\/IMG_6651-1-1024x683.jpg 1024w, \/pauclaris2025\/wp-content\/uploads\/2025\/01\/IMG_6651-1-300x200.jpg 300w, \/pauclaris2025\/wp-content\/uploads\/2025\/01\/IMG_6651-1-768x512.jpg 768w, \/pauclaris2025\/wp-content\/uploads\/2025\/01\/IMG_6651-1-1536x1024.jpg 1536w, \/pauclaris2025\/wp-content\/uploads\/2025\/01\/IMG_6651-1-2048x1365.jpg 2048w\" sizes=\"auto, (max-width: 767px) 89vw, (max-width: 1000px) 54vw, (max-width: 1071px) 543px, 580px\" \/><\/figure>\n\n\n\n<figure class=\"wp-block-image size-large\"><img loading=\"lazy\" decoding=\"async\" width=\"1024\" height=\"683\" data-id=\"485\" src=\"\/pauclaris2025\/wp-content\/uploads\/2025\/01\/IMG_6657-1024x683.jpg\" alt=\"\" class=\"wp-image-485\" srcset=\"\/pauclaris2025\/wp-content\/uploads\/2025\/01\/IMG_6657-1024x683.jpg 1024w, \/pauclaris2025\/wp-content\/uploads\/2025\/01\/IMG_6657-300x200.jpg 300w, \/pauclaris2025\/wp-content\/uploads\/2025\/01\/IMG_6657-768x512.jpg 768w, \/pauclaris2025\/wp-content\/uploads\/2025\/01\/IMG_6657-1536x1024.jpg 1536w, \/pauclaris2025\/wp-content\/uploads\/2025\/01\/IMG_6657-2048x1365.jpg 2048w\" sizes=\"auto, (max-width: 767px) 89vw, (max-width: 1000px) 54vw, (max-width: 1071px) 543px, 580px\" \/><\/figure>\n<\/figure>\n\n\n\n<figure class=\"wp-block-gallery has-nested-images columns-default is-cropped wp-block-gallery-4 is-layout-flex wp-block-gallery-is-layout-flex\">\n<figure class=\"wp-block-image size-large\"><img loading=\"lazy\" decoding=\"async\" width=\"683\" height=\"1024\" data-id=\"487\" src=\"\/pauclaris2025\/wp-content\/uploads\/2025\/01\/IMG_6650-1-683x1024.jpg\" alt=\"\" class=\"wp-image-487\" srcset=\"\/pauclaris2025\/wp-content\/uploads\/2025\/01\/IMG_6650-1-683x1024.jpg 683w, \/pauclaris2025\/wp-content\/uploads\/2025\/01\/IMG_6650-1-200x300.jpg 200w, \/pauclaris2025\/wp-content\/uploads\/2025\/01\/IMG_6650-1-768x1152.jpg 768w, \/pauclaris2025\/wp-content\/uploads\/2025\/01\/IMG_6650-1-1024x1536.jpg 1024w, \/pauclaris2025\/wp-content\/uploads\/2025\/01\/IMG_6650-1-1365x2048.jpg 1365w, \/pauclaris2025\/wp-content\/uploads\/2025\/01\/IMG_6650-1-scaled.jpg 1707w\" sizes=\"auto, (max-width: 683px) 100vw, 683px\" \/><\/figure>\n\n\n\n<figure class=\"wp-block-image size-large\"><img loading=\"lazy\" decoding=\"async\" width=\"1024\" height=\"683\" data-id=\"488\" src=\"\/pauclaris2025\/wp-content\/uploads\/2025\/01\/IMG_6660-1024x683.jpg\" alt=\"\" class=\"wp-image-488\" srcset=\"\/pauclaris2025\/wp-content\/uploads\/2025\/01\/IMG_6660-1024x683.jpg 1024w, \/pauclaris2025\/wp-content\/uploads\/2025\/01\/IMG_6660-300x200.jpg 300w, \/pauclaris2025\/wp-content\/uploads\/2025\/01\/IMG_6660-768x512.jpg 768w, \/pauclaris2025\/wp-content\/uploads\/2025\/01\/IMG_6660-1536x1024.jpg 1536w, \/pauclaris2025\/wp-content\/uploads\/2025\/01\/IMG_6660-2048x1365.jpg 2048w\" sizes=\"auto, (max-width: 767px) 89vw, (max-width: 1000px) 54vw, (max-width: 1071px) 543px, 580px\" \/><\/figure>\n<\/figure>\n\n\n\n<p class=\"wp-block-paragraph\"><\/p>\n","protected":false},"excerpt":{"rendered":"<p>Despr\u00e9s de les diferents sortides pel nostre entorn, una de les possibilitats que ens plantejava la Laia dins del nostre projecte era pensar una intervenci\u00f3 vinculada a l&#8217;Hivernacle del Parc de la Ciutadella, que tenim molt a prop de l&#8217;institut! Vam con\u00e8ixer algunes de les claus que han caracteritzat les Intervencions Art\u00edstiques a l&#8217;art contemporani &hellip; <\/p>\n<p class=\"link-more\"><a href=\"\/pauclaris2025\/imaginant-una-intervencio-artistica\/\" class=\"more-link\">Continua llegint <span class=\"screen-reader-text\">\u00abImaginant una intervenci\u00f3 art\u00edstica&#8230;\u00bb<\/span><\/a><\/p>\n","protected":false},"author":16,"featured_media":0,"comment_status":"open","ping_status":"open","sticky":false,"template":"","format":"standard","meta":{"footnotes":""},"categories":[1],"tags":[],"class_list":["post-481","post","type-post","status-publish","format-standard","hentry","category-general"],"_links":{"self":[{"href":"\/pauclaris2025\/wp-json\/wp\/v2\/posts\/481","targetHints":{"allow":["GET"]}}],"collection":[{"href":"\/pauclaris2025\/wp-json\/wp\/v2\/posts"}],"about":[{"href":"\/pauclaris2025\/wp-json\/wp\/v2\/types\/post"}],"author":[{"embeddable":true,"href":"\/pauclaris2025\/wp-json\/wp\/v2\/users\/16"}],"replies":[{"embeddable":true,"href":"\/pauclaris2025\/wp-json\/wp\/v2\/comments?post=481"}],"version-history":[{"count":7,"href":"\/pauclaris2025\/wp-json\/wp\/v2\/posts\/481\/revisions"}],"predecessor-version":[{"id":509,"href":"\/pauclaris2025\/wp-json\/wp\/v2\/posts\/481\/revisions\/509"}],"wp:attachment":[{"href":"\/pauclaris2025\/wp-json\/wp\/v2\/media?parent=481"}],"wp:term":[{"taxonomy":"category","embeddable":true,"href":"\/pauclaris2025\/wp-json\/wp\/v2\/categories?post=481"},{"taxonomy":"post_tag","embeddable":true,"href":"\/pauclaris2025\/wp-json\/wp\/v2\/tags?post=481"}],"curies":[{"name":"wp","href":"https:\/\/api.w.org\/{rel}","templated":true}]}}