{"id":550,"date":"2025-02-18T13:26:05","date_gmt":"2025-02-18T11:26:05","guid":{"rendered":"\/pauclaris2025\/?p=550"},"modified":"2025-02-18T13:26:05","modified_gmt":"2025-02-18T11:26:05","slug":"biografies-de-la-natura","status":"publish","type":"post","link":"\/pauclaris2025\/biografies-de-la-natura\/","title":{"rendered":"Biografies de la natura"},"content":{"rendered":"\n<p class=\"wp-block-paragraph\">Explorant la vida d\u2019una planta: recerca i descobriment.<br><\/p>\n\n\n\n<p class=\"wp-block-paragraph\">El dia 28 de gener de 2025, l\u2019alumnat del projecte En Resid\u00e8ncia vam comen\u00e7ar a aprofundir en la recerca sobre la planta que hav\u00edem escollit de l\u2019hivernacle. Aquest proc\u00e9s ens va permetre con\u00e8ixer millor les seves caracter\u00edstiques i entendre el seu paper en l\u2019ecosistema.<\/p>\n\n\n\n<p class=\"wp-block-paragraph\">Per elaborar una biografia completa de la nostra planta, vam seguir unes pautes espec\u00edfiques. En primer lloc, vam investigar els seus or\u00edgens i el seu h\u00e0bitat natural, \u00e9s a dir, on creix sense intervenci\u00f3 humana i sota quines condicions clim\u00e0tiques. Tamb\u00e9 vam analitzar els animals que habiten al seu entorn i si t\u00e9 depredadors, aix\u00ed com els mecanismes que utilitza per defensar-se. Aquests punts febles de les plantes ens ha fet recordar un concepte que hav\u00edem estat reflexionant diverses sessions a l\u2019aula. Aquest concepte \u00e9s la vulnerabilitat i ho hem relacionat amb la sensibilitat de les plantes escollides.<\/p>\n\n\n\n<p class=\"wp-block-paragraph\">A m\u00e9s, vam estudiar el seu proc\u00e9s de creixement, des de la germinaci\u00f3 fins a la maduresa, i vam realitzar un dibuix detallat de les seves arrels i llavors. Aquesta experi\u00e8ncia ens va ajudar a comprendre millor la biodiversitat i la import\u00e0ncia de les plantes en el medi ambient, aix\u00ed com la seva capacitat d\u2019adaptaci\u00f3 i reconstrucci\u00f3.<\/p>\n\n\n\n<figure class=\"wp-block-gallery has-nested-images columns-default is-cropped wp-block-gallery-1 is-layout-flex wp-block-gallery-is-layout-flex\">\n<figure class=\"wp-block-image size-large\"><img loading=\"lazy\" decoding=\"async\" width=\"1024\" height=\"768\" data-id=\"552\" src=\"\/pauclaris2025\/wp-content\/uploads\/2025\/02\/Biografia-de-la-planta-d\u00b4estudi-6-feb-2025-a-las-09_18-1-1024x768.jpg\" alt=\"\" class=\"wp-image-552\" srcset=\"\/pauclaris2025\/wp-content\/uploads\/2025\/02\/Biografia-de-la-planta-d\u00b4estudi-6-feb-2025-a-las-09_18-1-1024x768.jpg 1024w, \/pauclaris2025\/wp-content\/uploads\/2025\/02\/Biografia-de-la-planta-d\u00b4estudi-6-feb-2025-a-las-09_18-1-300x225.jpg 300w, \/pauclaris2025\/wp-content\/uploads\/2025\/02\/Biografia-de-la-planta-d\u00b4estudi-6-feb-2025-a-las-09_18-1-768x576.jpg 768w, \/pauclaris2025\/wp-content\/uploads\/2025\/02\/Biografia-de-la-planta-d\u00b4estudi-6-feb-2025-a-las-09_18-1-1536x1152.jpg 1536w, \/pauclaris2025\/wp-content\/uploads\/2025\/02\/Biografia-de-la-planta-d\u00b4estudi-6-feb-2025-a-las-09_18-1-2048x1536.jpg 2048w\" sizes=\"auto, (max-width: 767px) 89vw, (max-width: 1000px) 54vw, (max-width: 1071px) 543px, 580px\" \/><\/figure>\n<\/figure>\n\n\n\n<figure class=\"wp-block-gallery has-nested-images columns-default is-cropped wp-block-gallery-2 is-layout-flex wp-block-gallery-is-layout-flex\">\n<figure class=\"wp-block-image size-large\"><img loading=\"lazy\" decoding=\"async\" width=\"1024\" height=\"683\" data-id=\"553\" src=\"\/pauclaris2025\/wp-content\/uploads\/2025\/02\/Copia-de-IMG_7157-1024x683.jpg\" alt=\"\" class=\"wp-image-553\" srcset=\"\/pauclaris2025\/wp-content\/uploads\/2025\/02\/Copia-de-IMG_7157-1024x683.jpg 1024w, \/pauclaris2025\/wp-content\/uploads\/2025\/02\/Copia-de-IMG_7157-300x200.jpg 300w, \/pauclaris2025\/wp-content\/uploads\/2025\/02\/Copia-de-IMG_7157-768x512.jpg 768w, \/pauclaris2025\/wp-content\/uploads\/2025\/02\/Copia-de-IMG_7157-1536x1024.jpg 1536w, \/pauclaris2025\/wp-content\/uploads\/2025\/02\/Copia-de-IMG_7157-2048x1365.jpg 2048w\" sizes=\"auto, (max-width: 767px) 89vw, (max-width: 1000px) 54vw, (max-width: 1071px) 543px, 580px\" \/><\/figure>\n\n\n\n<figure class=\"wp-block-image size-large\"><img loading=\"lazy\" decoding=\"async\" width=\"1024\" height=\"683\" data-id=\"554\" src=\"\/pauclaris2025\/wp-content\/uploads\/2025\/02\/Copia-de-IMG_7146-1024x683.jpg\" alt=\"\" class=\"wp-image-554\" srcset=\"\/pauclaris2025\/wp-content\/uploads\/2025\/02\/Copia-de-IMG_7146-1024x683.jpg 1024w, \/pauclaris2025\/wp-content\/uploads\/2025\/02\/Copia-de-IMG_7146-300x200.jpg 300w, \/pauclaris2025\/wp-content\/uploads\/2025\/02\/Copia-de-IMG_7146-768x512.jpg 768w, \/pauclaris2025\/wp-content\/uploads\/2025\/02\/Copia-de-IMG_7146-1536x1024.jpg 1536w, \/pauclaris2025\/wp-content\/uploads\/2025\/02\/Copia-de-IMG_7146-2048x1365.jpg 2048w\" sizes=\"auto, (max-width: 767px) 89vw, (max-width: 1000px) 54vw, (max-width: 1071px) 543px, 580px\" \/><\/figure>\n<\/figure>\n\n\n\n<figure class=\"wp-block-gallery has-nested-images columns-default is-cropped wp-block-gallery-3 is-layout-flex wp-block-gallery-is-layout-flex\">\n<figure class=\"wp-block-image size-large\"><img loading=\"lazy\" decoding=\"async\" width=\"1024\" height=\"683\" data-id=\"555\" src=\"\/pauclaris2025\/wp-content\/uploads\/2025\/02\/Copia-de-IMG_7160-1024x683.jpg\" alt=\"\" class=\"wp-image-555\" srcset=\"\/pauclaris2025\/wp-content\/uploads\/2025\/02\/Copia-de-IMG_7160-1024x683.jpg 1024w, \/pauclaris2025\/wp-content\/uploads\/2025\/02\/Copia-de-IMG_7160-300x200.jpg 300w, \/pauclaris2025\/wp-content\/uploads\/2025\/02\/Copia-de-IMG_7160-768x512.jpg 768w, \/pauclaris2025\/wp-content\/uploads\/2025\/02\/Copia-de-IMG_7160-1536x1024.jpg 1536w, \/pauclaris2025\/wp-content\/uploads\/2025\/02\/Copia-de-IMG_7160-2048x1365.jpg 2048w\" sizes=\"auto, (max-width: 767px) 89vw, (max-width: 1000px) 54vw, (max-width: 1071px) 543px, 580px\" \/><\/figure>\n\n\n\n<figure class=\"wp-block-image size-large\"><img loading=\"lazy\" decoding=\"async\" width=\"1024\" height=\"683\" data-id=\"556\" src=\"\/pauclaris2025\/wp-content\/uploads\/2025\/02\/Copia-de-IMG_7145-1024x683.jpg\" alt=\"\" class=\"wp-image-556\" srcset=\"\/pauclaris2025\/wp-content\/uploads\/2025\/02\/Copia-de-IMG_7145-1024x683.jpg 1024w, \/pauclaris2025\/wp-content\/uploads\/2025\/02\/Copia-de-IMG_7145-300x200.jpg 300w, \/pauclaris2025\/wp-content\/uploads\/2025\/02\/Copia-de-IMG_7145-768x512.jpg 768w, \/pauclaris2025\/wp-content\/uploads\/2025\/02\/Copia-de-IMG_7145-1536x1024.jpg 1536w, \/pauclaris2025\/wp-content\/uploads\/2025\/02\/Copia-de-IMG_7145-2048x1365.jpg 2048w\" sizes=\"auto, (max-width: 767px) 89vw, (max-width: 1000px) 54vw, (max-width: 1071px) 543px, 580px\" \/><\/figure>\n\n\n\n<figure class=\"wp-block-image size-large\"><img loading=\"lazy\" decoding=\"async\" width=\"1024\" height=\"768\" data-id=\"557\" src=\"\/pauclaris2025\/wp-content\/uploads\/2025\/02\/IMG_20250204_084558-1024x768.jpg\" alt=\"\" class=\"wp-image-557\" srcset=\"\/pauclaris2025\/wp-content\/uploads\/2025\/02\/IMG_20250204_084558-1024x768.jpg 1024w, \/pauclaris2025\/wp-content\/uploads\/2025\/02\/IMG_20250204_084558-300x225.jpg 300w, \/pauclaris2025\/wp-content\/uploads\/2025\/02\/IMG_20250204_084558-768x576.jpg 768w, \/pauclaris2025\/wp-content\/uploads\/2025\/02\/IMG_20250204_084558-1536x1152.jpg 1536w, \/pauclaris2025\/wp-content\/uploads\/2025\/02\/IMG_20250204_084558-2048x1536.jpg 2048w\" sizes=\"auto, (max-width: 767px) 89vw, (max-width: 1000px) 54vw, (max-width: 1071px) 543px, 580px\" \/><\/figure>\n<\/figure>\n","protected":false},"excerpt":{"rendered":"<p>Explorant la vida d\u2019una planta: recerca i descobriment. El dia 28 de gener de 2025, l\u2019alumnat del projecte En Resid\u00e8ncia vam comen\u00e7ar a aprofundir en la recerca sobre la planta que hav\u00edem escollit de l\u2019hivernacle. Aquest proc\u00e9s ens va permetre con\u00e8ixer millor les seves caracter\u00edstiques i entendre el seu paper en l\u2019ecosistema. Per elaborar una &hellip; <\/p>\n<p class=\"link-more\"><a href=\"\/pauclaris2025\/biografies-de-la-natura\/\" class=\"more-link\">Continua llegint <span class=\"screen-reader-text\">\u00abBiografies de la natura\u00bb<\/span><\/a><\/p>\n","protected":false},"author":16,"featured_media":0,"comment_status":"open","ping_status":"open","sticky":false,"template":"","format":"standard","meta":{"footnotes":""},"categories":[1],"tags":[],"class_list":["post-550","post","type-post","status-publish","format-standard","hentry","category-general"],"_links":{"self":[{"href":"\/pauclaris2025\/wp-json\/wp\/v2\/posts\/550","targetHints":{"allow":["GET"]}}],"collection":[{"href":"\/pauclaris2025\/wp-json\/wp\/v2\/posts"}],"about":[{"href":"\/pauclaris2025\/wp-json\/wp\/v2\/types\/post"}],"author":[{"embeddable":true,"href":"\/pauclaris2025\/wp-json\/wp\/v2\/users\/16"}],"replies":[{"embeddable":true,"href":"\/pauclaris2025\/wp-json\/wp\/v2\/comments?post=550"}],"version-history":[{"count":1,"href":"\/pauclaris2025\/wp-json\/wp\/v2\/posts\/550\/revisions"}],"predecessor-version":[{"id":558,"href":"\/pauclaris2025\/wp-json\/wp\/v2\/posts\/550\/revisions\/558"}],"wp:attachment":[{"href":"\/pauclaris2025\/wp-json\/wp\/v2\/media?parent=550"}],"wp:term":[{"taxonomy":"category","embeddable":true,"href":"\/pauclaris2025\/wp-json\/wp\/v2\/categories?post=550"},{"taxonomy":"post_tag","embeddable":true,"href":"\/pauclaris2025\/wp-json\/wp\/v2\/tags?post=550"}],"curies":[{"name":"wp","href":"https:\/\/api.w.org\/{rel}","templated":true}]}}