{"id":578,"date":"2025-06-03T09:57:21","date_gmt":"2025-06-03T07:57:21","guid":{"rendered":"\/pauclaris2025\/?p=578"},"modified":"2025-06-26T10:47:29","modified_gmt":"2025-06-26T08:47:29","slug":"arriba-el-gran-dia-la-presentacio-final-del-projecte","status":"publish","type":"post","link":"\/pauclaris2025\/arriba-el-gran-dia-la-presentacio-final-del-projecte\/","title":{"rendered":"Arriba el gran dia: la presentaci\u00f3 final del projecte!"},"content":{"rendered":"\n<p class=\"wp-block-paragraph\"><strong>Qu\u00e8 tenim en com\u00fa amb els \u00e9ssers vegetals? \u00c9s possible arribar a<br>empatitzar-hi? Qu\u00e8 compartim nosaltres, els alumnes 4t d\u2019ESO de<br>l\u2019Institut Pau Claris, amb les plantes de l\u2019Hivernacle del Parc de la Ciutadella?<\/strong><br>Aquestes s\u00f3n algunes de les preguntes que ens hem fet amb la Laia Noal aquest curs.<\/p>\n\n\n\n<p class=\"wp-block-paragraph\">Des de l\u2019inici del curs, la Laia Noal ens va proposar un repte preci\u00f3s: <strong>aturar-nos i observar els \u00e9ssers vegetals que ens envolten<\/strong>. D\u2019all\u00f2 que sovint ens passa desapercebut, hem fet el nostre centre d\u2019atenci\u00f3.<\/p>\n\n\n\n<figure class=\"wp-block-image size-large\"><img loading=\"lazy\" decoding=\"async\" width=\"1024\" height=\"683\" src=\"\/pauclaris2025\/wp-content\/uploads\/2025\/06\/Hivernacle_definitiva-1024x683.jpg\" alt=\"\" class=\"wp-image-579\" srcset=\"\/pauclaris2025\/wp-content\/uploads\/2025\/06\/Hivernacle_definitiva-1024x683.jpg 1024w, \/pauclaris2025\/wp-content\/uploads\/2025\/06\/Hivernacle_definitiva-300x200.jpg 300w, \/pauclaris2025\/wp-content\/uploads\/2025\/06\/Hivernacle_definitiva-768x512.jpg 768w, \/pauclaris2025\/wp-content\/uploads\/2025\/06\/Hivernacle_definitiva-1536x1024.jpg 1536w, \/pauclaris2025\/wp-content\/uploads\/2025\/06\/Hivernacle_definitiva-2048x1365.jpg 2048w\" sizes=\"auto, (max-width: 767px) 89vw, (max-width: 1000px) 54vw, (max-width: 1071px) 543px, 580px\" \/><\/figure>\n\n\n\n<figure class=\"wp-block-image size-large\"><img loading=\"lazy\" decoding=\"async\" width=\"1024\" height=\"683\" src=\"\/pauclaris2025\/wp-content\/uploads\/2025\/06\/Aula_definitiva-1024x683.jpg\" alt=\"\" class=\"wp-image-580\" srcset=\"\/pauclaris2025\/wp-content\/uploads\/2025\/06\/Aula_definitiva-1024x683.jpg 1024w, \/pauclaris2025\/wp-content\/uploads\/2025\/06\/Aula_definitiva-300x200.jpg 300w, \/pauclaris2025\/wp-content\/uploads\/2025\/06\/Aula_definitiva-768x512.jpg 768w, \/pauclaris2025\/wp-content\/uploads\/2025\/06\/Aula_definitiva-1536x1024.jpg 1536w, \/pauclaris2025\/wp-content\/uploads\/2025\/06\/Aula_definitiva-2048x1365.jpg 2048w\" sizes=\"auto, (max-width: 767px) 89vw, (max-width: 1000px) 54vw, (max-width: 1071px) 543px, 580px\" \/><\/figure>\n\n\n\n<p class=\"wp-block-paragraph\">Els alumnes, com fan els artistes, hem&nbsp; <strong>mirat les plantes amb nous ulls, <\/strong>les hem <strong>fotografiat, descrit, estudiat<\/strong>\u2026 Fins i tot els hem <strong>parlat <\/strong>&nbsp;i els hem <strong>escrit cartes, <\/strong>com si fossin amics antics amb qui ens retrobem amb una conversa pendent.<\/p>\n\n\n\n<p class=\"wp-block-paragraph\">Aquest projecte vol obrir <strong>la mirada cap al que \u00e9s essencial: <\/strong>les plantes com a \u00e9ssers vius, com a mestres de lentitud i resist\u00e8ncia. Al mateix temps, ens han ajudat a connectar amb <strong>la nostra pr\u00f2pia vulnerabilitat, <\/strong>reconeixent en elles la seva for\u00e7a poderosa i fr\u00e0gil, el seu cicle vital, la seva depend\u00e8ncia de l\u2019entorn\u2026 i tamb\u00e9 la seva capacitat d\u2019adaptaci\u00f3 i resist\u00e8ncia.<\/p>\n\n\n\n<p class=\"wp-block-paragraph\">Ha estat una experi\u00e8ncia rica, plena de descobertes, emocions i preguntes que ens han ajudat a cr\u00e9ixer i a vincular-nos <strong>d\u2019una altra manera amb el m\u00f3n natural<\/strong>.<\/p>\n\n\n\n<p class=\"wp-block-paragraph\">Aquesta altra manera no \u00e9s la de mirar la natura com un simple decorat o com un recurs \u00fatil. \u00c9s una forma m\u00e9s profunda i sensible de relacionar-nos amb ella. Vol dir aturar-nos, observar amb atenci\u00f3 i escoltar sense presses. Vol dir veure les plantes no nom\u00e9s com objectes, sin\u00f3 com a \u00e9ssers vius amb un paper essencial en l\u2019equilibri del m\u00f3n. Vol dir recon\u00e8ixer-hi formes de vida que, com nosaltres, s\u00f3n vulnerables i resistents alhora, que depenen del seu entorn i que ens poden ensenyar molt si sabem mirar-les amb ulls oberts.<br><\/p>\n\n\n\n<p class=\"has-text-align-center has-vivid-green-cyan-color has-text-color has-link-color wp-elements-1 wp-block-paragraph\"><em>\u00abHe apr\u00e9s a mirar la natura des d&#8217;un punt de partida diferent del que acostumo a tenir. Amb aix\u00f2 vull referir-me a que m\u2019he fixat en parts de la ciutat que mai m&#8217;hauria parat a mirar-les, \u00fanicament pel fet de tenir plantes.\u00bb Yolanda, 4tA<\/em><\/p>\n\n\n\n<p class=\"wp-block-paragraph\">Tamb\u00e9 volem destacar que conjuntament hem treballat diferents conceptes com la <strong>vulnerabilitat<\/strong>, la nostra, i ens hem centrat tamb\u00e9 en comparar-la amb la de les plantes de l\u2019hivernacle que individualment hem escollit. Encara que sembli una bogeria la proposta inicial i al principi era una mica estrany, quan et familiaritzes et dones compte que no existeixen tantes difer\u00e8ncies o aspectes a destacar entre un habitant vegetal i nosaltres com habitants urbans i de ciutat. Aquest projecte, a mi i a altres companys del nostre grup, ens ha ajudat a expressar-nos a traves de redaccions i dibuixos fets amb llapis, aquarel\u00b7les, retoladors i tinta xinesa. Amb aquestes eines ens hem adonat que molts companys que no pens\u00e0vem tenir habilitat manual a l\u2019hora de poder fer creacions art\u00edstiques ens hem llu\u00eft i hem posat de la nostra part per fer possible aquest projecte.&nbsp;<\/p>\n\n\n\n<p class=\"wp-block-paragraph\">La instal\u00b7laci\u00f3 tamb\u00e9 constava d&#8217;un \u00e0udio amb sons de l&#8217;entorn i les nostres veus. El podeu escoltar aqu\u00ed: <\/p>\n\n\n\n<figure class=\"wp-block-audio\"><audio controls src=\"\/pauclaris2025\/wp-content\/uploads\/2025\/06\/Esser-vegetal-hivernacle_definitiu.wav\"><\/audio><\/figure>\n\n\n\n<p class=\"wp-block-paragraph\">Ens agradat molt participar-hi i l&#8217;acte de cloenda ha estat una celebraci\u00f3 molt bonica i emotiva per a tothom! Gr\u00e0cies a tots i totes que heu fet possible aquesta experi\u00e8ncia tan enriquidora!<\/p>\n\n\n\n<figure class=\"wp-block-gallery has-nested-images columns-default is-cropped wp-block-gallery-1 is-layout-flex wp-block-gallery-is-layout-flex\">\n<figure class=\"wp-block-image size-large\"><img loading=\"lazy\" decoding=\"async\" width=\"1024\" height=\"683\" data-id=\"585\" src=\"\/pauclaris2025\/wp-content\/uploads\/2025\/06\/250527_PRESENTACIO_FINAL_148-3-1024x683.jpg\" alt=\"\" class=\"wp-image-585\" srcset=\"\/pauclaris2025\/wp-content\/uploads\/2025\/06\/250527_PRESENTACIO_FINAL_148-3-1024x683.jpg 1024w, \/pauclaris2025\/wp-content\/uploads\/2025\/06\/250527_PRESENTACIO_FINAL_148-3-300x200.jpg 300w, \/pauclaris2025\/wp-content\/uploads\/2025\/06\/250527_PRESENTACIO_FINAL_148-3-768x512.jpg 768w, \/pauclaris2025\/wp-content\/uploads\/2025\/06\/250527_PRESENTACIO_FINAL_148-3-1536x1024.jpg 1536w, \/pauclaris2025\/wp-content\/uploads\/2025\/06\/250527_PRESENTACIO_FINAL_148-3-2048x1365.jpg 2048w\" sizes=\"auto, (max-width: 767px) 89vw, (max-width: 1000px) 54vw, (max-width: 1071px) 543px, 580px\" \/><\/figure>\n\n\n\n<figure class=\"wp-block-image size-large\"><img loading=\"lazy\" decoding=\"async\" width=\"1024\" height=\"683\" data-id=\"586\" src=\"\/pauclaris2025\/wp-content\/uploads\/2025\/06\/250527_PRESENTACIO_FINAL_015-1-1024x683.jpg\" alt=\"\" class=\"wp-image-586\" srcset=\"\/pauclaris2025\/wp-content\/uploads\/2025\/06\/250527_PRESENTACIO_FINAL_015-1-1024x683.jpg 1024w, \/pauclaris2025\/wp-content\/uploads\/2025\/06\/250527_PRESENTACIO_FINAL_015-1-300x200.jpg 300w, \/pauclaris2025\/wp-content\/uploads\/2025\/06\/250527_PRESENTACIO_FINAL_015-1-768x512.jpg 768w, \/pauclaris2025\/wp-content\/uploads\/2025\/06\/250527_PRESENTACIO_FINAL_015-1-1536x1024.jpg 1536w, \/pauclaris2025\/wp-content\/uploads\/2025\/06\/250527_PRESENTACIO_FINAL_015-1-2048x1365.jpg 2048w\" sizes=\"auto, (max-width: 767px) 89vw, (max-width: 1000px) 54vw, (max-width: 1071px) 543px, 580px\" \/><\/figure>\n<\/figure>\n\n\n\n<figure class=\"wp-block-image size-large\"><img loading=\"lazy\" decoding=\"async\" width=\"1024\" height=\"683\" src=\"\/pauclaris2025\/wp-content\/uploads\/2025\/06\/250527_PRESENTACIO_FINAL_127-1024x683.jpg\" alt=\"\" class=\"wp-image-587\" srcset=\"\/pauclaris2025\/wp-content\/uploads\/2025\/06\/250527_PRESENTACIO_FINAL_127-1024x683.jpg 1024w, \/pauclaris2025\/wp-content\/uploads\/2025\/06\/250527_PRESENTACIO_FINAL_127-300x200.jpg 300w, \/pauclaris2025\/wp-content\/uploads\/2025\/06\/250527_PRESENTACIO_FINAL_127-768x512.jpg 768w, \/pauclaris2025\/wp-content\/uploads\/2025\/06\/250527_PRESENTACIO_FINAL_127-1536x1024.jpg 1536w, \/pauclaris2025\/wp-content\/uploads\/2025\/06\/250527_PRESENTACIO_FINAL_127-2048x1365.jpg 2048w\" sizes=\"auto, (max-width: 767px) 89vw, (max-width: 1000px) 54vw, (max-width: 1071px) 543px, 580px\" \/><\/figure>\n","protected":false},"excerpt":{"rendered":"<p>Qu\u00e8 tenim en com\u00fa amb els \u00e9ssers vegetals? \u00c9s possible arribar aempatitzar-hi? Qu\u00e8 compartim nosaltres, els alumnes 4t d\u2019ESO del\u2019Institut Pau Claris, amb les plantes de l\u2019Hivernacle del Parc de la Ciutadella?Aquestes s\u00f3n algunes de les preguntes que ens hem fet amb la Laia Noal aquest curs. Des de l\u2019inici del curs, la Laia Noal &hellip; <\/p>\n<p class=\"link-more\"><a href=\"\/pauclaris2025\/arriba-el-gran-dia-la-presentacio-final-del-projecte\/\" class=\"more-link\">Continua llegint <span class=\"screen-reader-text\">\u00abArriba el gran dia: la presentaci\u00f3 final del projecte!\u00bb<\/span><\/a><\/p>\n","protected":false},"author":16,"featured_media":0,"comment_status":"open","ping_status":"open","sticky":false,"template":"","format":"standard","meta":{"footnotes":""},"categories":[1],"tags":[],"class_list":["post-578","post","type-post","status-publish","format-standard","hentry","category-general"],"_links":{"self":[{"href":"\/pauclaris2025\/wp-json\/wp\/v2\/posts\/578","targetHints":{"allow":["GET"]}}],"collection":[{"href":"\/pauclaris2025\/wp-json\/wp\/v2\/posts"}],"about":[{"href":"\/pauclaris2025\/wp-json\/wp\/v2\/types\/post"}],"author":[{"embeddable":true,"href":"\/pauclaris2025\/wp-json\/wp\/v2\/users\/16"}],"replies":[{"embeddable":true,"href":"\/pauclaris2025\/wp-json\/wp\/v2\/comments?post=578"}],"version-history":[{"count":3,"href":"\/pauclaris2025\/wp-json\/wp\/v2\/posts\/578\/revisions"}],"predecessor-version":[{"id":592,"href":"\/pauclaris2025\/wp-json\/wp\/v2\/posts\/578\/revisions\/592"}],"wp:attachment":[{"href":"\/pauclaris2025\/wp-json\/wp\/v2\/media?parent=578"}],"wp:term":[{"taxonomy":"category","embeddable":true,"href":"\/pauclaris2025\/wp-json\/wp\/v2\/categories?post=578"},{"taxonomy":"post_tag","embeddable":true,"href":"\/pauclaris2025\/wp-json\/wp\/v2\/tags?post=578"}],"curies":[{"name":"wp","href":"https:\/\/api.w.org\/{rel}","templated":true}]}}