{"id":110,"date":"2025-12-10T21:41:19","date_gmt":"2025-12-10T19:41:19","guid":{"rendered":"\/pompeufabra2026\/?p=110"},"modified":"2025-12-10T21:41:19","modified_gmt":"2025-12-10T19:41:19","slug":"la-familiaels-pobleslorca-i-el-flamenco","status":"publish","type":"post","link":"\/pompeufabra2026\/la-familiaels-pobleslorca-i-el-flamenco\/","title":{"rendered":"LA FAM\u00cdLIA,ELS POBLES,LORCA I EL FLAMENCO"},"content":{"rendered":"\n<p class=\"has-text-align-left wp-block-paragraph\">Com connectats per un cord\u00f3 umbilical com\u00fa, l&#8217;alumnat  ha obert un calaix personal que ha perm\u00e8s compartir amb la resta tem\u00e0tiques molt m\u00e9s \u00edntimes, plurals i diverses parlant de les seves fam\u00edlies, germans\/es, els pobles dels seus pares i avis, el que poden i no poden fer com adolescents,&#8230;<\/p>\n\n\n\n<p class=\"wp-block-paragraph\">De com se senten a l&#8217;institut, de les pors que tenen&#8230;<\/p>\n\n\n\n<figure class=\"wp-block-image size-large\"><img loading=\"lazy\" decoding=\"async\" width=\"1024\" height=\"1024\" src=\"\/pompeufabra2026\/wp-content\/uploads\/2025\/12\/20251104_131028-1024x1024.jpg\" alt=\"\" class=\"wp-image-111\" srcset=\"\/pompeufabra2026\/wp-content\/uploads\/2025\/12\/20251104_131028-1024x1024.jpg 1024w, \/pompeufabra2026\/wp-content\/uploads\/2025\/12\/20251104_131028-300x300.jpg 300w, \/pompeufabra2026\/wp-content\/uploads\/2025\/12\/20251104_131028-150x150.jpg 150w, \/pompeufabra2026\/wp-content\/uploads\/2025\/12\/20251104_131028-768x768.jpg 768w, \/pompeufabra2026\/wp-content\/uploads\/2025\/12\/20251104_131028-1536x1536.jpg 1536w, \/pompeufabra2026\/wp-content\/uploads\/2025\/12\/20251104_131028-2048x2048.jpg 2048w, \/pompeufabra2026\/wp-content\/uploads\/2025\/12\/20251104_131028-100x100.jpg 100w\" sizes=\"auto, (max-width: 767px) 89vw, (max-width: 1000px) 54vw, (max-width: 1071px) 543px, 580px\" \/><\/figure>\n\n\n\n<p class=\"wp-block-paragraph\">Tot aix\u00f2 ha fet que el V\u00edctor connect\u00e9s tamb\u00e9 amb els seus interessos m\u00e9s personals, com s\u00f3n l&#8217;obra de Federico Garc\u00eda Lorca i el Flamenco.<\/p>\n\n\n\n<p class=\"wp-block-paragraph\">A on ens portar\u00e0 tot aix\u00f2?<\/p>\n\n\n\n<p class=\"wp-block-paragraph\"><\/p>\n","protected":false},"excerpt":{"rendered":"<p>Com connectats per un cord\u00f3 umbilical com\u00fa, l&#8217;alumnat ha obert un calaix personal que ha perm\u00e8s compartir amb la resta tem\u00e0tiques molt m\u00e9s \u00edntimes, plurals i diverses parlant de les seves fam\u00edlies, germans\/es, els pobles dels seus pares i avis, el que poden i no poden fer com adolescents,&#8230; De com se senten a l&#8217;institut, &hellip; <\/p>\n<p class=\"link-more\"><a href=\"\/pompeufabra2026\/la-familiaels-pobleslorca-i-el-flamenco\/\" class=\"more-link\">Continua llegint <span class=\"screen-reader-text\">\u00abLA FAM\u00cdLIA,ELS POBLES,LORCA I EL FLAMENCO\u00bb<\/span><\/a><\/p>\n","protected":false},"author":5,"featured_media":0,"comment_status":"closed","ping_status":"","sticky":false,"template":"","format":"standard","meta":{"footnotes":""},"categories":[1],"tags":[],"class_list":["post-110","post","type-post","status-publish","format-standard","hentry","category-general"],"_links":{"self":[{"href":"\/pompeufabra2026\/wp-json\/wp\/v2\/posts\/110","targetHints":{"allow":["GET"]}}],"collection":[{"href":"\/pompeufabra2026\/wp-json\/wp\/v2\/posts"}],"about":[{"href":"\/pompeufabra2026\/wp-json\/wp\/v2\/types\/post"}],"author":[{"embeddable":true,"href":"\/pompeufabra2026\/wp-json\/wp\/v2\/users\/5"}],"replies":[{"embeddable":true,"href":"\/pompeufabra2026\/wp-json\/wp\/v2\/comments?post=110"}],"version-history":[{"count":1,"href":"\/pompeufabra2026\/wp-json\/wp\/v2\/posts\/110\/revisions"}],"predecessor-version":[{"id":112,"href":"\/pompeufabra2026\/wp-json\/wp\/v2\/posts\/110\/revisions\/112"}],"wp:attachment":[{"href":"\/pompeufabra2026\/wp-json\/wp\/v2\/media?parent=110"}],"wp:term":[{"taxonomy":"category","embeddable":true,"href":"\/pompeufabra2026\/wp-json\/wp\/v2\/categories?post=110"},{"taxonomy":"post_tag","embeddable":true,"href":"\/pompeufabra2026\/wp-json\/wp\/v2\/tags?post=110"}],"curies":[{"name":"wp","href":"https:\/\/api.w.org\/{rel}","templated":true}]}}