{"id":113,"date":"2026-01-12T21:02:22","date_gmt":"2026-01-12T19:02:22","guid":{"rendered":"\/pompeufabra2026\/?p=113"},"modified":"2026-01-12T21:02:22","modified_gmt":"2026-01-12T19:02:22","slug":"saixeca-el-telo","status":"publish","type":"post","link":"\/pompeufabra2026\/saixeca-el-telo\/","title":{"rendered":"S&#8217;AIXECA EL TEL\u00d3"},"content":{"rendered":"\n<p class=\"wp-block-paragraph\">Sonen les campanes, fa calor, \u00e9s estiu. <\/p>\n\n\n\n<p class=\"wp-block-paragraph\">El V\u00edctor ens ha traslladat a una casa, la casa de la Bernarda Alba. Encara no sabem qui \u00e9s aquesta senyora, no la coneixem, ni a on est\u00e0 aquesta casa, per\u00f2 aviat ens adonem que pertany a una hist\u00f2ria que lliga amb el V\u00edctor i en connexi\u00f3 amb nosaltres.<\/p>\n\n\n\n<figure class=\"wp-block-image size-large\"><img loading=\"lazy\" decoding=\"async\" width=\"1024\" height=\"1024\" src=\"\/pompeufabra2026\/wp-content\/uploads\/2026\/01\/20251104_132421-1024x1024.jpg\" alt=\"\" class=\"wp-image-121\" srcset=\"\/pompeufabra2026\/wp-content\/uploads\/2026\/01\/20251104_132421-1024x1024.jpg 1024w, \/pompeufabra2026\/wp-content\/uploads\/2026\/01\/20251104_132421-300x300.jpg 300w, \/pompeufabra2026\/wp-content\/uploads\/2026\/01\/20251104_132421-150x150.jpg 150w, \/pompeufabra2026\/wp-content\/uploads\/2026\/01\/20251104_132421-768x768.jpg 768w, \/pompeufabra2026\/wp-content\/uploads\/2026\/01\/20251104_132421-1536x1536.jpg 1536w, \/pompeufabra2026\/wp-content\/uploads\/2026\/01\/20251104_132421-2048x2048.jpg 2048w, \/pompeufabra2026\/wp-content\/uploads\/2026\/01\/20251104_132421-100x100.jpg 100w\" sizes=\"auto, (max-width: 767px) 89vw, (max-width: 1000px) 54vw, (max-width: 1071px) 543px, 580px\" \/><\/figure>\n\n\n\n<p class=\"wp-block-paragraph\"><\/p>\n\n\n\n<p class=\"wp-block-paragraph\"><strong>Federico Garc\u00eda Lorca<\/strong> al juny del 1936 tenia ja un manuscrit del que seria aquesta obra teatral <strong>La casa de Bernarda Alba<\/strong>, una obra protagonitzada nom\u00e9s per dones, on el tema de la mort, la gelosia, l&#8217;enveja, els contrastos de colors, blanc de la casa, i el negre del dol s\u00f3n protagonistes; com el presagi dels foscos temps que es vivien i dels que el propi Lorca es convertiria en una v\u00edctima prematura. Pocs dies despr\u00e9s va ser assassinat, per ser poeta, per defensar la llibertat i per ser homosexual.<\/p>\n\n\n\n<p class=\"wp-block-paragraph\">El V\u00edctor ens fa la proposta de que escoltem un v\u00eddeo resum de l&#8217;obra de Lorca per fer-nos una primera idea del que partir\u00e0 una possible proposta art\u00edstica.<\/p>\n","protected":false},"excerpt":{"rendered":"<p>Sonen les campanes, fa calor, \u00e9s estiu. El V\u00edctor ens ha traslladat a una casa, la casa de la Bernarda Alba. Encara no sabem qui \u00e9s aquesta senyora, no la coneixem, ni a on est\u00e0 aquesta casa, per\u00f2 aviat ens adonem que pertany a una hist\u00f2ria que lliga amb el V\u00edctor i en connexi\u00f3 amb &hellip; <\/p>\n<p class=\"link-more\"><a href=\"\/pompeufabra2026\/saixeca-el-telo\/\" class=\"more-link\">Continua llegint <span class=\"screen-reader-text\">\u00abS&#8217;AIXECA EL TEL\u00d3\u00bb<\/span><\/a><\/p>\n","protected":false},"author":5,"featured_media":0,"comment_status":"closed","ping_status":"","sticky":false,"template":"","format":"standard","meta":{"footnotes":""},"categories":[1],"tags":[],"class_list":["post-113","post","type-post","status-publish","format-standard","hentry","category-general"],"_links":{"self":[{"href":"\/pompeufabra2026\/wp-json\/wp\/v2\/posts\/113","targetHints":{"allow":["GET"]}}],"collection":[{"href":"\/pompeufabra2026\/wp-json\/wp\/v2\/posts"}],"about":[{"href":"\/pompeufabra2026\/wp-json\/wp\/v2\/types\/post"}],"author":[{"embeddable":true,"href":"\/pompeufabra2026\/wp-json\/wp\/v2\/users\/5"}],"replies":[{"embeddable":true,"href":"\/pompeufabra2026\/wp-json\/wp\/v2\/comments?post=113"}],"version-history":[{"count":5,"href":"\/pompeufabra2026\/wp-json\/wp\/v2\/posts\/113\/revisions"}],"predecessor-version":[{"id":122,"href":"\/pompeufabra2026\/wp-json\/wp\/v2\/posts\/113\/revisions\/122"}],"wp:attachment":[{"href":"\/pompeufabra2026\/wp-json\/wp\/v2\/media?parent=113"}],"wp:term":[{"taxonomy":"category","embeddable":true,"href":"\/pompeufabra2026\/wp-json\/wp\/v2\/categories?post=113"},{"taxonomy":"post_tag","embeddable":true,"href":"\/pompeufabra2026\/wp-json\/wp\/v2\/tags?post=113"}],"curies":[{"name":"wp","href":"https:\/\/api.w.org\/{rel}","templated":true}]}}