{"id":123,"date":"2026-01-13T08:22:00","date_gmt":"2026-01-13T06:22:00","guid":{"rendered":"\/pompeufabra2026\/?p=123"},"modified":"2026-02-02T17:06:18","modified_gmt":"2026-02-02T15:06:18","slug":"la-montserrat-crida","status":"publish","type":"post","link":"\/pompeufabra2026\/la-montserrat-crida\/","title":{"rendered":"LA MONTSERRAT CRIDA"},"content":{"rendered":"\n<div class=\"wp-block-columns is-layout-flex wp-container-core-columns-is-layout-8f761849 wp-block-columns-is-layout-flex\">\n<div class=\"wp-block-column is-layout-flow wp-block-column-is-layout-flow\">\n<figure class=\"wp-block-image size-full\"><img loading=\"lazy\" decoding=\"async\" width=\"183\" height=\"366\" src=\"\/pompeufabra2026\/wp-content\/uploads\/2026\/01\/Captura-de-pantalla-2026-01-12-201220-1.png\" alt=\"\" class=\"wp-image-126\" srcset=\"\/pompeufabra2026\/wp-content\/uploads\/2026\/01\/Captura-de-pantalla-2026-01-12-201220-1.png 183w, \/pompeufabra2026\/wp-content\/uploads\/2026\/01\/Captura-de-pantalla-2026-01-12-201220-1-150x300.png 150w\" sizes=\"auto, (max-width: 183px) 100vw, 183px\" \/><\/figure>\n<\/div>\n\n\n\n<div class=\"wp-block-column is-layout-flow wp-block-column-is-layout-flow\">\n<figure class=\"wp-block-image size-large\"><img loading=\"lazy\" decoding=\"async\" width=\"753\" height=\"1024\" src=\"\/pompeufabra2026\/wp-content\/uploads\/2026\/01\/20260112_195931-1-753x1024.jpg\" alt=\"\" class=\"wp-image-127\" srcset=\"\/pompeufabra2026\/wp-content\/uploads\/2026\/01\/20260112_195931-1-753x1024.jpg 753w, \/pompeufabra2026\/wp-content\/uploads\/2026\/01\/20260112_195931-1-221x300.jpg 221w, \/pompeufabra2026\/wp-content\/uploads\/2026\/01\/20260112_195931-1-768x1044.jpg 768w, \/pompeufabra2026\/wp-content\/uploads\/2026\/01\/20260112_195931-1-1130x1536.jpg 1130w, \/pompeufabra2026\/wp-content\/uploads\/2026\/01\/20260112_195931-1-1507x2048.jpg 1507w, \/pompeufabra2026\/wp-content\/uploads\/2026\/01\/20260112_195931-1-scaled.jpg 1884w\" sizes=\"auto, (max-width: 706px) 89vw, (max-width: 767px) 82vw, 740px\" \/><\/figure>\n<\/div>\n\n\n\n<div class=\"wp-block-column is-layout-flow wp-block-column-is-layout-flow\">\n<figure class=\"wp-block-image size-large\"><img loading=\"lazy\" decoding=\"async\" width=\"1024\" height=\"1024\" src=\"\/pompeufabra2026\/wp-content\/uploads\/2026\/01\/20251104_125144-1024x1024.jpg\" alt=\"\" class=\"wp-image-128\" srcset=\"\/pompeufabra2026\/wp-content\/uploads\/2026\/01\/20251104_125144-1024x1024.jpg 1024w, \/pompeufabra2026\/wp-content\/uploads\/2026\/01\/20251104_125144-300x300.jpg 300w, \/pompeufabra2026\/wp-content\/uploads\/2026\/01\/20251104_125144-150x150.jpg 150w, \/pompeufabra2026\/wp-content\/uploads\/2026\/01\/20251104_125144-768x768.jpg 768w, \/pompeufabra2026\/wp-content\/uploads\/2026\/01\/20251104_125144-1536x1536.jpg 1536w, \/pompeufabra2026\/wp-content\/uploads\/2026\/01\/20251104_125144-2048x2048.jpg 2048w, \/pompeufabra2026\/wp-content\/uploads\/2026\/01\/20251104_125144-100x100.jpg 100w\" sizes=\"auto, (max-width: 767px) 89vw, (max-width: 1000px) 54vw, (max-width: 1071px) 543px, 580px\" \/><\/figure>\n<\/div>\n<\/div>\n\n\n\n<p class=\"wp-block-paragraph\">El V\u00edctor ens ha portat un llibre de <strong>La casa de Bernarda Alba<\/strong> per poder compartir-lo entre l&#8217;alumnat, cada dia se l&#8217;emportar\u00e0 un d&#8217;ells\/es, per\u00f2 \u00abno el podr\u00e0 llegir\u00bb&#8230;<\/p>\n\n\n\n<p class=\"wp-block-paragraph\">La portada \u00e9s molt expressiva, una dona crida, \u00e9s la Montserrat, obra de l&#8217;escultor Julio Gonz\u00e1lez, que va fer una s\u00e8rie de \u00abCabezas de dolor\u00bb, forjats de xapa de metall que oferien una duresa profunda que ens porta a sentir els moments de la Guerra Civil Espanyola. Amb aquesta imatge a la portada ens podem posar en el paper dels i les protagonistes en aquells moments, entre ells l&#8217;autor, Federico.<\/p>\n\n\n\n<p class=\"wp-block-paragraph\"><\/p>\n","protected":false},"excerpt":{"rendered":"<p>El V\u00edctor ens ha portat un llibre de La casa de Bernarda Alba per poder compartir-lo entre l&#8217;alumnat, cada dia se l&#8217;emportar\u00e0 un d&#8217;ells\/es, per\u00f2 \u00abno el podr\u00e0 llegir\u00bb&#8230; La portada \u00e9s molt expressiva, una dona crida, \u00e9s la Montserrat, obra de l&#8217;escultor Julio Gonz\u00e1lez, que va fer una s\u00e8rie de \u00abCabezas de dolor\u00bb, forjats &hellip; <\/p>\n<p class=\"link-more\"><a href=\"\/pompeufabra2026\/la-montserrat-crida\/\" class=\"more-link\">Continua llegint <span class=\"screen-reader-text\">\u00abLA MONTSERRAT CRIDA\u00bb<\/span><\/a><\/p>\n","protected":false},"author":5,"featured_media":116,"comment_status":"closed","ping_status":"","sticky":false,"template":"","format":"standard","meta":{"footnotes":""},"categories":[1],"tags":[],"class_list":["post-123","post","type-post","status-publish","format-standard","has-post-thumbnail","hentry","category-general"],"_links":{"self":[{"href":"\/pompeufabra2026\/wp-json\/wp\/v2\/posts\/123","targetHints":{"allow":["GET"]}}],"collection":[{"href":"\/pompeufabra2026\/wp-json\/wp\/v2\/posts"}],"about":[{"href":"\/pompeufabra2026\/wp-json\/wp\/v2\/types\/post"}],"author":[{"embeddable":true,"href":"\/pompeufabra2026\/wp-json\/wp\/v2\/users\/5"}],"replies":[{"embeddable":true,"href":"\/pompeufabra2026\/wp-json\/wp\/v2\/comments?post=123"}],"version-history":[{"count":3,"href":"\/pompeufabra2026\/wp-json\/wp\/v2\/posts\/123\/revisions"}],"predecessor-version":[{"id":206,"href":"\/pompeufabra2026\/wp-json\/wp\/v2\/posts\/123\/revisions\/206"}],"wp:featuredmedia":[{"embeddable":true,"href":"\/pompeufabra2026\/wp-json\/wp\/v2\/media\/116"}],"wp:attachment":[{"href":"\/pompeufabra2026\/wp-json\/wp\/v2\/media?parent=123"}],"wp:term":[{"taxonomy":"category","embeddable":true,"href":"\/pompeufabra2026\/wp-json\/wp\/v2\/categories?post=123"},{"taxonomy":"post_tag","embeddable":true,"href":"\/pompeufabra2026\/wp-json\/wp\/v2\/tags?post=123"}],"curies":[{"name":"wp","href":"https:\/\/api.w.org\/{rel}","templated":true}]}}