{"id":225,"date":"2026-03-16T19:35:18","date_gmt":"2026-03-16T17:35:18","guid":{"rendered":"\/pompeufabra2026\/?p=225"},"modified":"2026-03-17T15:45:50","modified_gmt":"2026-03-17T13:45:50","slug":"meeting-point-arcomadrid-2026","status":"publish","type":"post","link":"\/pompeufabra2026\/meeting-point-arcomadrid-2026\/","title":{"rendered":"MEETING POINT : ARCOmadrid 2026"},"content":{"rendered":"\n<figure class=\"wp-block-image size-large is-resized\"><img loading=\"lazy\" decoding=\"async\" width=\"633\" height=\"1024\" src=\"\/pompeufabra2026\/wp-content\/uploads\/2026\/03\/Screenshot_20260223_181022_Instagram-633x1024.jpg\" alt=\"\" class=\"wp-image-257\" style=\"aspect-ratio:0.6181716915590602;width:665px;height:auto\" srcset=\"\/pompeufabra2026\/wp-content\/uploads\/2026\/03\/Screenshot_20260223_181022_Instagram-633x1024.jpg 633w, \/pompeufabra2026\/wp-content\/uploads\/2026\/03\/Screenshot_20260223_181022_Instagram-185x300.jpg 185w, \/pompeufabra2026\/wp-content\/uploads\/2026\/03\/Screenshot_20260223_181022_Instagram-768x1242.jpg 768w, \/pompeufabra2026\/wp-content\/uploads\/2026\/03\/Screenshot_20260223_181022_Instagram-950x1536.jpg 950w, \/pompeufabra2026\/wp-content\/uploads\/2026\/03\/Screenshot_20260223_181022_Instagram.jpg 1080w\" sizes=\"auto, (max-width: 633px) 100vw, 633px\" \/><\/figure>\n\n\n\n<p class=\"wp-block-paragraph\">Del 4 al 8 de mar\u00e7 s&#8217;ha celebrat la 45\u00aa edici\u00f3 de la Feria Internacional de Arte Contempor\u00e1neo (ARCO) a Madrid.<\/p>\n\n\n\n<p class=\"wp-block-paragraph\">Com no podia ser d&#8217;una altra manera, en V\u00edctor ens comunica que la pr\u00f2xima sessi\u00f3 no hi ser\u00e0 perqu\u00e8 aquest any estar\u00e0 present a la fira a la secci\u00f3 <strong>Opening. Nuevas Galer\u00edas<\/strong>, un espai de lectura del present art\u00edstic contemporani, que reuneix a 19 galeries joves.<\/p>\n\n\n\n<p class=\"wp-block-paragraph\">En el seu cas,  SPIRITVESSEL(<a href=\"https:\/\/www.instagram.com\/spiritvesselespinavessa\/\">https:\/\/www.instagram.com\/spiritvesselespinavessa\/<\/a>) ha estat la galeria que comissariada per Andrew Birk i Sira Plaza ha mostrat el treball del nostre artista EN RESID\u00c8NCIA, <strong>V\u00edctor Jaenada.<\/strong><\/p>\n\n\n\n<figure class=\"wp-block-image size-large\"><img loading=\"lazy\" decoding=\"async\" width=\"1024\" height=\"583\" src=\"\/pompeufabra2026\/wp-content\/uploads\/2026\/03\/Screenshot_20260307_121851_Instagram-1024x583.jpg\" alt=\"\" class=\"wp-image-258\" srcset=\"\/pompeufabra2026\/wp-content\/uploads\/2026\/03\/Screenshot_20260307_121851_Instagram-1024x583.jpg 1024w, \/pompeufabra2026\/wp-content\/uploads\/2026\/03\/Screenshot_20260307_121851_Instagram-300x171.jpg 300w, \/pompeufabra2026\/wp-content\/uploads\/2026\/03\/Screenshot_20260307_121851_Instagram-768x437.jpg 768w, \/pompeufabra2026\/wp-content\/uploads\/2026\/03\/Screenshot_20260307_121851_Instagram-1536x874.jpg 1536w, \/pompeufabra2026\/wp-content\/uploads\/2026\/03\/Screenshot_20260307_121851_Instagram-rotated.jpg 1897w\" sizes=\"auto, (max-width: 767px) 89vw, (max-width: 1000px) 54vw, (max-width: 1071px) 543px, 580px\" \/><\/figure>\n\n\n\n<p class=\"wp-block-paragraph\">No ens hem pogut traslladar a la fira amb el V\u00edctor, per\u00f2 si hem estat seguint tot el que passava minut a minut&#8230;<\/p>\n\n\n\n<div class=\"wp-block-columns is-layout-flex wp-container-core-columns-is-layout-8f761849 wp-block-columns-is-layout-flex\">\n<div class=\"wp-block-column is-layout-flow wp-block-column-is-layout-flow\">\n<figure class=\"wp-block-image size-large\"><img loading=\"lazy\" decoding=\"async\" width=\"783\" height=\"1024\" src=\"\/pompeufabra2026\/wp-content\/uploads\/2026\/03\/Screenshot_20260304_090942_Instagram-783x1024.jpg\" alt=\"\" class=\"wp-image-259\" srcset=\"\/pompeufabra2026\/wp-content\/uploads\/2026\/03\/Screenshot_20260304_090942_Instagram-783x1024.jpg 783w, \/pompeufabra2026\/wp-content\/uploads\/2026\/03\/Screenshot_20260304_090942_Instagram-229x300.jpg 229w, \/pompeufabra2026\/wp-content\/uploads\/2026\/03\/Screenshot_20260304_090942_Instagram-768x1004.jpg 768w, \/pompeufabra2026\/wp-content\/uploads\/2026\/03\/Screenshot_20260304_090942_Instagram.jpg 1080w\" sizes=\"auto, (max-width: 767px) 89vw, (max-width: 1000px) 54vw, (max-width: 1071px) 543px, 580px\" \/><\/figure>\n<\/div>\n\n\n\n<div class=\"wp-block-column is-layout-flow wp-block-column-is-layout-flow\">\n<figure class=\"wp-block-image size-large\"><img loading=\"lazy\" decoding=\"async\" width=\"588\" height=\"1024\" src=\"\/pompeufabra2026\/wp-content\/uploads\/2026\/03\/Screenshot_20260304_091144_Instagram-588x1024.jpg\" alt=\"\" class=\"wp-image-260\" srcset=\"\/pompeufabra2026\/wp-content\/uploads\/2026\/03\/Screenshot_20260304_091144_Instagram-588x1024.jpg 588w, \/pompeufabra2026\/wp-content\/uploads\/2026\/03\/Screenshot_20260304_091144_Instagram-172x300.jpg 172w, \/pompeufabra2026\/wp-content\/uploads\/2026\/03\/Screenshot_20260304_091144_Instagram-768x1338.jpg 768w, \/pompeufabra2026\/wp-content\/uploads\/2026\/03\/Screenshot_20260304_091144_Instagram-881x1536.jpg 881w, \/pompeufabra2026\/wp-content\/uploads\/2026\/03\/Screenshot_20260304_091144_Instagram.jpg 1080w\" sizes=\"auto, (max-width: 588px) 100vw, 588px\" \/><\/figure>\n<\/div>\n\n\n\n<div class=\"wp-block-column is-layout-flow wp-block-column-is-layout-flow\">\n<figure class=\"wp-block-image size-large\"><img loading=\"lazy\" decoding=\"async\" width=\"631\" height=\"1024\" src=\"\/pompeufabra2026\/wp-content\/uploads\/2026\/03\/Screenshot_20260306_154905_Instagram-631x1024.jpg\" alt=\"\" class=\"wp-image-261\" srcset=\"\/pompeufabra2026\/wp-content\/uploads\/2026\/03\/Screenshot_20260306_154905_Instagram-631x1024.jpg 631w, \/pompeufabra2026\/wp-content\/uploads\/2026\/03\/Screenshot_20260306_154905_Instagram-185x300.jpg 185w, \/pompeufabra2026\/wp-content\/uploads\/2026\/03\/Screenshot_20260306_154905_Instagram-768x1247.jpg 768w, \/pompeufabra2026\/wp-content\/uploads\/2026\/03\/Screenshot_20260306_154905_Instagram-946x1536.jpg 946w, \/pompeufabra2026\/wp-content\/uploads\/2026\/03\/Screenshot_20260306_154905_Instagram.jpg 1080w\" sizes=\"auto, (max-width: 631px) 100vw, 631px\" \/><\/figure>\n<\/div>\n<\/div>\n\n\n\n<p class=\"wp-block-paragraph\">I des d&#8217;aquesta plataforma volem felicitar al V\u00edctor per la seva projecci\u00f3 art\u00edstica, fins i tot a la r\u00e0dio i la TV, i a la galeria SPIRITVESSEL, per la seva menci\u00f3 especial en els premis <strong>Opening. Nuevas<\/strong> <strong>Galer\u00edas<\/strong> amb el projecte del V\u00edctor.<\/p>\n\n\n\n<div class=\"wp-block-columns is-layout-flex wp-container-core-columns-is-layout-8f761849 wp-block-columns-is-layout-flex\">\n<div class=\"wp-block-column is-layout-flow wp-block-column-is-layout-flow\">\n<figure class=\"wp-block-image size-large\"><img loading=\"lazy\" decoding=\"async\" width=\"648\" height=\"1024\" src=\"\/pompeufabra2026\/wp-content\/uploads\/2026\/03\/Screenshot_20260307_121833_Instagram-1-648x1024.jpg\" alt=\"\" class=\"wp-image-265\" srcset=\"\/pompeufabra2026\/wp-content\/uploads\/2026\/03\/Screenshot_20260307_121833_Instagram-1-648x1024.jpg 648w, \/pompeufabra2026\/wp-content\/uploads\/2026\/03\/Screenshot_20260307_121833_Instagram-1-190x300.jpg 190w, \/pompeufabra2026\/wp-content\/uploads\/2026\/03\/Screenshot_20260307_121833_Instagram-1-768x1214.jpg 768w, \/pompeufabra2026\/wp-content\/uploads\/2026\/03\/Screenshot_20260307_121833_Instagram-1-972x1536.jpg 972w, \/pompeufabra2026\/wp-content\/uploads\/2026\/03\/Screenshot_20260307_121833_Instagram-1.jpg 1080w\" sizes=\"auto, (max-width: 648px) 100vw, 648px\" \/><\/figure>\n<\/div>\n\n\n\n<div class=\"wp-block-column is-layout-flow wp-block-column-is-layout-flow\">\n<figure class=\"wp-block-image size-large\"><img loading=\"lazy\" decoding=\"async\" width=\"637\" height=\"1024\" src=\"\/pompeufabra2026\/wp-content\/uploads\/2026\/03\/Screenshot_20260305_175820_Instagram-1-637x1024.jpg\" alt=\"\" class=\"wp-image-264\" srcset=\"\/pompeufabra2026\/wp-content\/uploads\/2026\/03\/Screenshot_20260305_175820_Instagram-1-637x1024.jpg 637w, \/pompeufabra2026\/wp-content\/uploads\/2026\/03\/Screenshot_20260305_175820_Instagram-1-187x300.jpg 187w, \/pompeufabra2026\/wp-content\/uploads\/2026\/03\/Screenshot_20260305_175820_Instagram-1-768x1235.jpg 768w, \/pompeufabra2026\/wp-content\/uploads\/2026\/03\/Screenshot_20260305_175820_Instagram-1-955x1536.jpg 955w, \/pompeufabra2026\/wp-content\/uploads\/2026\/03\/Screenshot_20260305_175820_Instagram-1.jpg 1080w\" sizes=\"auto, (max-width: 637px) 100vw, 637px\" \/><\/figure>\n<\/div>\n<\/div>\n\n\n\n<p class=\"wp-block-paragraph\"><a href=\"https:\/\/www.rtve.es\/play\/audios\/generacion-ya\/arco-madrid-06-03-26\/16969339\">https:\/\/www.rtve.es\/play\/audios\/generacion-ya\/arco-madrid-06-03-26\/16969339<\/a><\/p>\n\n\n\n<p class=\"wp-block-paragraph\"><a href=\"https:\/\/www.rtve.es\/play\/audios\/zona-extra\/zona-extra-arcomadrid-2026-opening-nuevas-galerias-05-03-2026\/16968195\">https:\/\/www.rtve.es\/play\/audios\/zona-extra\/zona-extra-arcomadrid-2026-opening-nuevas-galerias-05-03-2026\/16968195<\/a><\/p>\n\n\n\n<div class=\"wp-block-columns is-layout-flex wp-container-core-columns-is-layout-8f761849 wp-block-columns-is-layout-flex\">\n<div class=\"wp-block-column is-layout-flow wp-block-column-is-layout-flow\">\n<figure class=\"wp-block-image size-large\"><img loading=\"lazy\" decoding=\"async\" width=\"631\" height=\"1024\" src=\"\/pompeufabra2026\/wp-content\/uploads\/2026\/03\/Screenshot_20260303_150006_Instagram-631x1024.jpg\" alt=\"\" class=\"wp-image-266\" srcset=\"\/pompeufabra2026\/wp-content\/uploads\/2026\/03\/Screenshot_20260303_150006_Instagram-631x1024.jpg 631w, \/pompeufabra2026\/wp-content\/uploads\/2026\/03\/Screenshot_20260303_150006_Instagram-185x300.jpg 185w, \/pompeufabra2026\/wp-content\/uploads\/2026\/03\/Screenshot_20260303_150006_Instagram-768x1246.jpg 768w, \/pompeufabra2026\/wp-content\/uploads\/2026\/03\/Screenshot_20260303_150006_Instagram-947x1536.jpg 947w, \/pompeufabra2026\/wp-content\/uploads\/2026\/03\/Screenshot_20260303_150006_Instagram.jpg 1080w\" sizes=\"auto, (max-width: 631px) 100vw, 631px\" \/><\/figure>\n<\/div>\n\n\n\n<div class=\"wp-block-column is-layout-flow wp-block-column-is-layout-flow\">\n<figure class=\"wp-block-image size-large\"><img loading=\"lazy\" decoding=\"async\" width=\"783\" height=\"1024\" src=\"\/pompeufabra2026\/wp-content\/uploads\/2026\/03\/Screenshot_20260304_090942_Instagram-1-783x1024.jpg\" alt=\"\" class=\"wp-image-267\" srcset=\"\/pompeufabra2026\/wp-content\/uploads\/2026\/03\/Screenshot_20260304_090942_Instagram-1-783x1024.jpg 783w, \/pompeufabra2026\/wp-content\/uploads\/2026\/03\/Screenshot_20260304_090942_Instagram-1-229x300.jpg 229w, \/pompeufabra2026\/wp-content\/uploads\/2026\/03\/Screenshot_20260304_090942_Instagram-1-768x1004.jpg 768w, \/pompeufabra2026\/wp-content\/uploads\/2026\/03\/Screenshot_20260304_090942_Instagram-1.jpg 1080w\" sizes=\"auto, (max-width: 767px) 89vw, (max-width: 1000px) 54vw, (max-width: 1071px) 543px, 580px\" \/><\/figure>\n<\/div>\n<\/div>\n\n\n\n<p class=\"wp-block-paragraph\">I nosaltres molt, i molt agra\u00efts\/des perqu\u00e8 el V\u00edctor ens port\u00e9s a classe una de les obres m\u00e9s especials abans de marxar cap a Madrid, el que seria la MESA DE BERNARDA ALBA, germana a una de les que estava exposada a ARCO.<\/p>\n\n\n\n<figure class=\"wp-block-video\"><video height=\"1080\" style=\"aspect-ratio: 1920 \/ 1080;\" width=\"1920\" controls src=\"\/pompeufabra2026\/wp-content\/uploads\/2026\/03\/20260224_115724.mp4\"><\/video><\/figure>\n\n\n\n<figure class=\"wp-block-image size-large\"><img loading=\"lazy\" decoding=\"async\" width=\"1024\" height=\"1024\" src=\"\/pompeufabra2026\/wp-content\/uploads\/2026\/03\/20260224_114002-1024x1024.jpg\" alt=\"\" class=\"wp-image-269\" srcset=\"\/pompeufabra2026\/wp-content\/uploads\/2026\/03\/20260224_114002-1024x1024.jpg 1024w, \/pompeufabra2026\/wp-content\/uploads\/2026\/03\/20260224_114002-300x300.jpg 300w, \/pompeufabra2026\/wp-content\/uploads\/2026\/03\/20260224_114002-150x150.jpg 150w, \/pompeufabra2026\/wp-content\/uploads\/2026\/03\/20260224_114002-768x768.jpg 768w, \/pompeufabra2026\/wp-content\/uploads\/2026\/03\/20260224_114002-1536x1536.jpg 1536w, \/pompeufabra2026\/wp-content\/uploads\/2026\/03\/20260224_114002-2048x2048.jpg 2048w, \/pompeufabra2026\/wp-content\/uploads\/2026\/03\/20260224_114002-100x100.jpg 100w\" sizes=\"auto, (max-width: 767px) 89vw, (max-width: 1000px) 54vw, (max-width: 1071px) 543px, 580px\" \/><\/figure>\n","protected":false},"excerpt":{"rendered":"<p>Del 4 al 8 de mar\u00e7 s&#8217;ha celebrat la 45\u00aa edici\u00f3 de la Feria Internacional de Arte Contempor\u00e1neo (ARCO) a Madrid. Com no podia ser d&#8217;una altra manera, en V\u00edctor ens comunica que la pr\u00f2xima sessi\u00f3 no hi ser\u00e0 perqu\u00e8 aquest any estar\u00e0 present a la fira a la secci\u00f3 Opening. Nuevas Galer\u00edas, un espai &hellip; <\/p>\n<p class=\"link-more\"><a href=\"\/pompeufabra2026\/meeting-point-arcomadrid-2026\/\" class=\"more-link\">Continua llegint <span class=\"screen-reader-text\">\u00abMEETING POINT : ARCOmadrid 2026\u00bb<\/span><\/a><\/p>\n","protected":false},"author":5,"featured_media":270,"comment_status":"closed","ping_status":"","sticky":false,"template":"","format":"standard","meta":{"footnotes":""},"categories":[1],"tags":[],"class_list":["post-225","post","type-post","status-publish","format-standard","has-post-thumbnail","hentry","category-general"],"_links":{"self":[{"href":"\/pompeufabra2026\/wp-json\/wp\/v2\/posts\/225","targetHints":{"allow":["GET"]}}],"collection":[{"href":"\/pompeufabra2026\/wp-json\/wp\/v2\/posts"}],"about":[{"href":"\/pompeufabra2026\/wp-json\/wp\/v2\/types\/post"}],"author":[{"embeddable":true,"href":"\/pompeufabra2026\/wp-json\/wp\/v2\/users\/5"}],"replies":[{"embeddable":true,"href":"\/pompeufabra2026\/wp-json\/wp\/v2\/comments?post=225"}],"version-history":[{"count":4,"href":"\/pompeufabra2026\/wp-json\/wp\/v2\/posts\/225\/revisions"}],"predecessor-version":[{"id":273,"href":"\/pompeufabra2026\/wp-json\/wp\/v2\/posts\/225\/revisions\/273"}],"wp:featuredmedia":[{"embeddable":true,"href":"\/pompeufabra2026\/wp-json\/wp\/v2\/media\/270"}],"wp:attachment":[{"href":"\/pompeufabra2026\/wp-json\/wp\/v2\/media?parent=225"}],"wp:term":[{"taxonomy":"category","embeddable":true,"href":"\/pompeufabra2026\/wp-json\/wp\/v2\/categories?post=225"},{"taxonomy":"post_tag","embeddable":true,"href":"\/pompeufabra2026\/wp-json\/wp\/v2\/tags?post=225"}],"curies":[{"name":"wp","href":"https:\/\/api.w.org\/{rel}","templated":true}]}}