{"id":246,"date":"2026-03-02T17:39:01","date_gmt":"2026-03-02T15:39:01","guid":{"rendered":"\/pompeufabra2026\/?p=246"},"modified":"2026-03-02T17:39:01","modified_gmt":"2026-03-02T15:39:01","slug":"sessio-oberta-24-02-26","status":"publish","type":"post","link":"\/pompeufabra2026\/sessio-oberta-24-02-26\/","title":{"rendered":"SESSI\u00d3 OBERTA 24\/02\/26"},"content":{"rendered":"\n<p class=\"wp-block-paragraph\">El 24\/02\/26 vam fer la \u00abSessi\u00f3 Oberta\u00bb del projecte <strong>En Resid\u00e8ncia<\/strong> davant del professorat del grup, de l\u2019artista que participa en el proc\u00e9s creatiu, V\u00edctor Jaenada, la directora del centre Gemma Alsina i de diferents personalitats: la Cap del Servei d&#8217;Educaci\u00f3 de l&#8217;Ajuntament de Badalona, Pilar Rela\u00f1o, la t\u00e8cnica del Servei, Eva Palma, membres d&#8217;EART, Francesca i Mariana, la Marta Giralt, gestora de Projectes d&#8217;\u00c0mbit Social del Consorci del Bes\u00f2s, i la Mamen Zaera del CRP Badalona.<\/p>\n\n\n\n<p class=\"wp-block-paragraph\">Per a aquesta ocasi\u00f3, l\u2019alumnat va preparar un programa de televisi\u00f3 en qu\u00e8 presentaven l\u2019obra <em><strong>La casa de Bernarda Alba<\/strong><\/em>, que \u00e9s la pe\u00e7a que representaran pr\u00f2ximament en una versi\u00f3 adaptada.<\/p>\n\n\n\n<figure class=\"wp-block-image size-large\"><img loading=\"lazy\" decoding=\"async\" width=\"1024\" height=\"768\" src=\"\/pompeufabra2026\/wp-content\/uploads\/2026\/02\/WhatsApp-Image-2026-02-24-at-22.34.35-1024x768.jpeg\" alt=\"\" class=\"wp-image-249\" srcset=\"\/pompeufabra2026\/wp-content\/uploads\/2026\/02\/WhatsApp-Image-2026-02-24-at-22.34.35-1024x768.jpeg 1024w, \/pompeufabra2026\/wp-content\/uploads\/2026\/02\/WhatsApp-Image-2026-02-24-at-22.34.35-300x225.jpeg 300w, \/pompeufabra2026\/wp-content\/uploads\/2026\/02\/WhatsApp-Image-2026-02-24-at-22.34.35-768x576.jpeg 768w, \/pompeufabra2026\/wp-content\/uploads\/2026\/02\/WhatsApp-Image-2026-02-24-at-22.34.35-1536x1152.jpeg 1536w, \/pompeufabra2026\/wp-content\/uploads\/2026\/02\/WhatsApp-Image-2026-02-24-at-22.34.35.jpeg 2048w\" sizes=\"auto, (max-width: 767px) 89vw, (max-width: 1000px) 54vw, (max-width: 1071px) 543px, 580px\" \/><\/figure>\n\n\n\n<p class=\"wp-block-paragraph\">Durant el programa, cada personatge apareixia amb un objecte simb\u00f2lic que el representava i explicava algun aspecte clau del seu paper, tot dient tamb\u00e9 una frase important relacionada amb el personatge. Aquesta presentaci\u00f3 va servir com a tastet del que ser\u00e0 l\u2019obra final, mostrant part del treball esc\u00e8nic i interpretatiu que estan desenvolupant.<\/p>\n\n\n\n<figure class=\"wp-block-image size-large\"><img loading=\"lazy\" decoding=\"async\" width=\"1024\" height=\"768\" src=\"\/pompeufabra2026\/wp-content\/uploads\/2026\/02\/WhatsApp-Image-2026-02-24-at-22.33.34-1024x768.jpeg\" alt=\"\" class=\"wp-image-248\" srcset=\"\/pompeufabra2026\/wp-content\/uploads\/2026\/02\/WhatsApp-Image-2026-02-24-at-22.33.34-1024x768.jpeg 1024w, \/pompeufabra2026\/wp-content\/uploads\/2026\/02\/WhatsApp-Image-2026-02-24-at-22.33.34-300x225.jpeg 300w, \/pompeufabra2026\/wp-content\/uploads\/2026\/02\/WhatsApp-Image-2026-02-24-at-22.33.34-768x576.jpeg 768w, \/pompeufabra2026\/wp-content\/uploads\/2026\/02\/WhatsApp-Image-2026-02-24-at-22.33.34-1536x1152.jpeg 1536w, \/pompeufabra2026\/wp-content\/uploads\/2026\/02\/WhatsApp-Image-2026-02-24-at-22.33.34.jpeg 2048w\" sizes=\"auto, (max-width: 767px) 89vw, (max-width: 1000px) 54vw, (max-width: 1071px) 543px, 580px\" \/><\/figure>\n\n\n\n<p class=\"wp-block-paragraph\">L\u2019actuaci\u00f3 va comen\u00e7ar amb una can\u00e7\u00f3 flamenca escrita per Lorca i interpretada per Camar\u00f3n de la Isla. <em>Nana del Caballo<\/em>, va ajudar a crear l\u2019ambient tr\u00e0gic des del primer moment de la presentaci\u00f3. Fins i tot hi va apar\u00e8ixer el mateix Federico Garc\u00eda Lorca \u2014interpretat per un alumne\u2014, aportant un toc creatiu i sorprenent a la presentaci\u00f3.<\/p>\n\n\n\n<figure class=\"wp-block-video\"><video height=\"480\" style=\"aspect-ratio: 848 \/ 480;\" width=\"848\" controls src=\"\/pompeufabra2026\/wp-content\/uploads\/2026\/02\/WhatsApp-Video-2026-02-25-at-07.58.15.mp4\"><\/video><\/figure>\n\n\n\n<p class=\"wp-block-paragraph\"><\/p>\n","protected":false},"excerpt":{"rendered":"<p>El 24\/02\/26 vam fer la \u00abSessi\u00f3 Oberta\u00bb del projecte En Resid\u00e8ncia davant del professorat del grup, de l\u2019artista que participa en el proc\u00e9s creatiu, V\u00edctor Jaenada, la directora del centre Gemma Alsina i de diferents personalitats: la Cap del Servei d&#8217;Educaci\u00f3 de l&#8217;Ajuntament de Badalona, Pilar Rela\u00f1o, la t\u00e8cnica del Servei, Eva Palma, membres d&#8217;EART, &hellip; <\/p>\n<p class=\"link-more\"><a href=\"\/pompeufabra2026\/sessio-oberta-24-02-26\/\" class=\"more-link\">Continua llegint <span class=\"screen-reader-text\">\u00abSESSI\u00d3 OBERTA 24\/02\/26\u00bb<\/span><\/a><\/p>\n","protected":false},"author":6,"featured_media":0,"comment_status":"closed","ping_status":"","sticky":false,"template":"","format":"standard","meta":{"footnotes":""},"categories":[1],"tags":[],"class_list":["post-246","post","type-post","status-publish","format-standard","hentry","category-general"],"_links":{"self":[{"href":"\/pompeufabra2026\/wp-json\/wp\/v2\/posts\/246","targetHints":{"allow":["GET"]}}],"collection":[{"href":"\/pompeufabra2026\/wp-json\/wp\/v2\/posts"}],"about":[{"href":"\/pompeufabra2026\/wp-json\/wp\/v2\/types\/post"}],"author":[{"embeddable":true,"href":"\/pompeufabra2026\/wp-json\/wp\/v2\/users\/6"}],"replies":[{"embeddable":true,"href":"\/pompeufabra2026\/wp-json\/wp\/v2\/comments?post=246"}],"version-history":[{"count":4,"href":"\/pompeufabra2026\/wp-json\/wp\/v2\/posts\/246\/revisions"}],"predecessor-version":[{"id":255,"href":"\/pompeufabra2026\/wp-json\/wp\/v2\/posts\/246\/revisions\/255"}],"wp:attachment":[{"href":"\/pompeufabra2026\/wp-json\/wp\/v2\/media?parent=246"}],"wp:term":[{"taxonomy":"category","embeddable":true,"href":"\/pompeufabra2026\/wp-json\/wp\/v2\/categories?post=246"},{"taxonomy":"post_tag","embeddable":true,"href":"\/pompeufabra2026\/wp-json\/wp\/v2\/tags?post=246"}],"curies":[{"name":"wp","href":"https:\/\/api.w.org\/{rel}","templated":true}]}}